{"id":15538,"date":"2015-07-14T02:16:59","date_gmt":"2015-07-13T23:16:59","guid":{"rendered":"http:\/\/www.bghaber.org\/bghaber\/?p=15538"},"modified":"2015-07-14T02:38:56","modified_gmt":"2015-07-13T23:38:56","slug":"15538","status":"publish","type":"post","link":"https:\/\/www.bghaber.org\/bghaber\/15538\/","title":{"rendered":"Bu Adamlar Ne \u0130\u015f Yapar?"},"content":{"rendered":"<p><img data-recalc-dims=\"1\" loading=\"lazy\" decoding=\"async\" class=\"\" src=\"https:\/\/i0.wp.com\/www.bghaber.org\/bghaber\/wp-content\/uploads\/2014\/12\/neriman11-270x300.jpg?resize=95%2C106\" alt=\"neriman11\" width=\"95\" height=\"106\" \/>\u00a0\u00a0Neriman ERALP<\/p>\n<p>Konu: <strong>Bu \u0130p G\u00fcn Gelir Mutlaka Kopar.<\/strong><\/p>\n<p>Tuna boyunda Silistre kays\u0131 bah\u00e7elerindeyim. Dallar olmu\u015f da ballanm\u0131\u015f sar\u0131 benekli meyvelerle fazlas\u0131yla y\u00fckl\u00fc oldu\u011fundan yere kadar e\u011filmi\u015fler. Kasa doldurmada gen\u00e7lisi ya\u015fl\u0131s\u0131 sanki yar\u0131\u015f\u0131yordu. Meyvelik kenar\u0131na park etmi\u015f TIR Romanya plakal\u0131 ve arka kapa\u011fa kadar iyice dolmadan kalkm\u0131yor. Bir y\u00fckleme 19 ton ve 4 saatlik yoldan sonra ya Turno Migorelle ya da 3 saat kuzeydeki Ya\u015f \u015fehri pazar\u0131nda bo\u015falt\u0131ld\u0131\u011f\u0131 gibi kap\u0131\u015f\u0131yor. Romenler Bulgaristan kay\u0131s\u0131lar\u0131na bay\u0131l\u0131yor. 0.80 levaya y\u00fcklenen T\u0130R, 1.2 levadan bo\u015fal\u0131yor.<\/p>\n<p>Bu y\u0131l kays\u0131 y\u0131l\u0131, satan memnun alan memnun\u2026 ama K\u0131rcali, Haskovo, Filibe, Sofya pazarlar\u0131na Silistre\u2019den kays\u0131 y\u00fckl\u00fc kamyonlar gelmiyor. Komposto yapmak isteyenlerin g\u00f6zleri yolda\u2026<\/p>\n<p>Kays\u0131 tatl\u0131s\u0131 sevenlerin umutlar\u0131 da bo\u015fa.<\/p><div id=\"bghab-54562370\" class=\"bghab-icerik-icine bghab-entity-placement\"><script async src=\"\/\/pagead2.googlesyndication.com\/pagead\/js\/adsbygoogle.js?client=ca-pub-6203283170189293\" crossorigin=\"anonymous\"><\/script><ins class=\"adsbygoogle\" style=\"display:block; text-align:center;\" data-ad-client=\"ca-pub-6203283170189293\" \ndata-ad-slot=\"7303146466\" \ndata-ad-layout=\"in-article\"\ndata-ad-format=\"fluid\" data-full-width-responsive=\"true\"><\/ins>\n<script> \n(adsbygoogle = window.adsbygoogle || []).push({}); \n<\/script>\n<\/div>\n<p>Yerli kay\u0131s\u0131m\u0131z\u0131n i\u00e7 pazar\u0131m\u0131zda sat\u0131lmas\u0131n\u0131 engelleyen Avrupa Birli\u011fi (AB) \u00fcreticiyi te\u015fvik programlar\u0131 oldu. \u00dcreticisi k\u00f6yl\u00fclerimize bir ton kays\u0131 i\u00e7in sadece 35 Euro prim \u00f6deyen Br\u00fcksel Yunanistan kay\u0131s\u0131s\u0131na ton ba\u015f\u0131 400 Euro prim \u00f6deyince i\u00e7 Pazar alt \u00fcst oldu.<\/p>\n<p>Yunan kay\u0131s\u0131s\u0131 Sofya ve Filibe pazarlar\u0131nda Silistre kays\u0131s\u0131ndan \u00e7ok daha ucuz ve hemen al\u0131c\u0131 buluyor. Yunanistanl\u0131 \u00fcretici bizim kays\u0131 bak\u0131c\u0131lar\u0131m\u0131z\u0131n \u00fcr\u00fcn sat\u0131\u015f fiyat\u0131 kadar prim al\u0131yor, alt\u0131 \u00fcst\u00fc ba\u015ftanba\u015fa kar.<\/p>\n<p>Bu kadar b\u00fcy\u00fck adaletsizlik olur mu?<\/p>\n<p>Kendi kendime soruyorum, bizim milletvekillerimiz Br\u00fcksel\u2019de ne i\u015f yap\u0131yorlar? Orada olup bitenden haberleri ne zaman olacak. Yunan bah\u00e7\u0131vanlar Bulgar sebze \u00fcreticilerinden havu\u00e7ta, salatal\u0131kta, domateste, maydanozda, dereotunda, hatta kabak ve karpuz \u00fcretiminde ton ba\u015f\u0131 10 defa daha fazla prim al\u0131rken, biz onlara nas\u0131l yeti\u015felim?<\/p>\n<p>A\u011f\u0131r yorum yapmaktan ve ithamda bulunmaktan uzak durmak istiyorum. Zaten olsa olsa bu kadar olur, daha d\u00fcne kadar y\u0131l ortalamas\u0131 g\u00fcnde 500 vagon d\u0131\u015f sat\u0131ma y\u00fckl\u00fc ya\u015f sebze ve meyve, kuru-yemi\u015f, komposto ve konserve \u00fcreten Bulgaristan tar\u0131msal \u00fcretimini kaput edip yere serenler ve \u00fczerine i\u015feyenlere vatan topra\u011f\u0131m\u0131zda 700 y\u0131ll\u0131k \u00f6mr\u00fc olan bir FARE VE KURBA\u011eA masal\u0131 anlatmak istiyorum:<\/p><div id=\"bghab-1015064042\" class=\"bghab-icerik-icine-10-paragraf bghab-entity-placement\"><script async src=\"\/\/pagead2.googlesyndication.com\/pagead\/js\/adsbygoogle.js?client=ca-pub-6203283170189293\" crossorigin=\"anonymous\"><\/script><ins class=\"adsbygoogle\" style=\"display:block; text-align:center;\" data-ad-client=\"ca-pub-6203283170189293\" \ndata-ad-slot=\"7303146466\" \ndata-ad-layout=\"in-article\"\ndata-ad-format=\"fluid\" data-full-width-responsive=\"true\"><\/ins>\n<script> \n(adsbygoogle = window.adsbygoogle || []).push({}); \n<\/script>\n<\/div>\n<p><strong>Fare \u0130le Kurba\u011fa<\/strong><\/p>\n<p>Bir fare ile bir kurba\u011fa bir batakl\u0131k kenar\u0131nda tan\u0131\u015fm\u0131\u015flar.<\/p>\n<p>Her sabah geceyi ge\u00e7irdikleri yerden \u00e7\u0131k\u0131p bulu\u015fuyor, birbirlerine ilgin\u00e7 hikayeler anlat\u0131yor, ho\u015f\u00e7a vakit ge\u00e7iriyorlarm\u0131\u015f. Bu sohbetler ikisinin de \u00e7ok ho\u015funa gidiyormu\u015f.<\/p>\n<p>Fare bir g\u00fcn kurba\u011faya \u015f\u00f6yle der:<\/p>\n<ul>\n<li>Ne zamand\u0131r sana bir s\u0131r a\u00e7\u0131klamak istiyorum; ama sen suda ko\u015fturup durdu\u011fundan f\u0131rsat bulamad\u0131m. K\u0131y\u0131dan sana seslensem de beni duymuyorsun. Yaln\u0131zca sabahlar\u0131 bulu\u015fmak bana yetmiyor. Seni g\u00fcn boyu \u00f6zl\u00fcyorum. \u0130stedi\u011fim zaman seni g\u00f6rmek, seninle sohbet etmek istiyorum; ama batakl\u0131\u011fa dalmama da imkan yok. Buna nas\u0131l \u00e7\u00f6z\u00fcm bulal\u0131m?<\/li>\n<\/ul>\n<p><strong>\u0130ki dost, bu konu hakk\u0131nda beyin f\u0131rt\u0131nas\u0131 yapm\u0131\u015flar.<\/strong><\/p><div id=\"bghab-4122162950\" class=\"bghab-icerik-icine-15-paragraf bghab-entity-placement\"><script async src=\"\/\/pagead2.googlesyndication.com\/pagead\/js\/adsbygoogle.js?client=ca-pub-6203283170189293\" crossorigin=\"anonymous\"><\/script><ins class=\"adsbygoogle\" style=\"display:block; text-align:center;\" data-ad-client=\"ca-pub-6203283170189293\" \ndata-ad-slot=\"7303146466\" \ndata-ad-layout=\"in-article\"\ndata-ad-format=\"fluid\" data-full-width-responsive=\"true\"><\/ins>\n<script> \n(adsbygoogle = window.adsbygoogle || []).push({}); \n<\/script>\n<\/div>\n<p>Ve sonunda \u015funa karar vermi\u015fler:<\/p>\n<p>Uzun bir ip bulup, hemen bir ucunu farenin kuyru\u011funa, \u00f6b\u00fcr ucunu kurba\u011fan\u0131n aya\u011f\u0131na ba\u011flam\u0131\u015flar. Konu\u015fmak istediklerinde ipi \u00e7ekerek birbirlerini haberdar edeceklerdi.<\/p>\n<p>Fare sevin\u00e7le,<\/p>\n<p>B\u00f6ylece birbirimize s\u0131k\u0131 s\u0131k\u0131ya da ba\u011flanm\u0131\u015f olaca\u011f\u0131z diye eklemi\u015f.<\/p>\n<p>Asl\u0131nda bu karar kurba\u011fay\u0131 huzursuz etmi\u015fti. Yine de ba\u011flanmaya raz\u0131 oldu. Fare kurba\u011fayla g\u00f6r\u00fc\u015fmek istedi\u011fi zaman ipi \u00e7ekiyordu. Kurba\u011fa i\u015fareti al\u0131p arkada\u015f\u0131n\u0131n yan\u0131na geliyordu.<\/p><div id=\"bghab-2509039309\" class=\"bghab-icerik-icine-20-paragraf bghab-entity-placement\"><script async src=\"\/\/pagead2.googlesyndication.com\/pagead\/js\/adsbygoogle.js?client=ca-pub-6203283170189293\" crossorigin=\"anonymous\"><\/script><ins class=\"adsbygoogle\" style=\"display:block; text-align:center;\" data-ad-client=\"ca-pub-6203283170189293\" \ndata-ad-slot=\"7303146466\" \ndata-ad-layout=\"in-article\"\ndata-ad-format=\"fluid\" data-full-width-responsive=\"true\"><\/ins>\n<script> \n(adsbygoogle = window.adsbygoogle || []).push({}); \n<\/script>\n<\/div>\n<p>Bir g\u00fcn ans\u0131z\u0131n bir karakarga geldi ve kenar\u0131na uzanm\u0131\u015f batakl\u0131\u011f\u0131 seyre dalm\u0131\u015f olan fareyi kap\u0131p g\u00f6t\u00fcrd\u00fc. Karakarga y\u00fckselince fareye iple ba\u011fl\u0131 olan kurba\u011fa da suyun dibinden \u00e7\u0131kt\u0131.<\/p>\n<p>Fare kara kargan\u0131n gagas\u0131ndayd\u0131. Kurba\u011fa da aya\u011f\u0131 ipte, havada as\u0131l\u0131yd\u0131.<\/p>\n<p>Bunu g\u00f6ren k\u00f6yl\u00fcler, \u00f6nce \u015fa\u015f\u0131r\u0131p kald\u0131lar. Diyorlard\u0131 ki: \u201cBak\u0131n hele kurnaz karga kurba\u011fay\u0131 nas\u0131l avlam\u0131\u015f.<\/p>\n<p>Kurba\u011fa kendi cinsinden olmayan biriyle arkada\u015f olman\u0131n cezas\u0131n\u0131 b\u00f6yle \u00e7ekmi\u015fti.<\/p>\n<p><strong>\u015eimdi masaldaki rolleri de\u011fi\u015ftirelim<\/strong>:<\/p><div id=\"bghab-327407140\" class=\"bghab-icerik-icine-25-paragraf bghab-entity-placement\"><script async src=\"\/\/pagead2.googlesyndication.com\/pagead\/js\/adsbygoogle.js?client=ca-pub-6203283170189293\" crossorigin=\"anonymous\"><\/script><ins class=\"adsbygoogle\" style=\"display:block; text-align:center;\" data-ad-client=\"ca-pub-6203283170189293\" \ndata-ad-slot=\"7303146466\" \ndata-ad-layout=\"in-article\"\ndata-ad-format=\"fluid\" data-full-width-responsive=\"true\"><\/ins>\n<script> \n(adsbygoogle = window.adsbygoogle || []).push({}); \n<\/script>\n<\/div>\n<p>Batakl\u0131k: Avrupa Birli\u011fi<\/p>\n<p>Kurba\u011fa: Bulgaristan.<\/p>\n<p>Fare: Yunanistan ve<\/p>\n<p>Karakarga: Mali bunal\u0131md\u0131r.<\/p>\n<p>\u0130p: iki \u00fclkenin de AB \u00fcyeli\u011fidir.<\/p><div id=\"bghab-2717624053\" class=\"bghab-icerik-icine-30-paragraf bghab-entity-placement\"><script async src=\"\/\/pagead2.googlesyndication.com\/pagead\/js\/adsbygoogle.js?client=ca-pub-6203283170189293\" crossorigin=\"anonymous\"><\/script><ins class=\"adsbygoogle\" style=\"display:block; text-align:center;\" data-ad-client=\"ca-pub-6203283170189293\" \ndata-ad-slot=\"7303146466\" \ndata-ad-layout=\"in-article\"\ndata-ad-format=\"fluid\" data-full-width-responsive=\"true\"><\/ins>\n<script> \n(adsbygoogle = window.adsbygoogle || []).push({}); \n<\/script>\n<\/div>\n<p>K\u00f6yl\u00fclerse: AB milletvekiller-imizdir. (D\u00fcnyadan haberi olmayan zavall\u0131 insanlar.)<\/p>\n<p>Yukar\u0131daki kays\u0131 \u00fcreticilerimizin d\u00fc\u015ft\u00fc\u011f\u00fc \u00e7\u0131k\u0131\u015f\u0131 olmayan batakl\u0131\u011f\u0131 d\u00fc\u015f\u00fcn\u00fcn\u00fcz l\u00fctfen. Yunanistan&#8217;\u0131n s\u00fcre\u011fen ve sonsuz mali bunal\u0131mlar\u0131 bizi de yok etmez mi?<\/p>\n<p>Biz Yunan k\u00f6yl\u00fcs\u00fcne k\u00f6lelik yapmaya mecbur muyuz?<\/p>\n<p>T\u00fct\u00fcn kotalar\u0131m\u0131z neden Yunan \u00e7ift\u00e7ilerine veriliyor. Yunanistan da yine bizim t\u00fct\u00fcnc\u00fclerimizin g\u00fcndelik\u00e7i olarak \u00fcretti\u011fi t\u00fct\u00fcn\u00fcn fiyat\u0131 10 defa daya pahal\u0131d\u0131r?<\/p>\n<p>Bu sorulara cevab\u0131 Br\u00fcksel kahvelerinde bulmak belki de imkans\u0131zd\u0131r.<\/p><div id=\"bghab-1974670050\" class=\"bghab-icerik-icine-35-paragraf bghab-entity-placement\"><script async src=\"\/\/pagead2.googlesyndication.com\/pagead\/js\/adsbygoogle.js?client=ca-pub-6203283170189293\" crossorigin=\"anonymous\"><\/script><ins class=\"adsbygoogle\" style=\"display:block; text-align:center;\" data-ad-client=\"ca-pub-6203283170189293\" \ndata-ad-slot=\"7303146466\" \ndata-ad-layout=\"in-article\"\ndata-ad-format=\"fluid\" data-full-width-responsive=\"true\"><\/ins>\n<script> \n(adsbygoogle = window.adsbygoogle || []).push({}); \n<\/script>\n<\/div>\n<p>Adalet nerede? Diye soranlar\u0131 hareketlenmesi \u00e7oooook yak\u0131nd\u0131r!<\/p>\n<p>D\u00fcnyay\u0131 ayakland\u0131ran her zaman adaletsizlikler olmu\u015ftur.<\/p>\n<p><strong>Bu \u0130p En Yak\u0131n Zamanda Mutlaka Kopacakt\u0131r.<\/strong><\/p>\n<p>Hepinize en iyi Bayram dileklerimi sunuyorum.<\/p>\n<div id=\"bghab-3725289004\" class=\"bghab-yazi-altinda bghab-entity-placement\"><div class=\"bghab-adlabel\">Reklamlar<\/div><script async src=\"https:\/\/pagead2.googlesyndication.com\/pagead\/js\/adsbygoogle.js\"><\/script>\r\n<!-- bghaber-yaz\u0131-sonu -->\r\n<ins class=\"adsbygoogle\"\r\n     style=\"display:block\"\r\n     data-ad-client=\"ca-pub-6203283170189293\"\r\n     data-ad-slot=\"4222328180\"\r\n     data-ad-format=\"auto\"\r\n     data-full-width-responsive=\"true\"><\/ins>\r\n<script>\r\n     (adsbygoogle = window.adsbygoogle || []).push({});\r\n<\/script><\/div><br style=\"clear: both; display: block; float: none;\"\/>","protected":false},"excerpt":{"rendered":"<p>\u00a0\u00a0Neriman ERALP Konu: Bu \u0130p G\u00fcn Gelir Mutlaka Kopar. Tuna boyunda Silistre kays\u0131 bah\u00e7elerindeyim. Dallar olmu\u015f da ballanm\u0131\u015f sar\u0131 benekli meyvelerle fazlas\u0131yla y\u00fckl\u00fc oldu\u011fundan yere<\/p>\n","protected":false},"author":13,"featured_media":0,"comment_status":"closed","ping_status":"closed","sticky":false,"template":"","format":"standard","meta":{"advanced_seo_description":"","jetpack_seo_html_title":"","jetpack_seo_noindex":false,"_jetpack_memberships_contains_paid_content":false,"footnotes":""},"categories":[6],"tags":[],"class_list":["post-15538","post","type-post","status-publish","format-standard","hentry","category-yorum"],"jetpack_featured_media_url":"","jetpack_sharing_enabled":true,"jetpack_likes_enabled":true,"jetpack-related-posts":[],"jetpack_shortlink":"https:\/\/wp.me\/sc2PfJ-15538","_links":{"self":[{"href":"https:\/\/www.bghaber.org\/bghaber\/wp-json\/wp\/v2\/posts\/15538","targetHints":{"allow":["GET"]}}],"collection":[{"href":"https:\/\/www.bghaber.org\/bghaber\/wp-json\/wp\/v2\/posts"}],"about":[{"href":"https:\/\/www.bghaber.org\/bghaber\/wp-json\/wp\/v2\/types\/post"}],"author":[{"embeddable":true,"href":"https:\/\/www.bghaber.org\/bghaber\/wp-json\/wp\/v2\/users\/13"}],"replies":[{"embeddable":true,"href":"https:\/\/www.bghaber.org\/bghaber\/wp-json\/wp\/v2\/comments?post=15538"}],"version-history":[{"count":0,"href":"https:\/\/www.bghaber.org\/bghaber\/wp-json\/wp\/v2\/posts\/15538\/revisions"}],"wp:attachment":[{"href":"https:\/\/www.bghaber.org\/bghaber\/wp-json\/wp\/v2\/media?parent=15538"}],"wp:term":[{"taxonomy":"category","embeddable":true,"href":"https:\/\/www.bghaber.org\/bghaber\/wp-json\/wp\/v2\/categories?post=15538"},{"taxonomy":"post_tag","embeddable":true,"href":"https:\/\/www.bghaber.org\/bghaber\/wp-json\/wp\/v2\/tags?post=15538"}],"curies":[{"name":"wp","href":"https:\/\/api.w.org\/{rel}","templated":true}]}}