{"id":15529,"date":"2015-07-13T02:08:10","date_gmt":"2015-07-12T23:08:10","guid":{"rendered":"http:\/\/www.bghaber.org\/bghaber\/?p=15529"},"modified":"2015-07-13T02:10:37","modified_gmt":"2015-07-12T23:10:37","slug":"srebrenica-katliami","status":"publish","type":"post","link":"https:\/\/www.bghaber.org\/bghaber\/srebrenica-katliami\/","title":{"rendered":"Srebrenica Katliam\u0131"},"content":{"rendered":"<p>Musa VATANSEVER<\/p>\n<p>Konu <strong>: 20 Y\u00fczy\u0131l\u0131n Son Barbarl\u0131\u011f\u0131<\/strong><\/p>\n<p><strong>\u00a0<\/strong><\/p>\n<p>Ac\u0131lara ahit yakmak \u00e7ok zor! Hangi dilde ve dinde yak\u0131l\u0131rsa yak\u0131ls\u0131n aht\u0131n iyisi olmaz. Hele 12 bin masum insan\u0131n sadece M\u00fcsl\u00fcman olduklar\u0131 i\u00e7in katledildi\u011fi tarih 11 Temmuz 1995. Bir milletin tamamen yok edilmek istedi\u011fi yer &#8211; kom\u015fumuz Srebrenica. 18 bin ki\u015fi yoklara kar\u0131\u015ft\u0131 20. anma y\u0131l\u0131nda yeni toplu mezarlardan \u00e7\u0131kan kolu bir kabirden kafatas\u0131 ba\u015fka mezardan olan kimlik tespiti hen\u00fcz sonu\u00e7lanm\u0131\u015f 136 ki\u015fi daha \u201cBeyaz Zambaklar\u201d aras\u0131nda tora\u011fa verildi. Onlar\u0131n hepsi ayn\u0131 fabrikada katledilmi\u015flerdi. Daha ne kadar \u015fehit bulunacak, Srebrenica katliam\u0131n\u0131 daha ka\u00e7 cilt anlatacak?&#8230;..<\/p>\n<p>&nbsp;<\/p>\n<p>Srebrenica 1995 Temmuzunda erkeksiz kalan bir Balkan M\u00fcsl\u00fcman \u015fehridir. S\u0131rp barbarlar, Milo\u015fevi\u00e7, generalleri, askerleri ve katil s\u00fcr\u00fcleri Balkan Yar\u0131m Adas\u0131nda, Bosna topra\u011f\u0131nda M\u00fcsl\u00fcmanlar\u0131n k\u00f6k\u00fcn\u00fc kaz\u0131mak i\u00e7in erkekleri yok ettiler. Bu katliam\u0131n olmas\u0131nda S\u0131rplar\u0131n M\u00fcsl\u00fcman nefreti kadar Srebrenica\u2019da silahl\u0131 \u00e7at\u0131\u015fma olmas\u0131n diye orada konu\u015flanan NATO birliklerinin ve komutanlar\u0131n\u0131n da su\u00e7u vard\u0131r. 20 y\u0131l \u00f6nce bu y\u00fcz karas\u0131 insan k\u0131y\u0131m\u0131ndan bir ay \u00f6nce NATO komutas\u0131 yerli M\u00fcsl\u00fcman halk\u0131 silahs\u0131zland\u0131rm\u0131\u015ft\u0131. M\u00fcsl\u00fcmanlar\u0131n elindeki ve evlerindeki t\u00fcm silahlar\u0131 s\u00f6zde bir bar\u0131\u015f g\u00fcc\u00fc olan kendilerini S\u0131rp Ordusu sald\u0131r\u0131lar\u0131ndan korumak i\u00e7in orada bulunan NATO-Komutas\u0131n\u0131n emrine verilmi\u015flerdi. Olaylar\u0131n temelindeki ger\u00e7ek bir de bu renklerde birikiyor.<\/p><div id=\"bghab-701661793\" class=\"bghab-icerik-icine bghab-entity-placement\"><script async src=\"\/\/pagead2.googlesyndication.com\/pagead\/js\/adsbygoogle.js?client=ca-pub-6203283170189293\" crossorigin=\"anonymous\"><\/script><ins class=\"adsbygoogle\" style=\"display:block; text-align:center;\" data-ad-client=\"ca-pub-6203283170189293\" \ndata-ad-slot=\"7303146466\" \ndata-ad-layout=\"in-article\"\ndata-ad-format=\"fluid\" data-full-width-responsive=\"true\"><\/ins>\n<script> \n(adsbygoogle = window.adsbygoogle || []).push({}); \n<\/script>\n<\/div>\n<p>&nbsp;<\/p>\n<p>Bug\u00fcn Srebrenica ba\u015ftanba\u015fa mezarl\u0131k. A\u011flayanlar hep a\u011flamaktan bitmi\u015f ve ya\u015flanm\u0131\u015f kad\u0131nlar. 20 y\u0131ldan beri g\u00f6zlerinden ya\u015f sinmeyen analar, dullar, \u00e7ocuklar.<\/p>\n<p>Vaktiyle \u201c<strong>G\u00fcm\u00fc\u015f \u015eehir<\/strong>\u201d olarak bilinen bug\u00fcnse d\u00f6rt yani beyaz mezar ta\u015flar\u0131n\u0131 gizlemeye \u00e7al\u0131\u015fan Beyaz Zambaklar diyar\u0131 olan bu toprak \u015fu d\u00fcnyan\u0131n en g\u00fczel yeri olsa da ne gezer? Bu kadar b\u00fcy\u00fck bir trajediden sonra alt\u0131 cennet \u00fcst\u00fc cennet olsa da ne olacak! Bu trajediyi unutmak m\u00fcmk\u00fcn olabilir mi?<\/p>\n<p>&nbsp;<\/p>\n<p>Bosna Sava\u015f\u0131 1992\u2019de ba\u015flam\u0131\u015ft\u0131. Ulusal ve etnik sorunlar\u0131, dil ve din sorunlar\u0131n\u0131 \u00e7\u00f6zemeyen eski sosyalist d\u00fczenler \u00e7at\u0131rdarken Saray-Bosna ku\u015fat\u0131lm\u0131\u015ft\u0131. Bosna\u2019n\u0131n Kuzeyinde ve Do\u011fusunda M\u00fcsl\u00fcman Bo\u015fnaklar etnik temizli\u011fe maruz kalm\u0131\u015ft\u0131, katlediliyorlard\u0131.<\/p><div id=\"bghab-3122163460\" class=\"bghab-icerik-icine-10-paragraf bghab-entity-placement\"><script async src=\"\/\/pagead2.googlesyndication.com\/pagead\/js\/adsbygoogle.js?client=ca-pub-6203283170189293\" crossorigin=\"anonymous\"><\/script><ins class=\"adsbygoogle\" style=\"display:block; text-align:center;\" data-ad-client=\"ca-pub-6203283170189293\" \ndata-ad-slot=\"7303146466\" \ndata-ad-layout=\"in-article\"\ndata-ad-format=\"fluid\" data-full-width-responsive=\"true\"><\/ins>\n<script> \n(adsbygoogle = window.adsbygoogle || []).push({}); \n<\/script>\n<\/div>\n<p>&nbsp;<\/p>\n<p>Bu arada, Bosna\u2019n\u0131n en Do\u011fusunda Srebrenica s\u0131n\u0131r\u0131nda yer alan ve sava\u015ftan ka\u00e7an insanlar\u0131n s\u0131\u011f\u0131nd\u0131\u011f\u0131 Srebrenica\u2019da da S\u0131rp Ordusu birliklerine kar\u015f\u0131 direni\u015f devam ediyordu. Bu bir defa M\u00fcsl\u00fcmanl\u0131\u011f\u0131 koruma ve ikinci olarak da Bosnal\u0131lar\u0131n Bosna Hersek de ba\u011f\u0131ms\u0131z ya\u015fama sava\u015f\u0131yd\u0131. Birle\u015fmi\u015f Milletler ordusunun bulundu\u011fu b\u00f6lgede, k\u0131\u015fa ra\u011fmen on binlerce insan d\u0131\u015far\u0131da yat\u0131yordu. Ayr\u0131ca a\u00e7l\u0131k b\u00fct\u00fcn \u015fehri kas\u0131p kavuran bir di\u011fer sorundu.<\/p>\n<p>&nbsp;<\/p>\n<p>S\u0131rplar\u0131n izni olmadan yard\u0131mlar kasabaya sokulmuyor, nadiren sokulan yard\u0131mlar da S\u0131rplar taraf\u0131ndan ziyan ediliyor ve zehirleniyordu. Yiyecekler de yard\u0131ma muhta\u00e7 insanlar\u0131n yerine karaborsac\u0131lar\u0131n eline d\u00fc\u015f\u00fcyordu. Ne yaz\u0131k ki, Birle\u015fmi\u015f Milletler askeri burada insanlar\u0131 korumak bir yana d\u0131\u015far\u0131dan gelen yard\u0131mlar\u0131 korumaktan bile acizdiler. Birle\u015fmi\u015f Milletler askerleri ise korunmas\u0131 gereken insanlara en i\u011fren\u00e7 \u015feyleri yapt\u0131r\u0131yorlard\u0131. Kendilerinden yiyecek istemeye gelen kad\u0131nlar\u0131 verecekleri yiyecek veya bir paket sigara kar\u015f\u0131l\u0131\u011f\u0131nda ili\u015fkiye girmeye zorluyorlard\u0131. Bir\u00e7ok kad\u0131n kendi \u00e7ocuklar\u0131n\u0131n g\u00f6z\u00fc \u00f6n\u00fcnde ili\u015fkiye girmek zorunda b\u0131rak\u0131ld\u0131lar.<\/p>\n<p>&nbsp;<\/p><div id=\"bghab-669787425\" class=\"bghab-icerik-icine-15-paragraf bghab-entity-placement\"><script async src=\"\/\/pagead2.googlesyndication.com\/pagead\/js\/adsbygoogle.js?client=ca-pub-6203283170189293\" crossorigin=\"anonymous\"><\/script><ins class=\"adsbygoogle\" style=\"display:block; text-align:center;\" data-ad-client=\"ca-pub-6203283170189293\" \ndata-ad-slot=\"7303146466\" \ndata-ad-layout=\"in-article\"\ndata-ad-format=\"fluid\" data-full-width-responsive=\"true\"><\/ins>\n<script> \n(adsbygoogle = window.adsbygoogle || []).push({}); \n<\/script>\n<\/div>\n<p><strong>Daha gen\u00e7 okurlar\u0131ma an\u0131msatmak i\u00e7in yaz\u0131yorum.<\/strong><\/p>\n<p><strong>\u00a0Katliam\u0131n k\u0131sa tarih\u00e7esi: <\/strong><\/p>\n<p>16 Nisan 1993\u2019te Bosna\u2019daki 6 b\u00f6lge \u2018<strong>G\u00fcvenli B\u00f6lge<\/strong>\u2019 ilan edildi. Ancak ilan\u2019\u0131n \u00fczerinden ge\u00e7en 2 y\u0131l i\u00e7inde de\u011fi\u015fen hi\u00e7 bir \u015fey olmad\u0131. Srebrenica\u2019ya g\u00f6nderilen Hollandal\u0131 askeri birlikler, G\u00fcvenli B\u00f6lge kavram\u0131 gere\u011fi, Bo\u015fnaklar\u0131n elindeki t\u00fcm silahlar\u0131 toplad\u0131. Ancak S\u0131rplara hi\u00e7bir yapt\u0131r\u0131m uygulanm\u0131yordu. Sanki bilin\u00e7li olarak savunmas\u0131 k\u0131r\u0131lan Bo\u015fnaklar, adeta S\u0131rplar i\u00e7in haz\u0131r hedef haline getiriliyorlard\u0131.<\/p>\n<p>S\u0131rp liderle s\u0131k s\u0131k bir araya gelen Frans\u0131z lider Janvier ve Akashi S\u0131rplara G\u00fcvenli B\u00f6lgedeki insanlar\u0131 korumak gibi bir kayg\u0131lar\u0131n\u0131n olmad\u0131\u011f\u0131na dair mesaj veriyorlard\u0131.\u00a0 Geli\u015fmeler (katliamdan y\u0131llar sonra tutuklanan ve Lahey Sava\u015f Su\u00e7lular\u0131 Mahkemesinde katliam i\u015fleme su\u00e7undan yarg\u0131lanmaya devam eden) General Miladi\u00e7 komutas\u0131ndaki S\u0131rp askerlerinin Temmuz 1995 ba\u015flar\u0131nda sald\u0131r\u0131lar\u0131n\u0131 iyice s\u0131kla\u015ft\u0131rmas\u0131na \u00f6n ayak oldu. A\u011f\u0131r bombard\u0131man\u0131n ba\u015flad\u0131\u011f\u0131 g\u00fcnlerde ise Birle\u015fmi\u015f Milletler g\u00f6stermelik olarak iki F 16 u\u00e7a\u011f\u0131n\u0131 Srebrenica \u00fczerinde u\u00e7urdu.<\/p>\n<p>Ya\u015fananlar \u00fczerine kendilerini korumak isteyen Bo\u015fnaklar, toplanan silahlar\u0131n\u0131n geri verilmesini istediler. Ancak bu istekleri Hollandal\u0131 birli\u011fin komutan\u0131 Albay Karemans taraf\u0131ndan kabul edilmedi.\u00a0 Nihayetinde Hollandal\u0131 birlikler kasabay\u0131 terk ettiler ve arkalar\u0131nda savunmas\u0131z binlerce insan b\u0131rakt\u0131lar. Onlar adeta S\u0131rplar taraf\u0131ndan \u00f6ld\u00fcr\u00fclmeye terk edildiler.<\/p><div id=\"bghab-3079365893\" class=\"bghab-icerik-icine-20-paragraf bghab-entity-placement\"><script async src=\"\/\/pagead2.googlesyndication.com\/pagead\/js\/adsbygoogle.js?client=ca-pub-6203283170189293\" crossorigin=\"anonymous\"><\/script><ins class=\"adsbygoogle\" style=\"display:block; text-align:center;\" data-ad-client=\"ca-pub-6203283170189293\" \ndata-ad-slot=\"7303146466\" \ndata-ad-layout=\"in-article\"\ndata-ad-format=\"fluid\" data-full-width-responsive=\"true\"><\/ins>\n<script> \n(adsbygoogle = window.adsbygoogle || []).push({}); \n<\/script>\n<\/div>\n<p>11 Temmuz 1995\u2019te Radko Mladi\u00e7, hi\u00e7bir direni\u015fle kar\u015f\u0131la\u015fmadan b\u00fcy\u00fck bir zafer kazanm\u0131\u015f gibi Srebrenica\u2019ya girdi. Mladi\u00e7 i\u00e7in silahlardan ar\u0131nd\u0131r\u0131lm\u0131\u015f kenti ele ge\u00e7irmek zor olmad\u0131. \u015eehrin ele ge\u00e7irildi\u011fi ak\u015fam insanlar vah\u015fice \u00f6ld\u00fcr\u00fclmeye ba\u015fland\u0131. Bo\u015fnaklar Hollanda askerlerinin denetimindeki Botocari kentine do\u011fru ka\u00e7maya ba\u015flad\u0131lar. 250\u00a0000 ki\u015fiden ancak 6\u00a0000 kadar\u0131 \u015fehre girmeyi ba\u015fard\u0131. Di\u011ferleri de bir kamp halinde \u00e7evrili olan \u015fehrin d\u0131\u015f\u0131nda kald\u0131.<\/p>\n<p>Miladi\u00e7, Hollandal\u0131 askerlere e\u011fer s\u0131\u011f\u0131nmac\u0131lar\u0131 geri vermezlerse kamp-\u015fehri bombalayaca\u011f\u0131 bl\u00f6f\u00fcn\u00fc yap\u0131yordu.<\/p>\n<p>Sonunda korkulan oldu ve Hollandal\u0131lar b\u00fct\u00fcn \u015fehri S\u0131rplara teslim etmeye karar verdiler. Bu saatten sonra b\u00fct\u00fcn Bo\u015fnaklar s\u0131\u011f\u0131nd\u0131klar\u0131 \u015fehirden silah zoruyla \u00e7\u0131kar\u0131ld\u0131lar.<\/p>\n<p>\u00d6ld\u00fcr\u00fcleceklerini bile bile, feryatlara ve \u00e7\u0131\u011fl\u0131klara ra\u011fmen binlerce Bo\u015fnak, S\u0131rplara teslim edildiler. S\u00f6zde hi\u00e7bir \u015fey yapmayaca\u011f\u0131n\u0131 s\u00f6yleyen S\u0131rplar 11 Temmuz ile 17 Temmuz 1995\u2019te yani tam 20 y\u0131l \u00f6nce kad\u0131n ve \u00e7ocuklar\u0131 ay\u0131rarak yakla\u015f\u0131k 8 binden fazla gen\u00e7 erke\u011fi bir haftada katlettiler.<\/p>\n<p>&nbsp;<\/p><div id=\"bghab-2892967539\" class=\"bghab-icerik-icine-25-paragraf bghab-entity-placement\"><script async src=\"\/\/pagead2.googlesyndication.com\/pagead\/js\/adsbygoogle.js?client=ca-pub-6203283170189293\" crossorigin=\"anonymous\"><\/script><ins class=\"adsbygoogle\" style=\"display:block; text-align:center;\" data-ad-client=\"ca-pub-6203283170189293\" \ndata-ad-slot=\"7303146466\" \ndata-ad-layout=\"in-article\"\ndata-ad-format=\"fluid\" data-full-width-responsive=\"true\"><\/ins>\n<script> \n(adsbygoogle = window.adsbygoogle || []).push({}); \n<\/script>\n<\/div>\n<p><strong>Dahas\u0131 da var:<\/strong><\/p>\n<p>Zorla toplanan Bosnal\u0131 gen\u00e7lere \u00f6nce \u00e7ukur kazd\u0131ran S\u0131rplar; onlarca masum insan\u0131 ya diri diri g\u00f6m\u00fcyor ya da \u00fcst \u00fcstte yat\u0131r\u0131p ate\u015f ediyorlard\u0131. Ayr\u0131ca yapt\u0131klar\u0131 cinayet belli olmas\u0131n diye cesetleri tan\u0131nmaz hale getirip, k\u0131yafetlerini al\u0131yorlard\u0131. S\u0131rp caniler yakla\u015f\u0131k 72 saatte Srebrenica M\u00fcsl\u00fcman halk\u0131n\u0131 yok eriler.<\/p>\n<p>Srebrenica ve Potocari kamp\u0131 bo\u015falt\u0131ld\u0131ktan sonra S\u0131rp katliam\u0131ndan kurtulmak i\u00e7in da\u011flara ka\u00e7maya \u00e7al\u0131\u015fan Bo\u015fnaklar yakaland\u0131klar her yerde ac\u0131madan katledildiler. Bir\u00e7o\u011fu may\u0131nlara basarak hayat\u0131n\u0131 kaybetti. S\u0131rp komutan \u2013 bug\u00fcn yarg\u0131 sandalyesinde oturan Mladi\u00e7 \u2013 \u201c<strong>herkesi \u00f6ld\u00fcr\u00fcn canl\u0131 hi\u00e7 kimseyi b\u0131rakmay\u0131n<\/strong>!\u201d diye emirler veriyordu. Yaln\u0131z emir verenler de\u011fil, teti\u011fi \u00e7ekenler de sorumludur ve hak ettikleri cezay\u0131 bulmal\u0131d\u0131r. Bir insan\u0131n yaln\u0131z M\u00fcsl\u00fcman oldu\u011fu i\u00e7in \u00f6ld\u00fcr\u00fclmesi af edilmez bir su\u00e7tur. Dinler e\u015fit, insanlar karde\u015f, \u00f6tesi \u0131rk\u00e7\u0131l\u0131k ve vah\u015fettir.<\/p>\n<p>&nbsp;<\/p>\n<p><strong>Bosna M\u00fcsl\u00fcman Halk\u0131n\u0131n katli i\u015fte b\u00f6yle ger\u00e7ekle\u015fmi\u015fti.<\/strong><\/p><div id=\"bghab-2906200219\" class=\"bghab-icerik-icine-30-paragraf bghab-entity-placement\"><script async src=\"\/\/pagead2.googlesyndication.com\/pagead\/js\/adsbygoogle.js?client=ca-pub-6203283170189293\" crossorigin=\"anonymous\"><\/script><ins class=\"adsbygoogle\" style=\"display:block; text-align:center;\" data-ad-client=\"ca-pub-6203283170189293\" \ndata-ad-slot=\"7303146466\" \ndata-ad-layout=\"in-article\"\ndata-ad-format=\"fluid\" data-full-width-responsive=\"true\"><\/ins>\n<script> \n(adsbygoogle = window.adsbygoogle || []).push({}); \n<\/script>\n<\/div>\n<p><strong>\u00a0<\/strong><\/p>\n<p>Katliam\u0131n as\u0131l sorumlular\u0131 Radovan Karazi\u00e7 ve General Radko Mladi\u00e7 katliamdan sonra uzun s\u00fcre Bosna\u2019da rahat\u00e7a dola\u015ft\u0131lar. Futbol kar\u015f\u0131la\u015ft\u0131rmalar\u0131nda, kahvelerde g\u00f6r\u00fcnd\u00fcler. Uluslar aras\u0131 sava\u015f su\u00e7lular\u0131 Mahkemesi ancak 2001 y\u0131l\u0131ndan ba\u015f\u0131ndan beri bu sald\u0131r\u0131 sava\u015f\u0131n\u0131 y\u00f6nlendiren Milo\u015fevi\u00e7\u2019i su\u00e7lu buldu.<\/p>\n<p>&nbsp;<\/p>\n<p><strong>S\u0131rplar kin ve nefret kayn\u0131yordu. Bosnal\u0131 M\u00fcsl\u00fcmanlar kendi topraklar\u0131nda, kendi dil ve dinleriyle \u00f6zg\u00fcr ya\u015famak istiyorlard\u0131. Katledildiler. \u00dclkedeki b\u00fct\u00fcn S\u0131rplar d\u0131\u015f\u0131ndaki t\u00fcm az\u0131nl\u0131klar\u0131 sindirip katletme boyutlar\u0131n\u0131 \u00f6nleyen T\u00fcrkiye Cumhuriyeti oldu. \u0130talya \u00fczerinden NATO sava\u015f u\u00e7aklar\u0131n\u0131 havaland\u0131rd\u0131.\u00a0 Kanl\u0131 katilin belini k\u0131ran T\u00fcrkiye giri\u015fimi ve \u00f6nc\u00fcl\u00fc\u011f\u00fc oldu. <\/strong><\/p>\n<p><strong>\u00a0<\/strong><\/p>\n<p>1995\u2019te T\u00fcrkiye 1949 T\u00fcrkiye\u2019si de\u011fildi. O zaman da Bosnal\u0131 M\u00fcsl\u00fcmanlar Ankara\u2019ya gelmi\u015fler ve s\u0131k\u0131nt\u0131lar\u0131n\u0131 payla\u015fmak i\u00e7in<strong> \u0130smet \u0130n\u00f6n\u00fc <\/strong>ile g\u00f6r\u00fc\u015fmek istemi\u015flerdi. \u0130n\u00f6n\u00fc\u00a0 \u201c<strong>Benim T\u00fcrkiye s\u0131n\u0131rlar\u0131 d\u0131\u015f\u0131nda tan\u0131d\u0131\u011f\u0131m M\u00fcsl\u00fcman yok<\/strong>!\u201d cevab\u0131n\u0131 vermesiyle pek \u00e7ok M\u00fcsl\u00fcman ve d\u0131\u015f T\u00fcrk hayal k\u0131r\u0131kl\u0131\u011f\u0131 ya\u015fad\u0131.<\/p>\n<p>&nbsp;<\/p><div id=\"bghab-2951562041\" class=\"bghab-icerik-icine-35-paragraf bghab-entity-placement\"><script async src=\"\/\/pagead2.googlesyndication.com\/pagead\/js\/adsbygoogle.js?client=ca-pub-6203283170189293\" crossorigin=\"anonymous\"><\/script><ins class=\"adsbygoogle\" style=\"display:block; text-align:center;\" data-ad-client=\"ca-pub-6203283170189293\" \ndata-ad-slot=\"7303146466\" \ndata-ad-layout=\"in-article\"\ndata-ad-format=\"fluid\" data-full-width-responsive=\"true\"><\/ins>\n<script> \n(adsbygoogle = window.adsbygoogle || []).push({}); \n<\/script>\n<\/div>\n<p>11 Temmuz 2015\u2019te Srebrenica KAHRAMANLAR MEZARLI\u011eINDA elde ele ta\u015f\u0131nan kimlik tespiti yeni yap\u0131lm\u0131\u015f 136 tabutun uzun alay\u0131n\u0131n ba\u015f\u0131nda en \u015ferefli y\u00fcr\u00fcyen ve Bosna halk\u0131na dostluk ve karde\u015fli\u011fimizin ebedi oldu\u011funu bir daha hat\u0131rlatan T.C. Ba\u015fbakan\u0131 Say\u0131n Ahmet Davut o\u011flu oldu.\u00a0 B\u00fcy\u00fck T\u00fcrkiye Cumhuriyeti\u2019nin Balkanlarda g\u00f6rev sahibi oldu\u011funu vurgulayan Prof. Ahmet Davut o\u011flu,\u00a0 T\u00fcrk ve M\u00fcsl\u00fcman varl\u0131\u011f\u0131n\u0131n Balkan Yar\u0131madas\u0131ndaki derin tarihsel \u00e7izgilerinin silinmez oldu\u011funu ve ebediyen geli\u015ferek ya\u015fat\u0131laca\u011f\u0131n\u0131 vurgulad\u0131 ve haz\u0131r bulunan uluslar aras\u0131 topluluk taraf\u0131ndan tam destek buldu.<\/p>\n<p>\u015euna da i\u015faret etmek istiyorum: M\u00fcsl\u00fcmanlar nefret besleyen bir topluluk de\u011fildir. Ama kendilerine yap\u0131lan k\u00f6t\u00fcl\u00fckleri, katliamlar\u0131 asla unutmazlar. Bu ger\u00e7ek, 11 Temmuz 2015\u2019te Srebrenica \u015fehirlerini anma ve katliam\u0131n\u0131 k\u0131nama mitinginde S\u0131rp Ba\u015fbakan\u0131 Aleksand\u0131r Vu\u00e7e\u00e7\u2019in yuhalanmas\u0131, t\u00fck\u00fcr\u00fck ve ta\u015flarla mezarl\u0131ktan kovulmas\u0131nda ifade buldu.<\/p>\n<p>&nbsp;<\/p>\n<p>Bu anma t\u00f6reninin biz Bulgaristan T\u00fcrkleri ile direk ba\u011flant\u0131s\u0131 vard\u0131r. 1984\u20131989 d\u00f6neminde biz de i\u00e7i kin ve nefret dolu eli silahl\u0131 g\u00fc\u00e7lerin M\u00fcsl\u00fcman T\u00fcrklere yapabileceklerinin en k\u00f6t\u00fclerini ya\u015fad\u0131k. \u0130simlerimiz de\u011fi\u015ftirildi, ana dilimiz yasakland\u0131, okullar\u0131m\u0131z ve camilerimiz kapand\u0131, bildi\u011fimiz adetlere evlenmemiz, sevi\u015fmemiz, \u00fcrememiz, insan olmam\u0131z yasak alt\u0131na al\u0131nd\u0131. Ba\u015fkald\u0131ranlar\u0131n t\u00fcm\u00fc s\u00fcr\u00fcld\u00fc, kapand\u0131, zindanlara t\u0131k\u0131ld\u0131. Neredeyse herkesin dili kesilmi\u015fti.<\/p>\n<p>&nbsp;<\/p><div id=\"bghab-3029103994\" class=\"bghab-icerik-icine-40-paragraf bghab-entity-placement\"><script async src=\"\/\/pagead2.googlesyndication.com\/pagead\/js\/adsbygoogle.js?client=ca-pub-6203283170189293\" crossorigin=\"anonymous\"><\/script><ins class=\"adsbygoogle\" style=\"display:block; text-align:center;\" data-ad-client=\"ca-pub-6203283170189293\" \ndata-ad-slot=\"7303146466\" \ndata-ad-layout=\"in-article\"\ndata-ad-format=\"fluid\" data-full-width-responsive=\"true\"><\/ins>\n<script> \n(adsbygoogle = window.adsbygoogle || []).push({}); \n<\/script>\n<\/div>\n<p>Ortaya biz de bir \u015fopar Amet \u00e7\u0131kt\u0131 ve \u201c<strong>Bulgar Etnik Modeli<\/strong>\u201d dedi. 40 ki\u015finin kur\u015funlanarak \u00f6ld\u00fcr\u00fclmesini, y\u00fczlercimizin sakat ve \u00f6z\u00fcrl\u00fc b\u0131rak\u0131lmam\u0131z\u0131 ve 500 binimizin de ana topra\u011f\u0131m\u0131zdan s\u00f6k\u00fcl\u00fcp s\u0131n\u0131r d\u0131\u015f\u0131 edilmemiz yetmezmi\u015f gibi, \u201c\u015eu Bulgar Etnik Modelini\u201d patent haline getirdi. T\u00fcm\u00fcm\u00fcz\u00fc kom\u00fcnist totaliter rejim zulm\u00fcyle idare etme sevdas\u0131n\u0131 s\u00fcrd\u00fcr\u00fcyor. Kendisi bir kriminal katil olan bu zat, d\u00fc\u015fmana hizmette kusur etmiyor. Halk\u0131m\u0131za ise etmedi\u011fi k\u00f6t\u00fcl\u00fck b\u0131rakm\u0131yor. Bulgar\u2019\u0131n da bu yeni \u201cgeli\u015fme\u201d ho\u015funa gitti, kendi kendilerine ne yaparlarsa yaps\u0131nlar der gibi bir durumlara girdi ve zul\u00fcm rejimini ya\u015fat\u0131yor. Katiller cezas\u0131n\u0131 bulmad\u0131k\u00e7a \u201csaraylarda gizlenebildik\u00e7e\u201d i\u015fler d\u00fczelmez, an\u0131lar kanamaya deva&lt;m eder, aldat\u0131lm\u0131\u015fl\u0131k duygusu ise toplumda nefret ve kin uyand\u0131r\u0131r. Uyarmad\u0131n\u0131z demesinler.<\/p>\n<p>\u0130yi Bayramlar.<\/p>\n<div id=\"bghab-1445186224\" class=\"bghab-yazi-altinda bghab-entity-placement\"><div class=\"bghab-adlabel\">Reklamlar<\/div><script async src=\"https:\/\/pagead2.googlesyndication.com\/pagead\/js\/adsbygoogle.js\"><\/script>\r\n<!-- bghaber-yaz\u0131-sonu -->\r\n<ins class=\"adsbygoogle\"\r\n     style=\"display:block\"\r\n     data-ad-client=\"ca-pub-6203283170189293\"\r\n     data-ad-slot=\"4222328180\"\r\n     data-ad-format=\"auto\"\r\n     data-full-width-responsive=\"true\"><\/ins>\r\n<script>\r\n     (adsbygoogle = window.adsbygoogle || []).push({});\r\n<\/script><\/div><br style=\"clear: both; display: block; float: none;\"\/>","protected":false},"excerpt":{"rendered":"<p>Musa VATANSEVER Konu : 20 Y\u00fczy\u0131l\u0131n Son Barbarl\u0131\u011f\u0131 \u00a0 Ac\u0131lara ahit yakmak \u00e7ok zor! Hangi dilde ve dinde yak\u0131l\u0131rsa yak\u0131ls\u0131n aht\u0131n iyisi olmaz. Hele 12<\/p>\n","protected":false},"author":13,"featured_media":0,"comment_status":"closed","ping_status":"closed","sticky":false,"template":"","format":"standard","meta":{"advanced_seo_description":"","jetpack_seo_html_title":"","jetpack_seo_noindex":false,"_jetpack_memberships_contains_paid_content":false,"footnotes":""},"categories":[6],"tags":[],"class_list":["post-15529","post","type-post","status-publish","format-standard","hentry","category-yorum"],"jetpack_featured_media_url":"","jetpack_sharing_enabled":true,"jetpack_likes_enabled":true,"jetpack-related-posts":[],"jetpack_shortlink":"https:\/\/wp.me\/pc2PfJ-42t","_links":{"self":[{"href":"https:\/\/www.bghaber.org\/bghaber\/wp-json\/wp\/v2\/posts\/15529","targetHints":{"allow":["GET"]}}],"collection":[{"href":"https:\/\/www.bghaber.org\/bghaber\/wp-json\/wp\/v2\/posts"}],"about":[{"href":"https:\/\/www.bghaber.org\/bghaber\/wp-json\/wp\/v2\/types\/post"}],"author":[{"embeddable":true,"href":"https:\/\/www.bghaber.org\/bghaber\/wp-json\/wp\/v2\/users\/13"}],"replies":[{"embeddable":true,"href":"https:\/\/www.bghaber.org\/bghaber\/wp-json\/wp\/v2\/comments?post=15529"}],"version-history":[{"count":0,"href":"https:\/\/www.bghaber.org\/bghaber\/wp-json\/wp\/v2\/posts\/15529\/revisions"}],"wp:attachment":[{"href":"https:\/\/www.bghaber.org\/bghaber\/wp-json\/wp\/v2\/media?parent=15529"}],"wp:term":[{"taxonomy":"category","embeddable":true,"href":"https:\/\/www.bghaber.org\/bghaber\/wp-json\/wp\/v2\/categories?post=15529"},{"taxonomy":"post_tag","embeddable":true,"href":"https:\/\/www.bghaber.org\/bghaber\/wp-json\/wp\/v2\/tags?post=15529"}],"curies":[{"name":"wp","href":"https:\/\/api.w.org\/{rel}","templated":true}]}}