{"id":15518,"date":"2015-07-10T22:53:23","date_gmt":"2015-07-10T19:53:23","guid":{"rendered":"http:\/\/www.bghaber.org\/bghaber\/?p=15518"},"modified":"2015-07-10T22:53:23","modified_gmt":"2015-07-10T19:53:23","slug":"yunanistana-gitmesi-beklenen-1-milyon-turk-bulgaristan-yolcusuna-donusebilir","status":"publish","type":"post","link":"https:\/\/www.bghaber.org\/bghaber\/yunanistana-gitmesi-beklenen-1-milyon-turk-bulgaristan-yolcusuna-donusebilir\/","title":{"rendered":"&#8216;Yunanistan\u2019a gitmesi beklenen 1 milyon T\u00fcrk, Bulgaristan yolcusuna d\u00f6n\u00fc\u015febilir&#8217;"},"content":{"rendered":"<p><b>Yunanistan\u2019\u0131n ya\u015fad\u0131\u011f\u0131 kriz, turizmine de yans\u0131d\u0131. Vize i\u015flemlerinde yava\u015flayan Yunanistan, en erken 1 ay sonraya vize sa\u011flayabiliyor, s\u00fcrenin daha da uzamayaca\u011f\u0131n\u0131n garantisi yok. El\u00e7iliklerde binlerce pasaport birikmi\u015f durumda. Krizi &#8216;f\u0131rsata&#8217; \u00e7evirmek isteyen Bulgaristan ise, T\u00fcrkiyeli turistlere vize s\u00fcresini 2 g\u00fcne indirmi\u015f durumda. <\/b><\/p>\n<div class=\"lMavi\">\nBir turizm \u00fclkesi olarak da bilinen Yunanistan, yaz aylar\u0131n\u0131n en \u00e7ok turist yo\u011funlu\u011fu ya\u015fanacak d\u00f6neminde vize veremiyor. Yunanistan\u2019dan vize almak isteyenlere en erken A\u011fustos ay\u0131n\u0131n ortas\u0131na tarih veriliyor. Bulgaristan ise vize verme s\u00fcresini olduk\u00e7a k\u0131saltm\u0131\u015f durumda. Bulgaristan T\u00fcrkiyeli turistlere 2 g\u00fcnde vize veriyor.<\/p>\n<p>Ramazan Bayram\u0131 i\u00e7in Yunanistan plan\u0131 yapanlar\u0131n, geciken vizeler sebebiyle tur planlar\u0131n\u0131 de\u011fi\u015ftirdiklerini s\u00f6yleyen Ko\u015fukavak Turizm Y\u00f6netim Kurulu Ba\u015fkan\u0131 R\u0131fat Yakupo\u011flu, de\u011fi\u015fiklik yap\u0131ld\u0131\u011f\u0131nda en \u00e7ok tercih edilen \u00fclkenin Bulgaristan oldu\u011funu belirtiyor.<\/p>\n<p><b>BULGAR\u0130STAN KOM\u015eUNUN KR\u0130Z\u0130N\u0130 FIRSATA \u00c7EV\u0130RD\u0130<\/b><\/p>\n<p>Yaz aylar\u0131nda Yunanistan, k\u0131\u015f aylar\u0131nda ise kayak i\u00e7in Bulgaristan turlar\u0131n\u0131n a\u011f\u0131rl\u0131kta oldu\u011funu belirten R\u0131fat Yakupo\u011flu, tablonun bu sene de\u011fi\u015febilece\u011fini s\u00f6yledi. Yakupo\u011flu, \u201cBulgaristan kom\u015fusunun krizini f\u0131rsata \u00e7evirdi. Yaz d\u00f6neminde Yunanistan\u2019\u0131 tercih eden 750 bin kadar T\u00fcrkiyeli turist, yak\u0131n olmas\u0131 ve kolay vize politikas\u0131 sebebiyle art\u0131k Bulgaristan\u2019\u0131 tercih etmeye ba\u015fl\u0131yor\u201d \u015feklinde konu\u015ftu.<\/p>\n<p>Vize sorunlar\u0131 bu \u015fekilde devam ederse, 2015 y\u0131l\u0131nda Yunanistan\u2019a gitmesi beklenen 1 milyon T\u00fcrkiyeli turist, Bulgaristan yolcusuna d\u00f6n\u00fc\u015febilir.<\/p><\/div>\n<div class=\"lMavi\"><\/div>\n<div class=\"lMavi\">Al\u0131nt\u0131:<\/div>\n<div class=\"lMavi\">http:\/\/www.turizmguncel.com\/haber\/yunanistana-gitmesi-beklenen-1-milyon-turk-bulgaristan-yolcusuna-donusebilir-h23973.html<\/div>\n<div id=\"bghab-3724105440\" class=\"bghab-yazi-altinda bghab-entity-placement\"><div class=\"bghab-adlabel\">Reklamlar<\/div><script async src=\"https:\/\/pagead2.googlesyndication.com\/pagead\/js\/adsbygoogle.js\"><\/script>\r\n<!-- bghaber-yaz\u0131-sonu -->\r\n<ins class=\"adsbygoogle\"\r\n     style=\"display:block\"\r\n     data-ad-client=\"ca-pub-6203283170189293\"\r\n     data-ad-slot=\"4222328180\"\r\n     data-ad-format=\"auto\"\r\n     data-full-width-responsive=\"true\"><\/ins>\r\n<script>\r\n     (adsbygoogle = window.adsbygoogle || []).push({});\r\n<\/script><\/div><br style=\"clear: both; display: block; float: none;\"\/>","protected":false},"excerpt":{"rendered":"<p>Yunanistan\u2019\u0131n ya\u015fad\u0131\u011f\u0131 kriz, turizmine de yans\u0131d\u0131. Vize i\u015flemlerinde yava\u015flayan Yunanistan, en erken 1 ay sonraya vize sa\u011flayabiliyor, s\u00fcrenin daha da uzamayaca\u011f\u0131n\u0131n garantisi yok. El\u00e7iliklerde binlerce<\/p>\n","protected":false},"author":13,"featured_media":15519,"comment_status":"closed","ping_status":"closed","sticky":false,"template":"","format":"standard","meta":{"advanced_seo_description":"","jetpack_seo_html_title":"","jetpack_seo_noindex":false,"_jetpack_memberships_contains_paid_content":false,"footnotes":""},"categories":[9],"tags":[],"class_list":["post-15518","post","type-post","status-publish","format-standard","has-post-thumbnail","hentry","category-ekonomi"],"jetpack_featured_media_url":"https:\/\/i0.wp.com\/www.bghaber.org\/bghaber\/wp-content\/uploads\/2015\/07\/r%C4%B1fat.jpg?fit=293%2C184&ssl=1","jetpack_sharing_enabled":true,"jetpack_likes_enabled":true,"jetpack-related-posts":[],"jetpack_shortlink":"https:\/\/wp.me\/pc2PfJ-42i","_links":{"self":[{"href":"https:\/\/www.bghaber.org\/bghaber\/wp-json\/wp\/v2\/posts\/15518","targetHints":{"allow":["GET"]}}],"collection":[{"href":"https:\/\/www.bghaber.org\/bghaber\/wp-json\/wp\/v2\/posts"}],"about":[{"href":"https:\/\/www.bghaber.org\/bghaber\/wp-json\/wp\/v2\/types\/post"}],"author":[{"embeddable":true,"href":"https:\/\/www.bghaber.org\/bghaber\/wp-json\/wp\/v2\/users\/13"}],"replies":[{"embeddable":true,"href":"https:\/\/www.bghaber.org\/bghaber\/wp-json\/wp\/v2\/comments?post=15518"}],"version-history":[{"count":0,"href":"https:\/\/www.bghaber.org\/bghaber\/wp-json\/wp\/v2\/posts\/15518\/revisions"}],"wp:featuredmedia":[{"embeddable":true,"href":"https:\/\/www.bghaber.org\/bghaber\/wp-json\/wp\/v2\/media\/15519"}],"wp:attachment":[{"href":"https:\/\/www.bghaber.org\/bghaber\/wp-json\/wp\/v2\/media?parent=15518"}],"wp:term":[{"taxonomy":"category","embeddable":true,"href":"https:\/\/www.bghaber.org\/bghaber\/wp-json\/wp\/v2\/categories?post=15518"},{"taxonomy":"post_tag","embeddable":true,"href":"https:\/\/www.bghaber.org\/bghaber\/wp-json\/wp\/v2\/tags?post=15518"}],"curies":[{"name":"wp","href":"https:\/\/api.w.org\/{rel}","templated":true}]}}