{"id":15513,"date":"2015-07-09T23:14:03","date_gmt":"2015-07-09T20:14:03","guid":{"rendered":"http:\/\/www.bghaber.org\/bghaber\/?p=15513"},"modified":"2015-07-09T23:14:03","modified_gmt":"2015-07-09T20:14:03","slug":"ihaneti-basi-ve-kirilma-noktalari","status":"publish","type":"post","link":"https:\/\/www.bghaber.org\/bghaber\/ihaneti-basi-ve-kirilma-noktalari\/","title":{"rendered":"\u00a0 \u0130haneti Ba\u015f\u0131 ve K\u0131r\u0131lma Noktalar\u0131"},"content":{"rendered":"<p>BGSAM<\/p>\n<p>Konu:\u00a0\u00a0\u00a0 <strong>Bulgaristan T\u00fcrklerine B\u00fcy\u00fck Komplo 50 Ya\u015f\u0131nda<\/strong><\/p>\n<p>Onur ve \u015eeref Partisi Ba\u015fkan\u0131 Korman \u0130smailov onursuzluk ve \u015f&#8230; \u00a0sergilemeye devam ediyor.<\/p>\n<p><strong>\u201c<\/strong>Tv7\u2019ye konuk olan Reformcu Blok Milletvekili Korman \u0130smailov, stat\u00fckocu partilerin yarg\u0131 reformunu baltalad\u0131\u011f\u0131n\u0131 s\u00f6yledi.\u201d<\/p>\n<p>G\u00fcler misin? A\u011falar m\u0131s\u0131n?<\/p><div id=\"bghab-632285665\" class=\"bghab-icerik-icine bghab-entity-placement\"><script async src=\"\/\/pagead2.googlesyndication.com\/pagead\/js\/adsbygoogle.js?client=ca-pub-6203283170189293\" crossorigin=\"anonymous\"><\/script><ins class=\"adsbygoogle\" style=\"display:block; text-align:center;\" data-ad-client=\"ca-pub-6203283170189293\" \ndata-ad-slot=\"7303146466\" \ndata-ad-layout=\"in-article\"\ndata-ad-format=\"fluid\" data-full-width-responsive=\"true\"><\/ins>\n<script> \n(adsbygoogle = window.adsbygoogle || []).push({}); \n<\/script>\n<\/div>\n<p>Soru bizim memlekette kim yarg\u0131lanacak. Yarg\u0131lanacak olan KAT\u0130LLER, HIRSIZLAR, DOLANDIRICILAR, HALKI EZENLER, VATANIMIZI SAATANLAR vs tespit edildi mi ki, onlar\u0131 yarg\u0131lamak i\u00e7in reform yap\u0131l\u0131p daha sert kanun \u00e7\u0131kar\u0131ls\u0131n?!<\/p>\n<p>Yoksa durum de\u011fi\u015fti de bizim haberimiz mi olmad\u0131.<\/p>\n<p>Bizim kesin inanc\u0131m\u0131za g\u00f6re, ilk \u00f6nce ko\u011fu\u015fa t\u0131k\u0131lacak olanlar, totaliter kom\u00fcnist rejim d\u00f6neminde halk\u0131m\u0131za kan kusturanlar, yarg\u0131s\u0131z infaz yapanlar, insanlar\u0131m\u0131z\u0131 zan alt\u0131nda b\u0131rakanlar, toplumda nefret ate\u015fi yak\u0131p toplumu parampar\u00e7a edenler ve 3 milyon vatanda\u015f\u0131m\u0131z\u0131n \u00fclkemizi terk etmesine sebep olanlard\u0131r. Kom\u00fcnizm su\u00e7lar\u0131n\u0131n af edilemeyece\u011fi, hi\u00e7 birinin aklanmamas\u0131 gerekti\u011fi konusunda ge\u00e7en hafta Sofya Bulgaristan Meclisi\u2019nde bir kanun oylamaya sunuldu ve sen meclis salonunda yoktun, sandalyen bo\u015ftu, masan\u0131n \u00fczerindeki lamban yanmad\u0131. Bunu nas\u0131l a\u00e7\u0131klayacaks\u0131n!?<\/p>\n<p>Cevap bekliyoruz. Bal\u0131kta oldu\u011funu s\u00f6ylediler. \u201cDevin\u201d baraj\u0131nda Balkan Alabal\u0131\u011f\u0131 avlam\u0131\u015fs\u0131n. Oru\u00e7lu olmayan Pomak karde\u015flerimizse bir yandan \u0131zgarada k\u0131zart\u0131rken indirip bindirmi\u015fsin ve sana \u015f\u00f6yle bir soru sormu\u015flar: \u201c<strong>Bulgaristan T\u00fcrklerindeki K\u0131r\u0131lma Noktas\u0131 ne zamana rastlar?<\/strong>\u201d\u201d \u00d6nemli bir soru. Pomaklar\u0131n inand\u0131\u011f\u0131 ger\u00e7eklere g\u00f6re, biz 1972 Pomak Ayaklanmas\u0131na kadar k\u0131r\u0131lmam\u0131\u015f\u0131z, yani T\u00fcrkler dayanabilmi\u015f, daha sonra birden \u201c<strong>yumu\u015fam\u0131\u015flar<\/strong>\u201d, \u201c<strong>\u00e7\u00f6z\u00fclmeye ba\u015flam\u0131\u015flar<\/strong>\u201d ve \u201c<strong>ki\u015fisel k\u0131r\u0131lmalar<\/strong>\u201d sonucu 1989\u2019da kay\u0131tl\u0131 \u201chainlerin\u201d adeti 3 016\u2019ya ula\u015fm\u0131\u015f.<\/p>\n<p>Korman arkada\u015f\u0131n bu soruyu cevaplayabilmesi i\u00e7in 50 y\u0131l gerilere bakmas\u0131 gerekir ki, o hen\u00fcz 42 ya\u015f\u0131nda oldu\u011fundan, boyundan b\u00fcy\u00fck i\u015flere uzanmak istemeye bilir. Asl\u0131nda insanlar, kendileri d\u00fcnyaya gelmezden \u00f6nce meydana gelen olaylardan sorumlu mudur de\u011fil midir sorusu da var da, g\u00f6r\u00fcld\u00fc\u011f\u00fc \u00fczere, i\u015flerine geldi\u011finde \u201cher koyun kendi baca\u011f\u0131ndan, ba\u015fkalar\u0131n\u0131n su\u00e7lar\u0131ndan sorumlu olamay\u0131z\u201d diyenler, ba\u015fka bir durumda \u00f6rne\u011fin <strong>\u201cT\u00fcrkiye\u2019deki Ermeni Soyk\u0131r\u0131m\u0131\u201d<\/strong>\u00a0 konusunda hi\u00e7 \u00e7ekinmeden \u201cevet\u201d oyu kulland\u0131lar.<\/p><div id=\"bghab-1668878973\" class=\"bghab-icerik-icine-10-paragraf bghab-entity-placement\"><script async src=\"\/\/pagead2.googlesyndication.com\/pagead\/js\/adsbygoogle.js?client=ca-pub-6203283170189293\" crossorigin=\"anonymous\"><\/script><ins class=\"adsbygoogle\" style=\"display:block; text-align:center;\" data-ad-client=\"ca-pub-6203283170189293\" \ndata-ad-slot=\"7303146466\" \ndata-ad-layout=\"in-article\"\ndata-ad-format=\"fluid\" data-full-width-responsive=\"true\"><\/ins>\n<script> \n(adsbygoogle = window.adsbygoogle || []).push({}); \n<\/script>\n<\/div>\n<p><strong>Korman\u2019\u0131n ge\u00e7en hafta kullanmad\u0131\u011f\u0131 oyun derin anlam\u0131n\u0131 biraz a\u00e7al\u0131m. <\/strong><\/p>\n<p>\u0130simlerimiz de\u011fi\u015ftirilirken\u00a040 ki\u015fi \u00f6ld\u00fcr\u00fcld\u00fc, 12 bin\u00a0 ki\u015fi hapis yatt\u0131, \u201cBelene\u201d \u00d6l\u00fcm Kamp\u0131, s\u00fcrg\u00fcnler, sopalar, dayaklar, yar\u0131m milyona yak\u0131n insan\u0131m\u0131z\u0131n g\u00f6\u00e7e zorland\u0131 ama su\u00e7lu bulunan, tutuklanan, sorgulanan, yarg\u0131lanan, i\u00e7eri d\u00fc\u015fen olmad\u0131. Sen bu eziyeti \u00e7ekenlerin temsilcisi olarak mecliste bulunuyorsun ve en \u00f6nemli yasa g\u00f6r\u00fc\u015f\u00fcl\u00fcrken \u201cDevin\u201d Baraj g\u00f6l\u00fcnde alabal\u0131k avl\u0131yorsun. Senin Sofya\u2019dan \u201cReformcu Blok\u201d Partisi oylar\u0131yla meclise girmek durumu de\u011fi\u015ftirmiyor. Bu parti seni bir T\u00fcrk temsilci olarak meclise se\u00e7tirdi, \u00e7\u00fcnk\u00fc T\u00fcrklerimiz seni ve ak\u0131l hocan olan K. Dal\u2019\u0131 tan\u0131d\u0131\u011f\u0131 i\u00e7in daha \u00f6nce se\u00e7medikleri gibi ge\u00e7en sene de se\u00e7meyebilirlerdi.<\/p>\n<p><strong>Bu analizimizde bir basamak daha derine inelim<\/strong>:<\/p>\n<p>S\u00f6z konusu olan SU\u00c7LULARIN CEZALANDIRILMASI YASASINDA DE\u011e\u0130\u015e\u0130KL\u0130K YAPILMASI VE ADALET\u0130N YER\u0130N\u0130 BULMASIDIR. Sen bu yasa de\u011fi\u015fikli\u011finin temel ta\u015f\u0131 (ana ilkesi) olan \u201ckom\u00fcnist totaliter rejimde i\u015flenen su\u00e7lar\u0131n af edilmemesi, son tarihi olmamas\u0131n\u0131 isteyen kanun teklifinin g\u00f6r\u00fc\u015f\u00fcld\u00fc\u011f\u00fc bile\u015fimde haz\u0131r bulunmamakla, kendin kendi ellerinle ve kendi kafanla kendini siyasetten d\u0131\u015far\u0131 att\u0131\u011f\u0131n\u0131n fark\u0131nda m\u0131s\u0131n acaba.<\/p>\n<p>Siz ak\u0131l hocan\u0131z K. Dalla ikiniz, H\u00d6H-DPS partisinden ayr\u0131lmakla, partiyi par\u00e7alamakla ve ne olduklar\u0131 belli olmayan \u201creformcu\u201d s\u00fcr\u00fcs\u00fcne kat\u0131lmakla <strong>ebedi politikac\u0131 oldu\u011funuzu, T\u00fcrkiye\u00a0Cumhuriyetini\u00a0ard\u0131n\u0131za ald\u0131\u011f\u0131n\u0131z\u0131,\u00a0T\u00fcrkiye&#8217;deki\u00a0baz\u0131 Balkan temsilcileri ve STK&#8217;lar\u00a0arac\u0131l\u0131\u011f\u0131yla partinize oy alaca\u011f\u0131n\u0131z\u0131\u00a0san\u0131yorsan\u0131z \u00e7ok yan\u0131l\u0131yorsunuz<\/strong>. Siz ge\u00e7en hafta siyaset arabas\u0131ndan bir kepek \u00e7uval\u0131 gibi d\u00fc\u015ft\u00fcn\u00fcz ve olay bitmi\u015ftir.<\/p><div id=\"bghab-1055097230\" class=\"bghab-icerik-icine-15-paragraf bghab-entity-placement\"><script async src=\"\/\/pagead2.googlesyndication.com\/pagead\/js\/adsbygoogle.js?client=ca-pub-6203283170189293\" crossorigin=\"anonymous\"><\/script><ins class=\"adsbygoogle\" style=\"display:block; text-align:center;\" data-ad-client=\"ca-pub-6203283170189293\" \ndata-ad-slot=\"7303146466\" \ndata-ad-layout=\"in-article\"\ndata-ad-format=\"fluid\" data-full-width-responsive=\"true\"><\/ins>\n<script> \n(adsbygoogle = window.adsbygoogle || []).push({}); \n<\/script>\n<\/div>\n<p>Bulgaristan \u201c<strong>adalet<\/strong>\u201d yaras\u0131n\u0131n zonklayan \u00f6z\u00fcnde 1974\u2019ten kapanmam\u0131\u015f 2 cinayet dosyas\u0131 vard\u0131r. Bunlardan biri Ahmet H\u00fcseyinov (Ahmet Do\u011fan)\u00a0 ikincisi de Nedim Gen\u00e7ev dosyas\u0131d\u0131r. \u0130kisinin kapa\u011f\u0131 da ayn\u0131 y\u0131l \u015eumen (\u015eumnu\u2019da) a\u00e7\u0131lm\u0131\u015f, fakat ikisi de Sofya\u2019da Bulgar devlet istihbarat\u0131n\u0131n en gizli ar\u015fivinde en kal\u0131n \u00e7elik kap\u0131l\u0131 kasalar\u0131n \u00f6zel s\u0131rlar b\u00f6l\u00fcm\u00fcnde halktan gizlenerek korunmaya devam ediyor.<\/p>\n<p>Bu dosyalar\u0131n i\u00e7indeki s\u0131r evraklar\u0131 birer birer anlatmazdan \u00f6nce, ge\u00e7en hafta mecliste oylamaya kat\u0131lmayarak, oyunuzu adalet reformu i\u00e7in kullanmayarak, bu 2 cinayet dosyas\u0131n\u0131n a\u00e7\u0131lmas\u0131na bir daha engel oldunuz. B\u00f6ylece Bulgaristan \u201cadaletinin\u201d k\u00f6k\u00fcndeki zehirin temizlenmesine, halk\u0131n rahatlamas\u0131na engel oldunuz ve bu konuda s\u00f6z hakk\u0131n\u0131z\u0131 ebediyen kaybederken, politik gelece\u011finizi de kara listeye kendiniz ald\u0131n\u0131z.<\/p>\n<p><strong>Olay nedir<\/strong>?<\/p>\n<p>1974 y\u0131l\u0131nda Y\u00fczba\u015f\u0131 Nedim Gen\u00e7ev \u015eumen \u0130\u015f \u0130\u015fleri Bakanl\u0131\u011f\u0131 Amirli\u011finin \u201cT\u00fcrk \u015eubesi\u201d nde subayd\u0131<strong>. Bir T\u00fcrk genci kovalarken kaza yapt\u0131, gen\u00e7 \u00f6ld\u00fc<\/strong>. O y\u0131llar\u0131n trafik yasas\u0131na g\u00f6re, \u00a0N. Gen\u00e7ev\u2019in tutuklanmas\u0131, yarg\u0131lanmas\u0131 ve hapse girmesi gerekiyordu. Bunlar\u0131n hi\u00e7 birisi olmad\u0131. \u00d6len gencin yak\u0131nlar\u0131 T\u00fcrkiye\u2019ye g\u00f6\u00e7 vizesi alma kar\u015f\u0131l\u0131\u011f\u0131 olarak \u015fikayette bile bulunamad\u0131, Nedim tutuklanmad\u0131. O\u011fullar\u0131n\u0131n \u00f6l\u00fcm\u00fcn\u00fcn ac\u0131s\u0131yla k\u0131vrananlar g\u00f6\u00e7 ettiler. Nedim kurtuldu. Fakat Bulgar devleti Nedim Gen\u00e7ev\u2019e yapt\u0131\u011f\u0131 bu \u201ciyili\u011fin\u201d bedelini onun \u00f6n\u00fcne hemen koydu.<\/p>\n<p>\u201c<strong>Resmi polisli\u011fi unutacaks\u0131n, halk\u0131n g\u00f6z\u00fcnden kaybolacaks\u0131n, din e\u011fitimi almak i\u00e7in \u015eam\u2019a g\u00f6nderece\u011fiz seni ve d\u00f6nd\u00fc\u011f\u00fcnde Bulgaristan\u2019da \u0130slam\u2019\u0131 ve M\u00fcsl\u00fcmanl\u0131\u011f\u0131 \u00e7\u00f6kertme davas\u0131nda er olacaks\u0131n<\/strong>!\u201d<\/p><div id=\"bghab-1588186135\" class=\"bghab-icerik-icine-20-paragraf bghab-entity-placement\"><script async src=\"\/\/pagead2.googlesyndication.com\/pagead\/js\/adsbygoogle.js?client=ca-pub-6203283170189293\" crossorigin=\"anonymous\"><\/script><ins class=\"adsbygoogle\" style=\"display:block; text-align:center;\" data-ad-client=\"ca-pub-6203283170189293\" \ndata-ad-slot=\"7303146466\" \ndata-ad-layout=\"in-article\"\ndata-ad-format=\"fluid\" data-full-width-responsive=\"true\"><\/ins>\n<script> \n(adsbygoogle = window.adsbygoogle || []).push({}); \n<\/script>\n<\/div>\n<p><strong>Nedim \u015eam\u2019da b\u00fcy\u00fcc\u00fcl\u00fck e\u011fitimi ald\u0131. <\/strong>D\u00f6nd\u00fc \u00f6nce K\u0131rcali M\u00fcft\u00fcs\u00fc, ard\u0131ndan Bulgaristan M\u00fcsl\u00fcmanlar\u0131 Manevi \u0130\u015fler Konsey Ba\u015fkan\u0131, daha sonra da Ba\u015f M\u00fcft\u00fc oldu. 1990\u2019da Bulgaristan M\u00fcsl\u00fcmanlar\u0131n\u0131 \u201c<strong>Yuvarlak Masa<\/strong>\u201d da temsil etti. T\u00fcm g\u00f6revlerden d\u00fc\u015ft\u00fc ama ihanetine son vermedi. Bulgaristan M\u00fcsl\u00fcmanlar\u0131n\u0131 b\u00f6lmek ve Bulgaristan M\u00fcsl\u00fcmanlar\u0131 Ba\u015f M\u00fcft\u00fcl\u00fc\u011f\u00fcn\u00fc par\u00e7alamak amac\u0131yla <strong>Bulgaristan M\u00fcsl\u00fcmanlar\u0131 Suni Hanefi M\u00fcft\u00fcl\u00fc\u011f\u00fc <\/strong>kurdu. M\u00fcft\u00fcl\u00fck ta\u015f\u0131nmazlar\u0131ndan bir\u00e7o\u011funu \u201c<strong>o\u011fluna <\/strong>\u201csatt\u0131. \u00d6rne\u011fin Rus\u00e7uk\u2019taki (Ruse) M\u00fcft\u00fcl\u00fc\u011f\u00fcn\u00fcn m\u00fclk\u00fc olan Oteli bile o\u011fluna devretti vs.<\/p>\n<p>Ge\u00e7en hafta Filibe (Plovdiv) iline ba\u011fl\u0131 Karlova \u015fehrindeki (Ali Pa\u015fa) Kur\u015fun Caminin mahkeme kararlar\u0131na ra\u011fmen, Belediyeye devrine kar\u015f\u0131, Filibe M\u00fcft\u00fcl\u00fc\u011f\u00fc \u2019n\u00fcn \u00e7a\u011fr\u0131s\u0131na uyularak Ulusal M\u00fcsl\u00fcman Protestosu yap\u0131ld\u0131. Bu Bulgaristanl\u0131 M\u00fcsl\u00fcmanlar\u0131n Ba\u015f M\u00fcft\u00fcl\u00fck \u00f6nc\u00fcl\u00fc\u011f\u00fcnde \u201cadaletsizli\u011fe\u201d kar\u015f\u0131 ilk ulusal ba\u015fkald\u0131r\u0131s\u0131 olarak tarihe ge\u00e7ti. 1475\u2019te kurulmu\u015f olan Kur\u015fun Cami Filibe M\u00fcft\u00fcl\u00fc\u011f\u00fcne neden geri verilmedi biliyor musunuz?<\/p>\n<p>Cevap veriyorum<strong>: <\/strong><\/p>\n<p><strong>N. Gen\u00e7ev, S\u00fcnni Hanefi Ba\u015f M\u00fcft\u00fcl\u00fc\u011f\u00fc ad\u0131na Sofya Temyiz Mahkemesine bir itiraz dilek\u00e7esi sunarak 600 y\u0131ll\u0131k caminin kendisine ait oldu\u011funu iddia etti ve mahkeme onun d\u00fczmece iddialar\u0131n\u0131 kabul etti. Yorumlamak istemiyorum, \u00e7\u00fcnk\u00fc g\u00f6z\u00fcm\u00fcn \u00f6n\u00fcnde hep \u015fu zavall\u0131 gen\u00e7 Kroman\u2019\u0131n ikiy\u00fczl\u00fc s\u0131r\u0131tmas\u0131 \u015fak\u0131yor. Yap\u0131lacak ceza kanunu de\u011fi\u015fikli\u011fi ile Nedim Gen\u00e7ev\u2019in 1974 dosyas\u0131 a\u00e7\u0131lmal\u0131d\u0131r. \u201cPolislerin kas\u0131tl\u0131 cinayetlerine aklama s\u00fcresi ve zaman a\u015f\u0131m\u0131 olamaz!\u201d diyen maddeye\u00a0 dayan\u0131larak \u201cver bileklerini kelep\u00e7eni takal\u0131m\u201d dense ve yarg\u0131dan \u015f\u00f6yle bir 15 y\u0131l alsa, o zaman ihanet, sahtelik, d\u00f6neklik, \u015feytanl\u0131k, yalan, dolan kazan\u0131 kaynayamaz, adalet kendili\u011finden yerini bulur vs. <\/strong><\/p>\n<p>Bug\u00fcn bu ka\u015farl\u0131 ajan bozmalar\u0131n\u0131n tuvalete gidi\u015fleri bile dan\u0131\u015f\u0131kl\u0131 d\u00f6v\u00fc\u015f. 1974\u2019de insan \u00f6ld\u00fcren Nedim Gen\u00e7ev, Bulgaristan M\u00fcsl\u00fcmanl\u0131\u011f\u0131na kar\u015f\u0131 bu yeni komployu da yapmakla, hapse gitmemesinin bedelini biraz daha \u00f6demi\u015f oldu. Daha ne kadar \u00f6deyecek, Allah bilir! Bunu anlatmakla ve bir cinayet olay\u0131n\u0131 1974 y\u0131l\u0131n\u0131n karanl\u0131k bir gecesinden 2015 Haziran\u0131n\u0131n son g\u00fcnlerinde yap\u0131lan Bulgaristan T\u00fcrklerinin \u0130lk Ulusal M\u00fcsl\u00fcman Protesto G\u00f6sterisine kadar gelirken hep ayn\u0131 hainli\u011fin, ayn\u0131 ihanetin, bir t\u00fcrl\u00fc kendine gelemeyen ruhsal k\u0131r\u0131lm\u0131\u015fl\u0131\u011f\u0131n ve irade ezikli\u011finin k\u0131rm\u0131z\u0131 komplo \u00e7izgisini izliyoruz. Bir de paralel \u00e7izgi var.<\/p><div id=\"bghab-3513279461\" class=\"bghab-icerik-icine-25-paragraf bghab-entity-placement\"><script async src=\"\/\/pagead2.googlesyndication.com\/pagead\/js\/adsbygoogle.js?client=ca-pub-6203283170189293\" crossorigin=\"anonymous\"><\/script><ins class=\"adsbygoogle\" style=\"display:block; text-align:center;\" data-ad-client=\"ca-pub-6203283170189293\" \ndata-ad-slot=\"7303146466\" \ndata-ad-layout=\"in-article\"\ndata-ad-format=\"fluid\" data-full-width-responsive=\"true\"><\/ins>\n<script> \n(adsbygoogle = window.adsbygoogle || []).push({}); \n<\/script>\n<\/div>\n<p><strong>\u0130kinci olay nedir<\/strong>?<\/p>\n<p>Bu da yine \u015eumen\u2019de yine 1970\u2019li y\u0131llarda olan ba\u015fka bir cinayette, \u201c\u015eumen \u00dcniversi\u201dnde bir T\u00fcrk \u00f6\u011frenci k\u0131z\u0131n b\u0131\u00e7aklanarak \u00f6ld\u00fcr\u00fclmesine ve olay\u0131n g\u00f6be\u011finde ba\u015f akt\u00f6r rol\u00fcnde Ahmet Do\u011fan\u2019\u0131n olmas\u0131na dayan\u0131r. O k\u0131zca\u011f\u0131z\u0131m\u0131z\u0131n babas\u0131 da 1976\u2019da T\u00fcrkiye\u2019ye g\u00f6\u00e7 ederken, Bulgar Dili \u00d6\u011frencisi Ahmet H\u00fcseyinov\u2019u su\u00e7layan dilek\u00e7esini geri ald\u0131, kar\u015f\u0131l\u0131\u011f\u0131nda pasaport verildi ve Bursa\u2019y\u0131 boylad\u0131.<\/p>\n<p><strong>Ahmet H\u00fcseyinov 1974\u2019te gizli polise hafiye, muhbir olmu\u015ftu<\/strong>.<\/p>\n<p>\u015eumen\u2019de \u00f6\u011frenci olunca \u00e7ok b\u00fcy\u00fck aktiflik g\u00f6steren ve bu k\u0131rl\u0131 i\u015fte s\u0131n\u0131r tan\u0131mayan bir gen\u00e7 polis muhbirinin bir T\u00fcrk k\u0131z\u0131n\u0131 cinsel zorlamas\u0131 sonucu b\u0131\u00e7aklayarak \u00f6ld\u00fcrmesi, halk taraf\u0131ndan \u201ck\u0131zdan \u0131rz kan\u0131 de\u011fil hafiye olmas\u0131 istenmi\u015ftir, kabul etmeyince de b\u0131\u00e7aklanarak \u00f6ld\u00fcr\u00fclm\u00fc\u015ft\u00fcr\u201d s\u00f6zlerinin \u015fi\u015feden \u015feytan ruhu gibi \u00e7\u0131kmas\u0131 Sofya\u2019daki generalleri bile uykular\u0131ndan etmi\u015fti.<\/p>\n<p>\u201cAl\u0131n o yaramaz\u0131\u201d oradan ve Sofya\u2019ya getirin ve g\u00f6z\u00fcm\u00fcz\u00fcn \u00f6n\u00fcnde dursun diyenlerin \u00e7ok hiddetlendi\u011fi, olaya kapatmaya, muhbiri bu cinayet vesile edilerek \u00f6m\u00fcr boyu zan alt\u0131nda b\u0131rak\u0131p kullanma sonucunu do\u011furdu. Ahmet hapse gidip 10 y\u0131l yataca\u011f\u0131na, BKP MK Sekreteri St. Mihaylov\u2019un \u00f6zel mektubu, Bilim Ve Teknik Komitesi Ba\u015fkan\u0131 N. Papazov\u2019un yalvarmalar\u0131, hatta Bulgaristan \u0130stihbarat\u0131 Birinci \u015eube \u015eefi Radobnov\u2019un Sofya \u00dcniversitesi Rekt\u00f6r\u00fcne \u00e7ok \u0131srarl\u0131 gizli mektubu sonunda ilgili \u201c\u00e7ok kabiliyetli ki\u015finin\u201d yani \u201cgizlenmesi gereken bir katilin\u201d \u00a0\u015eumen\u2019den Sofya\u2019ya devri ger\u00e7ekle\u015fti. Y\u0131l 1976 idi. Bu \u201ckabiliyetli kalpazan\u201d derse girmeden, 2 y\u0131l salland\u0131, \u015fok ve stres d\u00f6nemlerinden sonra FELSEFE FAK\u00dcLTES\u0130N\u0130 B\u0130T\u0130RM\u0130\u015eT\u0130R D\u0130PLOMASI ald\u0131.<\/p><div id=\"bghab-4059022100\" class=\"bghab-icerik-icine-30-paragraf bghab-entity-placement\"><script async src=\"\/\/pagead2.googlesyndication.com\/pagead\/js\/adsbygoogle.js?client=ca-pub-6203283170189293\" crossorigin=\"anonymous\"><\/script><ins class=\"adsbygoogle\" style=\"display:block; text-align:center;\" data-ad-client=\"ca-pub-6203283170189293\" \ndata-ad-slot=\"7303146466\" \ndata-ad-layout=\"in-article\"\ndata-ad-format=\"fluid\" data-full-width-responsive=\"true\"><\/ins>\n<script> \n(adsbygoogle = window.adsbygoogle || []).push({}); \n<\/script>\n<\/div>\n<p>Bu olay da kimseyi \u015fa\u015f\u0131rtmad\u0131. Bu i\u015flerin i\u00e7 y\u00fcz\u00fcn\u00fc bilenler, \u201cBonfile\u201d ate\u015fe at\u0131lmazdan \u00f6nce terbiye edildi\u011fini iyi bildiklerinden, \u00e7ok sab\u0131rl\u0131yd\u0131lar. Nihayet, kar\u015f\u0131lar\u0131ndaki bir zavall\u0131 \u201ckatildi.\u201d Cezas\u0131n\u0131 \u00e7ekmeliydi. Oltaya tak\u0131\u015fm\u0131\u015f, ruhu k\u0131r\u0131lm\u0131\u015ft\u0131. Zaten kimliksiz oldu\u011fundan istedikleri gibi oynat\u0131yorlard\u0131. Bu arada, ak\u0131llar\u0131na gelen bir \u00e7\u0131lg\u0131nl\u0131k da, onu da ne pahas\u0131na olursa olsun yurt d\u0131\u015f\u0131na ekmekti. \u00a0Onu da Nedim Gencev gibi \u201cyurt d\u0131\u015f\u0131na \u00e7\u0131karma\u201d ser\u00fcveni ba\u015flad\u0131. Ne yaz\u0131k ki, Bulgar gizli polisi de bir \u201c\u015fopar\u0131\u201d Bulgar toplumuna \u201cT\u00fcrk\u201d olarak dayatmada ba\u015far\u0131l\u0131 olurken, daha \u00f6te yap\u0131lan\u00a0b.. koktu da koktu.\u00a0 En sonunda \u201csaray\u201d denen hapishaneye kapamak ve konu\u015fmas\u0131n\u0131 ve burnunu kap\u0131dan \u00e7\u0131karmas\u0131n\u0131 bile yasaklad\u0131lar. \u015eimdi b\u00fct\u00fcn gece i\u00e7iyor ve b\u00fct\u00fcn g\u00fcn uyuyormu\u015f\u2026 Yani 20 y\u0131ld\u0131r sabah g\u00fcne\u015fini g\u00f6rememi\u015f birinden bahsediyoruz.<\/p>\n<p><strong>Soruyorum:<\/strong><\/p>\n<p>A. Do\u011fan\u2019a kar\u015f\u0131 isyan eden ve H\u00d6H \u2013 DPS partinden ayr\u0131l\u0131p \u201cReform\u201d heveslileri s\u00fcr\u00fcs\u00fcne kat\u0131lan Korman \u0130smailov, kom\u00fcnizm d\u00f6neminde 1974 ve 1976 y\u0131llar\u0131 da dahil \u015eumen \u015fehrinde\u00a0 i\u015flenen \u015fu iki kal\u0131n ve a\u011f\u0131r kriminal su\u00e7 dosyalar\u0131n\u0131n a\u00e7\u0131lmas\u0131na ve Nedim Gen\u00e7ev ile Ahmet Do\u011fan\u2019\u0131n \u00a02 T\u00fcrk\u00a0 genci bundan 50 y\u0131l \u00f6nce \u00f6ld\u00fcrmekten gecikmeli de olsa \u015fimdi ve hemen yarg\u0131lanmalar\u0131na\u00a0 ve en karanl\u0131k hapishanenin en zindan h\u00fccresine \u00f6m\u00fcr boyu at\u0131lmas\u0131na neden kar\u015f\u0131 \u00e7\u0131k\u0131yor ve bu ne zamana kadar b\u00f6yle devam edecektir.?<\/p>\n<p>T\u00fcrkler aras\u0131nda ruhen ve vicdanen il k\u0131r\u0131lan iki hain Nedim Gencev ile Ahmet Do\u011fan hak ettikleri cezay\u0131 \u00e7ekmedik\u00e7e, hukuktan ka\u00e7t\u0131k\u00e7a ve bunlara \u00e7ad\u0131r a\u00e7\u0131p kendilerini koruyan olduk\u00e7a Bulgaristan\u2019da adaletten s\u00f6z edilemez. Olay ger\u00e7e\u011fi budur.<\/p>\n<p>\u015eimdiden Ramazan Bayram\u0131n\u0131z\u0131 kutluyoruz.<\/p><div id=\"bghab-1695992360\" class=\"bghab-icerik-icine-35-paragraf bghab-entity-placement\"><script async src=\"\/\/pagead2.googlesyndication.com\/pagead\/js\/adsbygoogle.js?client=ca-pub-6203283170189293\" crossorigin=\"anonymous\"><\/script><ins class=\"adsbygoogle\" style=\"display:block; text-align:center;\" data-ad-client=\"ca-pub-6203283170189293\" \ndata-ad-slot=\"7303146466\" \ndata-ad-layout=\"in-article\"\ndata-ad-format=\"fluid\" data-full-width-responsive=\"true\"><\/ins>\n<script> \n(adsbygoogle = window.adsbygoogle || []).push({}); \n<\/script>\n<\/div>\n<div id=\"bghab-2590481869\" class=\"bghab-yazi-altinda bghab-entity-placement\"><div class=\"bghab-adlabel\">Reklamlar<\/div><script async src=\"https:\/\/pagead2.googlesyndication.com\/pagead\/js\/adsbygoogle.js\"><\/script>\r\n<!-- bghaber-yaz\u0131-sonu -->\r\n<ins class=\"adsbygoogle\"\r\n     style=\"display:block\"\r\n     data-ad-client=\"ca-pub-6203283170189293\"\r\n     data-ad-slot=\"4222328180\"\r\n     data-ad-format=\"auto\"\r\n     data-full-width-responsive=\"true\"><\/ins>\r\n<script>\r\n     (adsbygoogle = window.adsbygoogle || []).push({});\r\n<\/script><\/div><br style=\"clear: both; display: block; float: none;\"\/>","protected":false},"excerpt":{"rendered":"<p>BGSAM Konu:\u00a0\u00a0\u00a0 Bulgaristan T\u00fcrklerine B\u00fcy\u00fck Komplo 50 Ya\u015f\u0131nda Onur ve \u015eeref Partisi Ba\u015fkan\u0131 Korman \u0130smailov onursuzluk ve \u015f&#8230; \u00a0sergilemeye devam ediyor. \u201cTv7\u2019ye konuk olan Reformcu<\/p>\n","protected":false},"author":13,"featured_media":0,"comment_status":"closed","ping_status":"closed","sticky":false,"template":"","format":"standard","meta":{"advanced_seo_description":"","jetpack_seo_html_title":"","jetpack_seo_noindex":false,"_jetpack_memberships_contains_paid_content":false,"footnotes":""},"categories":[6],"tags":[],"class_list":["post-15513","post","type-post","status-publish","format-standard","hentry","category-yorum"],"jetpack_featured_media_url":"","jetpack_sharing_enabled":true,"jetpack_likes_enabled":true,"jetpack-related-posts":[],"jetpack_shortlink":"https:\/\/wp.me\/pc2PfJ-42d","_links":{"self":[{"href":"https:\/\/www.bghaber.org\/bghaber\/wp-json\/wp\/v2\/posts\/15513","targetHints":{"allow":["GET"]}}],"collection":[{"href":"https:\/\/www.bghaber.org\/bghaber\/wp-json\/wp\/v2\/posts"}],"about":[{"href":"https:\/\/www.bghaber.org\/bghaber\/wp-json\/wp\/v2\/types\/post"}],"author":[{"embeddable":true,"href":"https:\/\/www.bghaber.org\/bghaber\/wp-json\/wp\/v2\/users\/13"}],"replies":[{"embeddable":true,"href":"https:\/\/www.bghaber.org\/bghaber\/wp-json\/wp\/v2\/comments?post=15513"}],"version-history":[{"count":0,"href":"https:\/\/www.bghaber.org\/bghaber\/wp-json\/wp\/v2\/posts\/15513\/revisions"}],"wp:attachment":[{"href":"https:\/\/www.bghaber.org\/bghaber\/wp-json\/wp\/v2\/media?parent=15513"}],"wp:term":[{"taxonomy":"category","embeddable":true,"href":"https:\/\/www.bghaber.org\/bghaber\/wp-json\/wp\/v2\/categories?post=15513"},{"taxonomy":"post_tag","embeddable":true,"href":"https:\/\/www.bghaber.org\/bghaber\/wp-json\/wp\/v2\/tags?post=15513"}],"curies":[{"name":"wp","href":"https:\/\/api.w.org\/{rel}","templated":true}]}}