{"id":15507,"date":"2015-07-08T17:00:46","date_gmt":"2015-07-08T14:00:46","guid":{"rendered":"http:\/\/www.bghaber.org\/bghaber\/?p=15507"},"modified":"2015-07-30T11:40:06","modified_gmt":"2015-07-30T08:40:06","slug":"ciddi-isler","status":"publish","type":"post","link":"https:\/\/www.bghaber.org\/bghaber\/ciddi-isler\/","title":{"rendered":"Ciddi \u0130\u015fler"},"content":{"rendered":"<p>\u00d6mer \u00d6ZKAYA<\/p>\n<p>Amerikal\u0131lar, 2. D\u00fcnya Sava\u015f\u0131 y\u0131llar\u0131nda, T\u00fcrk \u0130stihbarat\u0131&#8217;n\u0131n, M\u0131s\u0131r \u00fczerinden gelen yolcu ve kargolar\u0131 &#8220;ciddiye almad\u0131\u011f\u0131n\u0131&#8221; tespit eder. Bunun \u00fczerine \u00fclkemizde g\u00f6rev yapacak elemanlar\u0131n\u0131 ve kullanacaklar\u0131 cihazlar\u0131, T\u00fcrkiye&#8217;ye M\u0131s\u0131r \u00fczerinden sokar.<\/p>\n<p>Bizim i\u00e7in istihb arat\u0131n simgesi, beldeki silaht\u0131r, oysa bu, basit tetik\u00e7iliktir, \u00f6rt\u00fcl\u00fc faaliyetler ak\u0131lla y\u00fcr\u00fct\u00fcl\u00fcr. Ciddi i\u015fler, g\u00f6steri\u015fsiz, n\u00fcmayi\u015fsiz ve sessiz yap\u0131l\u0131r. Ayr\u0131ca \u00fclkemizde her t\u00fcrl\u00fc b\u00f6l\u00fcc\u00fc faaliyetin silahl\u0131 ki\u015filerce yap\u0131ld\u0131\u011f\u0131 kanaati hakimdir. Oysa yabanc\u0131 g\u00fc\u00e7ler, projelerini, \u00e7ok \u015f\u0131k ve sayg\u0131n isimlerle, o \u00fclkede en \u00e7ok sevilen ideoloji ve de\u011fer yarg\u0131lar\u0131 \u00fczerine in\u015fa ederler. Ayr\u0131ca b\u00fcy\u00fck devletler, hedeflerini, \u00e7aya \u015feker katar gibi, hedef \u00fclkelerde se\u00e7tikleri acentalar\u0131n \u015fahsi menfaatlerinin i\u00e7ine \u015f\u0131r\u0131nga etmede mahirdirler.<br \/>\nD\u00fcnyan\u0131n gidi\u015fat\u0131n\u0131 g\u00fcncel geli\u015fmelere bakarak de\u011ferlendirmek, y\u00f6nlendirme maksatl\u0131 olabilece\u011fini de d\u00fc\u015f\u00fcnmeden, s\u00f6ylenenleri do\u011fru kabul edip yap\u0131lanlardan sonu\u00e7 \u00e7\u0131karmak yerine, d\u00fcnyay\u0131 idare etme kabiliyetine sahip b\u00fcy\u00fck g\u00fc\u00e7lerin, b\u00f6lgesel ve k\u00fcresel temel politikalar\u0131n\u0131n ne oldu\u011funu anlamaya \u00e7al\u0131\u015fmak, global geli\u015fmeleri do\u011fru anlaman\u0131n temelidir.<br \/>\nBize bak\u0131\u015f<br \/>\nT\u00fcrkiye&#8217;nin, tarihi, co\u011frafi ve siyasi mevkii onu ister istemez, milletleraras\u0131 b\u00fcy\u00fck ihtilaflar\u0131n bulu\u015ftu\u011fu yol a\u011fz\u0131na koymu\u015f bulunmaktad\u0131r.<br \/>\nKanaatlerimizin olu\u015fum s\u00fcrecinin ne kadar\u0131n\u0131n bizim kontrol\u00fcm\u00fczde olup olmad\u0131\u011f\u0131na bakmadan, toptanc\u0131 bir yakla\u015f\u0131mla, &#8220;eski&#8221; olan t\u00fcm yap\u0131 ve \u015fah\u0131slar\u0131, stat\u00fckocu olarak de\u011ferlendirmek, kurumsal haf\u0131za kayb\u0131na yol a\u00e7ar ve k\u00f6ks\u00fczl\u00fc\u011f\u00fc do\u011furur. Bu da devlette donuklu\u011fa ve zay\u0131flamaya sebebiyet verir. Yakla\u015f\u0131k 200 y\u0131ld\u0131r, hayat\u0131m\u0131z\u0131n t\u00fcm alanlar\u0131na Bat\u0131 Ayar\u0131 verme \u00e7abam\u0131za ra\u011fmen, Frans\u0131zlar\u0131n Uzakdo\u011fu m\u00fctehass\u0131s\u0131 Dr. A. Legendre, 1920&#8217;de yazd\u0131\u011f\u0131 &#8220;Avrupa Nereye Gidiyor&#8221; adl\u0131 eserinde &#8220;D\u00fcnyada Bol\u015fevikler de\u011fil, step kavimleri olan T\u00fcrk ve Mo\u011follar medeniyet i\u00e7in tehlike te\u015fkil ediyorlar&#8221; der. \u00c7\u00fcnk\u00fc mevcut k\u00fcresel d\u00fczenin kurucusu olan H\u0131ristiyan ideolojisi, &#8220;H\u0131ristiyan Devleti&#8221;ne s\u0131zan kafirleri, yani bizi, yeniden Do\u011fu&#8217;ya, geldikleri yere s\u00fcrmek \u00fcst\u00fcne kuruludur.<br \/>\nBu plan\u0131n bir a\u015famas\u0131 olarak, baz\u0131 g\u00fc\u00e7ler, \u00fcst ucu Rusya&#8217;ya, alt ucu \u0130ran&#8217;a (Hint Okyanusu&#8217;na) dayanacak \u015fekilde, T\u00fcrkiye ile T\u00fcrk d\u00fcnyas\u0131n\u0131n aras\u0131na \u015eii duvar\u0131 ve Ermeni duvar\u0131n\u0131n yan\u0131s\u0131ra bunlara paralel bir de K\u00fcrt duvar\u0131 in\u015faas\u0131 i\u00e7in en az 120 y\u0131ld\u0131r \u00e7al\u0131\u015fmaktad\u0131r.<br \/>\nAllah&#8217;tan ki bu millet, irrasyoneldir ve T\u00fcrkiye&#8217;nin reaksiyonlar\u0131 daima ani ve hayret verici olmu\u015f ve bu reaksiyonlar daima Avrupa ba\u015fkentleri aras\u0131nda n\u00fcfuz d\u00fcellolar\u0131na sebebiyet vermi\u015ftir. 1918 harbinin hemen akabinde \u0130ngiliz-Frans\u0131z ittifak\u0131n\u0131n h\u00fck\u00fcm \u00a0s\u00fcrmesi beklendi\u011fi bir s\u0131rada, Fransa ile \u0130ngiltere, T\u00fcrk-Yunan ihtilaf\u0131 y\u00fcz\u00fcnden birbirleriyle \u00e7at\u0131\u015fm\u0131\u015flard\u0131r.<br \/>\n\u00d6nceden planlanm\u0131\u015f geli\u015fmeler, \u00f6nceden planlanm\u0131\u015f sonu\u00e7lar do\u011furur.<br \/>\nG\u00fcn\u00fcbirlik geli\u015fmelere cevap yeti\u015ftirmekle bir yere varamay\u0131z. D\u00fcnyan\u0131n temel gidi\u015fat\u0131na tesir edecek \u00e7al\u0131\u015fmalar i\u00e7inde olmal\u0131y\u0131z.<br \/>\nK\u00fcrt karde\u015fim, 1915-20&#8217;lerin &#8220;b\u00f6l\u00fcc\u00fc&#8221;s\u00fc Araplar&#8217;d\u0131, ak\u0131betleri ortada, 100 y\u0131l sonra bug\u00fcn, bu y\u00fczy\u0131l\u0131n &#8220;b\u00f6l\u00fcc\u00fc&#8221;s\u00fc sen olmayas\u0131n!<\/p>\n<p>Al\u0131nt\u0131 Gune\u015f gazetesinden<\/p>\n<div id=\"bghab-1860939456\" class=\"bghab-yazi-altinda bghab-entity-placement\"><div class=\"bghab-adlabel\">Reklamlar<\/div><script async src=\"https:\/\/pagead2.googlesyndication.com\/pagead\/js\/adsbygoogle.js\"><\/script>\r\n<!-- bghaber-yaz\u0131-sonu -->\r\n<ins class=\"adsbygoogle\"\r\n     style=\"display:block\"\r\n     data-ad-client=\"ca-pub-6203283170189293\"\r\n     data-ad-slot=\"4222328180\"\r\n     data-ad-format=\"auto\"\r\n     data-full-width-responsive=\"true\"><\/ins>\r\n<script>\r\n     (adsbygoogle = window.adsbygoogle || []).push({});\r\n<\/script><\/div><br style=\"clear: both; display: block; float: none;\"\/>","protected":false},"excerpt":{"rendered":"<p>\u00d6mer \u00d6ZKAYA Amerikal\u0131lar, 2. D\u00fcnya Sava\u015f\u0131 y\u0131llar\u0131nda, T\u00fcrk \u0130stihbarat\u0131&#8217;n\u0131n, M\u0131s\u0131r \u00fczerinden gelen yolcu ve kargolar\u0131 &#8220;ciddiye almad\u0131\u011f\u0131n\u0131&#8221; tespit eder. Bunun \u00fczerine \u00fclkemizde g\u00f6rev yapacak elemanlar\u0131n\u0131<\/p>\n","protected":false},"author":13,"featured_media":15505,"comment_status":"closed","ping_status":"closed","sticky":false,"template":"","format":"standard","meta":{"advanced_seo_description":"","jetpack_seo_html_title":"","jetpack_seo_noindex":false,"_jetpack_memberships_contains_paid_content":false,"footnotes":""},"categories":[6],"tags":[],"class_list":["post-15507","post","type-post","status-publish","format-standard","has-post-thumbnail","hentry","category-yorum"],"jetpack_featured_media_url":"https:\/\/i0.wp.com\/www.bghaber.org\/bghaber\/wp-content\/uploads\/2015\/07\/4d33a47be205f7e855c712a9be313440.png?fit=120%2C140&ssl=1","jetpack_sharing_enabled":true,"jetpack_likes_enabled":true,"jetpack-related-posts":[],"jetpack_shortlink":"https:\/\/wp.me\/pc2PfJ-427","_links":{"self":[{"href":"https:\/\/www.bghaber.org\/bghaber\/wp-json\/wp\/v2\/posts\/15507","targetHints":{"allow":["GET"]}}],"collection":[{"href":"https:\/\/www.bghaber.org\/bghaber\/wp-json\/wp\/v2\/posts"}],"about":[{"href":"https:\/\/www.bghaber.org\/bghaber\/wp-json\/wp\/v2\/types\/post"}],"author":[{"embeddable":true,"href":"https:\/\/www.bghaber.org\/bghaber\/wp-json\/wp\/v2\/users\/13"}],"replies":[{"embeddable":true,"href":"https:\/\/www.bghaber.org\/bghaber\/wp-json\/wp\/v2\/comments?post=15507"}],"version-history":[{"count":0,"href":"https:\/\/www.bghaber.org\/bghaber\/wp-json\/wp\/v2\/posts\/15507\/revisions"}],"wp:featuredmedia":[{"embeddable":true,"href":"https:\/\/www.bghaber.org\/bghaber\/wp-json\/wp\/v2\/media\/15505"}],"wp:attachment":[{"href":"https:\/\/www.bghaber.org\/bghaber\/wp-json\/wp\/v2\/media?parent=15507"}],"wp:term":[{"taxonomy":"category","embeddable":true,"href":"https:\/\/www.bghaber.org\/bghaber\/wp-json\/wp\/v2\/categories?post=15507"},{"taxonomy":"post_tag","embeddable":true,"href":"https:\/\/www.bghaber.org\/bghaber\/wp-json\/wp\/v2\/tags?post=15507"}],"curies":[{"name":"wp","href":"https:\/\/api.w.org\/{rel}","templated":true}]}}