{"id":15501,"date":"2015-07-08T14:08:56","date_gmt":"2015-07-08T11:08:56","guid":{"rendered":"http:\/\/www.bghaber.org\/bghaber\/?p=15501"},"modified":"2015-07-08T14:08:56","modified_gmt":"2015-07-08T11:08:56","slug":"dunya-mirasi-turkiyede-toplanacak","status":"publish","type":"post","link":"https:\/\/www.bghaber.org\/bghaber\/dunya-mirasi-turkiyede-toplanacak\/","title":{"rendered":"&#8220;D\u00fcnya Miras\u0131&#8221; T\u00fcrkiye&#8217;de toplanacak!"},"content":{"rendered":"<div>\n<div class=\"haberdetay_spot\">\n<h2>K\u00fclt\u00fcr ve Turizm Bakan\u0131 \u00d6mer \u00c7elik, 40. D\u00fcnya Miras Komitesi Toplant\u0131s\u0131&#8217;na T\u00fcrkiye&#8217;nin ev sahipli\u011fi yapaca\u011f\u0131n\u0131 duyurdu.<\/h2>\n<\/div>\n<\/div>\n<div id=\"metin\" class=\"devam_text\">\n<span id=\"ContentPlaceHolder1_Label_detaytxt\">2016&#8217;da D\u00fcnya Miras Listesi Adaylar\u0131 \u0130\u00e7in T\u00fcrkiye&#8217;de Toplan\u0131lacak K\u00fclt\u00fcr ve Turizm Bakan\u0131 \u00d6mer \u00c7elik, UNESCO D\u00fcnya Miras Listesi&#8217;ne aday dosyalar\u0131n g\u00f6r\u00fc\u015f\u00fcl\u00fcp karar ba\u011flanaca\u011f\u0131 40. D\u00fcnya Miras Komitesi Toplant\u0131s\u0131&#8217;na T\u00fcrkiye&#8217;nin ev sahipli\u011fi yapaca\u011f\u0131n\u0131 sosyal medya arac\u0131l\u0131\u011f\u0131 ile duyurdu.<\/p>\n<p>Bakan \u00d6mer \u00c7elik, konuyla ilgili \u015f\u00f6yle konu\u015ftu:<\/p>\n<p>&#8220;Diyarbak\u0131r Surlar\u0131 ve Hevsel Bah\u00e7eleri ile Efes&#8217;in ard\u0131ndan az \u00f6nce Almanya&#8217;dan bir g\u00fczel haber daha ald\u0131k. Gelecek y\u0131l D\u00fcnya Miraslar\u0131&#8217;na T\u00fcrkiye&#8217;de karar verilecek. 2016&#8217;da 40. D\u00fcnya Miras Komitesi Toplant\u0131s\u0131&#8217;nda ev sahibi T\u00fcrkiye.<\/p>\n<p>Medeniyetlerin ba\u015fkenti \u0130stanbul&#8217;da toplanacak Komite, UNESCO D\u00fcnya Miras Listesi&#8217;ne aday dosyalar\u0131 g\u00f6r\u00fc\u015f\u00fcp karara ba\u011flayacak.T\u00fcrkiye&#8217;nin &#8216;2016 y\u0131l\u0131 ev sahibi&#8217; oldu\u011fu, Bonn&#8217;da d\u00fczenlenen 39. D\u00fcnya Miras Komitesi toplant\u0131lar\u0131nda resmi olarak duyuruldu.<\/p>\n<p>D\u00fcnya Miras Komitesi&#8217;nin i\u015fleyi\u015fi gere\u011fi toplant\u0131lar\u0131n ba\u015fkanl\u0131\u011f\u0131n\u0131 da biz y\u00fcr\u00fctece\u011fiz. D\u00fcnya Miras\u0131 Listesi&#8217;nin seneye \u0130stanbul&#8217;da belirlenecek olmas\u0131 \u00fclkemiz ad\u0131na \u00f6nemli bir geli\u015fme. \u0130stanbulumuza ve \u00fclkemize hay\u0131rl\u0131 olsun.&#8221;<\/span><\/div>\n<div id=\"bghab-3315874311\" class=\"bghab-yazi-altinda bghab-entity-placement\"><div class=\"bghab-adlabel\">Reklamlar<\/div><script async src=\"https:\/\/pagead2.googlesyndication.com\/pagead\/js\/adsbygoogle.js\"><\/script>\r\n<!-- bghaber-yaz\u0131-sonu -->\r\n<ins class=\"adsbygoogle\"\r\n     style=\"display:block\"\r\n     data-ad-client=\"ca-pub-6203283170189293\"\r\n     data-ad-slot=\"4222328180\"\r\n     data-ad-format=\"auto\"\r\n     data-full-width-responsive=\"true\"><\/ins>\r\n<script>\r\n     (adsbygoogle = window.adsbygoogle || []).push({});\r\n<\/script><\/div><br style=\"clear: both; display: block; float: none;\"\/>","protected":false},"excerpt":{"rendered":"<p>K\u00fclt\u00fcr ve Turizm Bakan\u0131 \u00d6mer \u00c7elik, 40. D\u00fcnya Miras Komitesi Toplant\u0131s\u0131&#8217;na T\u00fcrkiye&#8217;nin ev sahipli\u011fi yapaca\u011f\u0131n\u0131 duyurdu. 2016&#8217;da D\u00fcnya Miras Listesi Adaylar\u0131 \u0130\u00e7in T\u00fcrkiye&#8217;de Toplan\u0131lacak K\u00fclt\u00fcr<\/p>\n","protected":false},"author":13,"featured_media":15502,"comment_status":"closed","ping_status":"closed","sticky":false,"template":"","format":"standard","meta":{"advanced_seo_description":"","jetpack_seo_html_title":"","jetpack_seo_noindex":false,"_jetpack_memberships_contains_paid_content":false,"footnotes":""},"categories":[4],"tags":[],"class_list":["post-15501","post","type-post","status-publish","format-standard","has-post-thumbnail","hentry","category-siyaset"],"jetpack_featured_media_url":"https:\/\/i0.wp.com\/www.bghaber.org\/bghaber\/wp-content\/uploads\/2015\/07\/70836.jpg?fit=570%2C320&ssl=1","jetpack_sharing_enabled":true,"jetpack_likes_enabled":true,"jetpack-related-posts":[],"jetpack_shortlink":"https:\/\/wp.me\/pc2PfJ-421","_links":{"self":[{"href":"https:\/\/www.bghaber.org\/bghaber\/wp-json\/wp\/v2\/posts\/15501","targetHints":{"allow":["GET"]}}],"collection":[{"href":"https:\/\/www.bghaber.org\/bghaber\/wp-json\/wp\/v2\/posts"}],"about":[{"href":"https:\/\/www.bghaber.org\/bghaber\/wp-json\/wp\/v2\/types\/post"}],"author":[{"embeddable":true,"href":"https:\/\/www.bghaber.org\/bghaber\/wp-json\/wp\/v2\/users\/13"}],"replies":[{"embeddable":true,"href":"https:\/\/www.bghaber.org\/bghaber\/wp-json\/wp\/v2\/comments?post=15501"}],"version-history":[{"count":0,"href":"https:\/\/www.bghaber.org\/bghaber\/wp-json\/wp\/v2\/posts\/15501\/revisions"}],"wp:featuredmedia":[{"embeddable":true,"href":"https:\/\/www.bghaber.org\/bghaber\/wp-json\/wp\/v2\/media\/15502"}],"wp:attachment":[{"href":"https:\/\/www.bghaber.org\/bghaber\/wp-json\/wp\/v2\/media?parent=15501"}],"wp:term":[{"taxonomy":"category","embeddable":true,"href":"https:\/\/www.bghaber.org\/bghaber\/wp-json\/wp\/v2\/categories?post=15501"},{"taxonomy":"post_tag","embeddable":true,"href":"https:\/\/www.bghaber.org\/bghaber\/wp-json\/wp\/v2\/tags?post=15501"}],"curies":[{"name":"wp","href":"https:\/\/api.w.org\/{rel}","templated":true}]}}