{"id":15493,"date":"2015-07-07T17:23:47","date_gmt":"2015-07-07T14:23:47","guid":{"rendered":"http:\/\/www.bghaber.org\/bghaber\/?p=15493"},"modified":"2015-07-07T17:23:47","modified_gmt":"2015-07-07T14:23:47","slug":"balkanlarin-incisi-ohri-yaza-hazir","status":"publish","type":"post","link":"https:\/\/www.bghaber.org\/bghaber\/balkanlarin-incisi-ohri-yaza-hazir\/","title":{"rendered":"Balkanlar\u2019\u0131n incisi Ohri yaza haz\u0131r"},"content":{"rendered":"<div class=\"short_content\">Makedonya&#8217;n\u0131n en \u00f6nemli turizm merkezlerinden biri olan, incisi ve z\u00fcmr\u00fct ye\u015fili g\u00f6l\u00fc ile \u00fcnl\u00fc k\u00fc\u00e7\u00fck &#8220;sahil&#8221; kenti Ohri yaza haz\u0131r.<\/div>\n<div id=\"news_content\" class=\"text_content\">\n<p>Balkanlar&#8217;\u0131n yeni turizm g\u00f6zdesi Ohri, do\u011fal g\u00fczelliklerinin yan\u0131 s\u0131ra tarihi evleri ve dar sokaklar\u0131yla \u00fclkeyi ziyaret edecek turistlerin \u00a0mutlaka g\u00f6rmesi gereken \u015fehirlerin ba\u015f\u0131nda geliyor. Anadolu kasabalar\u0131n\u0131 and\u0131ran Ohri, her ya\u015ftan insana uygun farkl\u0131 aktivitelere de imkan sa\u011fl\u0131yor.<\/p>\n<p>\u00dclkenin g\u00fcneybat\u0131s\u0131nda bulunan yakla\u015f\u0131k 50 bin n\u00fcfuslu \u015fehirde, farkl\u0131 dini ve etnik gruplara mensup vatanda\u015flar, bar\u0131\u015f i\u00e7erisinde bir arada ya\u015fama gelene\u011fini as\u0131rlard\u0131r s\u00fcrd\u00fcr\u00fcyor. \u015eehirde ya\u015fayan farkl\u0131 dini ve etnik gruplar aras\u0131ndaki uyum, \u015fehri ziyaret edenler taraf\u0131ndan da hissediliyor.<\/p>\n<p>K\u00fclt\u00fcrel de\u011ferlerin, gelene\u011fin ve tarihi miras\u0131n birbirini tamamlad\u0131\u011f\u0131 \u015fehir, son y\u0131llarda yabanc\u0131 turistlerin de ilgisini \u00e7ekiyor. Bu k\u00fc\u00e7\u00fck \u015fehirde bir havaalan\u0131n\u0131n bulunmas\u0131 da \u015fehre ula\u015f\u0131m\u0131 kolayla\u015ft\u0131ran \u00f6nemli etkenlerden.<\/p>\n<p>Ge\u00e7imini rehberlik yaparak sa\u011flayan Ohrili Name Gjoko, kentin son y\u0131llarda \u00e7ok fazla yabanc\u0131 turist taraf\u0131ndan ziyaret edildi\u011fini, \u00f6zellikle Hollanda, T\u00fcrkiye, Bulgaristan ve Yunanistan&#8217;dan Ohri&#8217;ye \u00e7ok say\u0131da turist geldi\u011fini s\u00f6yledi.<\/p>\n<p>Sezonunun a\u00e7\u0131lmas\u0131yla birlikte \u015fehre turistlerin gelmeye ba\u015flad\u0131\u011f\u0131n\u0131 anlatan Gjoko, &#8220;Bu y\u0131l Avusturya ve Almanya&#8217;dan da turistler gelmeye ba\u015flad\u0131. Bunun yan\u0131 s\u0131ra Ohri&#8217;ye yak\u0131n mesafede bulunan Arnavutluk, Karada\u011f ve Kosova&#8217;dan da turistler geliyor&#8221; diye konu\u015ftu.<\/p><div id=\"bghab-2938119646\" class=\"bghab-icerik-icine bghab-entity-placement\"><script async src=\"\/\/pagead2.googlesyndication.com\/pagead\/js\/adsbygoogle.js?client=ca-pub-6203283170189293\" crossorigin=\"anonymous\"><\/script><ins class=\"adsbygoogle\" style=\"display:block; text-align:center;\" data-ad-client=\"ca-pub-6203283170189293\" \ndata-ad-slot=\"7303146466\" \ndata-ad-layout=\"in-article\"\ndata-ad-format=\"fluid\" data-full-width-responsive=\"true\"><\/ins>\n<script> \n(adsbygoogle = window.adsbygoogle || []).push({}); \n<\/script>\n<\/div>\n<p>Gjoko, rehberlik \u00fccretlerinin 10 ile 40 avro aras\u0131nda de\u011fi\u015fti\u011fini aktararak, sadece Ohri G\u00f6l\u00fc \u00e7evresini gezmenin yan\u0131 s\u0131ra Bilyana Kaynaklar\u0131 ve eski Yugoslavya lideri Tito&#8217;nun yazl\u0131\u011f\u0131n\u0131 da g\u00f6rme imkan\u0131 sunduklar\u0131n\u0131 kaydetti.<\/p>\n<p><strong>Ohri \u0130ncisi&#8217;ne yo\u011fun ilgi<\/strong><\/p>\n<p>Ohri&#8217;yi ziyaret eden turistler, sadece rehberler i\u00e7in de\u011fil, \u015fehirdeki k\u00fc\u00e7\u00fck esnaf i\u00e7in de \u00f6nemli ge\u00e7im kayna\u011f\u0131.Ge\u00e7imin, &#8220;Ohri \u0130ncisi&#8221; satarak sa\u011flayan T\u00fcrk as\u0131ll\u0131 Nazukte Nebi de kente gelen turistlerin incilere yo\u011fun ilgi g\u00f6sterdi\u011fini belirterek, Ohri&#8217;ye y\u0131l\u0131n her d\u00f6neminde turist geldi\u011fini ancak \u00f6zellikle yaz aylar\u0131n\u0131n esnaf i\u00e7in &#8220;bamba\u015fka&#8221; oldu\u011funu s\u00f6yledi.<\/p>\n<p>Kenti ziyaret eden turistlerin Ohri G\u00f6l\u00fc&#8217;nden \u00e7\u0131kar\u0131larak i\u015flenen ve sat\u0131\u015fa sunulan incilere yo\u011fun ilgi g\u00f6sterdi\u011fini anlatan Nebi, incilerin en \u00e7ok sat\u0131lan \u00fcr\u00fcn oldu\u011funu kaydetti.Tatil i\u00e7in Ohri&#8217;ye gelen \u0130zmirli Ayla Girgin ise \u015fehri ilk kez ziyaret etti\u011fini, \u00f6zellikle do\u011fal g\u00fczelliklerine hayran kald\u0131\u011f\u0131n\u0131 s\u00f6yledi.Gelecek y\u0131l ailesiyle birlikte yeniden Ohri&#8217;ye gelmeyi planlad\u0131\u011f\u0131n\u0131 anlatan Girgin, &#8220;\u00dclkeme d\u00f6nd\u00fc\u011f\u00fcmde herkese bu harika kenti anlataca\u011f\u0131m ve herkesi bu kentin g\u00fczellikleriyle tan\u0131\u015fmas\u0131 i\u00e7in te\u015fvik edece\u011fim&#8221; diye konu\u015ftu.<\/p>\n<p><strong>Ohri&#8217;de nereleri ziyaret etmeli?<\/strong><\/p><div id=\"bghab-3000200382\" class=\"bghab-icerik-icine-10-paragraf bghab-entity-placement\"><script async src=\"\/\/pagead2.googlesyndication.com\/pagead\/js\/adsbygoogle.js?client=ca-pub-6203283170189293\" crossorigin=\"anonymous\"><\/script><ins class=\"adsbygoogle\" style=\"display:block; text-align:center;\" data-ad-client=\"ca-pub-6203283170189293\" \ndata-ad-slot=\"7303146466\" \ndata-ad-layout=\"in-article\"\ndata-ad-format=\"fluid\" data-full-width-responsive=\"true\"><\/ins>\n<script> \n(adsbygoogle = window.adsbygoogle || []).push({}); \n<\/script>\n<\/div>\n<p>Tarihi ve do\u011fal g\u00fczellikleriyle \u00fcnl\u00fc Ohri&#8217;de, Osmanl\u0131 d\u00f6nemine ait \u00e7ok say\u0131da cami, hamam, t\u00fcrbe, tekke g\u00f6rmek m\u00fcmk\u00fcn.T\u00fcrk \u0130\u015fbirli\u011fi ve Koordinasyon Ajans\u0131 (T\u0130KA) taraf\u0131ndan onar\u0131lan Sinanudin Yusuf \u00c7elebi T\u00fcrbesi, Osmanl\u0131 Hamam\u0131, tekke ve camiler, \u00f6zellikle T\u00fcrkiye&#8217;den gelen ziyaret\u00e7ilerin en u\u011frak mekanlar\u0131 aras\u0131nda.Bunlar\u0131n yan\u0131 s\u0131ra Samoil Kalesi, Antik Tiyatro, \u0130maret, Bilyana Kaynaklar\u0131 ile Arnavutluk s\u0131n\u0131r\u0131ndaki Aziz Naum ya da Sar\u0131 Saltuk ad\u0131yla bilinen do\u011fa harikalar\u0131, su m\u00fczesi ve daha bir \u00e7ok mekan, Ohri&#8217;yi ziyaret edecek turistlerin g\u00f6rmesi gereken yerler aras\u0131nda yer al\u0131yor.<\/p>\n<p>Makedonya ile Arnavutluk s\u0131n\u0131r\u0131ndaki 358 metrekarelik Ohri G\u00f6l\u00fc&#8217;nde tekne turlar\u0131 yapmak da m\u00fcmk\u00fcn.Ayr\u0131ca, kentin eski mahallelerindeki Safranbolu evlerine benzer evleri gezmek, bal\u0131k lokantalar\u0131nda Ohri&#8217;nin me\u015fhur alabal\u0131\u011f\u0131ndan tatmak da Ohri&#8217;yi ziyaret edeceklerin &#8220;yap\u0131lacaklar&#8221; listesine eklemesi gereken notlardan.<\/p>\n<p><img data-recalc-dims=\"1\" height=\"225\" width=\"300\" decoding=\"async\" src=\"https:\/\/i0.wp.com\/www.bghaber.org\/bghaber\/wp-content\/uploads\/2015\/07\/79631-300x225.jpg?resize=300%2C225\" alt=\"79631\" \/><\/p>\n<\/div>\n<div id=\"bghab-2688617630\" class=\"bghab-yazi-altinda bghab-entity-placement\"><div class=\"bghab-adlabel\">Reklamlar<\/div><script async src=\"https:\/\/pagead2.googlesyndication.com\/pagead\/js\/adsbygoogle.js\"><\/script>\r\n<!-- bghaber-yaz\u0131-sonu -->\r\n<ins class=\"adsbygoogle\"\r\n     style=\"display:block\"\r\n     data-ad-client=\"ca-pub-6203283170189293\"\r\n     data-ad-slot=\"4222328180\"\r\n     data-ad-format=\"auto\"\r\n     data-full-width-responsive=\"true\"><\/ins>\r\n<script>\r\n     (adsbygoogle = window.adsbygoogle || []).push({});\r\n<\/script><\/div><br style=\"clear: both; display: block; float: none;\"\/>","protected":false},"excerpt":{"rendered":"<p>Makedonya&#8217;n\u0131n en \u00f6nemli turizm merkezlerinden biri olan, incisi ve z\u00fcmr\u00fct ye\u015fili g\u00f6l\u00fc ile \u00fcnl\u00fc k\u00fc\u00e7\u00fck &#8220;sahil&#8221; kenti Ohri yaza haz\u0131r. Balkanlar&#8217;\u0131n yeni turizm g\u00f6zdesi Ohri,<\/p>\n","protected":false},"author":13,"featured_media":15494,"comment_status":"closed","ping_status":"closed","sticky":false,"template":"","format":"standard","meta":{"advanced_seo_description":"","jetpack_seo_html_title":"","jetpack_seo_noindex":false,"_jetpack_memberships_contains_paid_content":false,"footnotes":""},"categories":[5],"tags":[],"class_list":["post-15493","post","type-post","status-publish","format-standard","has-post-thumbnail","hentry","category-yasam"],"jetpack_featured_media_url":"https:\/\/i0.wp.com\/www.bghaber.org\/bghaber\/wp-content\/uploads\/2015\/07\/79631.jpg?fit=300%2C225&ssl=1","jetpack_sharing_enabled":true,"jetpack_likes_enabled":true,"jetpack-related-posts":[],"jetpack_shortlink":"https:\/\/wp.me\/pc2PfJ-41T","_links":{"self":[{"href":"https:\/\/www.bghaber.org\/bghaber\/wp-json\/wp\/v2\/posts\/15493","targetHints":{"allow":["GET"]}}],"collection":[{"href":"https:\/\/www.bghaber.org\/bghaber\/wp-json\/wp\/v2\/posts"}],"about":[{"href":"https:\/\/www.bghaber.org\/bghaber\/wp-json\/wp\/v2\/types\/post"}],"author":[{"embeddable":true,"href":"https:\/\/www.bghaber.org\/bghaber\/wp-json\/wp\/v2\/users\/13"}],"replies":[{"embeddable":true,"href":"https:\/\/www.bghaber.org\/bghaber\/wp-json\/wp\/v2\/comments?post=15493"}],"version-history":[{"count":0,"href":"https:\/\/www.bghaber.org\/bghaber\/wp-json\/wp\/v2\/posts\/15493\/revisions"}],"wp:featuredmedia":[{"embeddable":true,"href":"https:\/\/www.bghaber.org\/bghaber\/wp-json\/wp\/v2\/media\/15494"}],"wp:attachment":[{"href":"https:\/\/www.bghaber.org\/bghaber\/wp-json\/wp\/v2\/media?parent=15493"}],"wp:term":[{"taxonomy":"category","embeddable":true,"href":"https:\/\/www.bghaber.org\/bghaber\/wp-json\/wp\/v2\/categories?post=15493"},{"taxonomy":"post_tag","embeddable":true,"href":"https:\/\/www.bghaber.org\/bghaber\/wp-json\/wp\/v2\/tags?post=15493"}],"curies":[{"name":"wp","href":"https:\/\/api.w.org\/{rel}","templated":true}]}}