{"id":11458,"date":"2014-09-24T01:17:25","date_gmt":"2014-09-23T22:17:25","guid":{"rendered":"http:\/\/www.bghaber.org\/bghaber\/?p=11458"},"modified":"2014-09-24T01:17:25","modified_gmt":"2014-09-23T22:17:25","slug":"neden-gerbi-sectik","status":"publish","type":"post","link":"https:\/\/www.bghaber.org\/bghaber\/neden-gerbi-sectik\/","title":{"rendered":"Neden GERB\u2019i Se\u00e7tik"},"content":{"rendered":"<p><b>Dr.Nedim B\u0130R\u0130NC\u0130<\/b><\/p>\n<p><strong>\u00a0<\/strong><\/p>\n<p><strong>Yalan yalan! Do\u011fru do\u011fru!<\/strong><\/p>\n<p><strong>\u00a0<\/strong><\/p>\n<p>Biz Bulgaristan T\u00fcrkleri ipi kopmu\u015f yolunu kaybetmi\u015f insanlar de\u011filiz.<\/p>\n<p>Borcumuz olmayan bir partiye se\u00e7imden se\u00e7ime sadaka <strong>\u201coy\u201d<\/strong> da\u011f\u0131tm\u0131yoruz.<\/p>\n<p>Verdi\u011fimiz fitre de de\u011fildir. Huzurlu gelece\u011fimize teminatt\u0131r.<\/p><div id=\"bghab-1960011757\" class=\"bghab-icerik-icine bghab-entity-placement\"><script async src=\"\/\/pagead2.googlesyndication.com\/pagead\/js\/adsbygoogle.js?client=ca-pub-6203283170189293\" crossorigin=\"anonymous\"><\/script><ins class=\"adsbygoogle\" style=\"display:block; text-align:center;\" data-ad-client=\"ca-pub-6203283170189293\" \ndata-ad-slot=\"7303146466\" \ndata-ad-layout=\"in-article\"\ndata-ad-format=\"fluid\" data-full-width-responsive=\"true\"><\/ins>\n<script> \n(adsbygoogle = window.adsbygoogle || []).push({}); \n<\/script>\n<\/div>\n<p>Biz Bulgaristan se\u00e7imlerinde oy kullanmakla, orada kalan insanlar\u0131m\u0131z\u0131n y\u00fcz\u00fcn\u00fc g\u00fcld\u00fcrmek i\u00e7in,\u00a0 huzur i\u00e7inde ve rahat ya\u015famalar\u0131na katk\u0131da bulunmak i\u00e7in sand\u0131k ba\u015f\u0131na gidiyoruz. T\u00fcrkiye ve Bulgaristan insanlar\u0131 ve h\u00fck\u00fcmetlerinin dost\u00e7a, karde\u015f\u00e7e ve kar\u015f\u0131l\u0131kl\u0131 yararl\u0131 i\u015fbirli\u011fi i\u00e7inde olmalar\u0131na katk\u0131da bulunmak i\u00e7in oy veriyoruz.<\/p>\n<p>Biz \u00e7ifte vatanda\u015fl\u0131\u011f\u0131m\u0131zla soyda\u015fl\u0131\u011f\u0131m\u0131zla, Bulgaristan vatanda\u015f\u0131 olarak korunan haklar\u0131m\u0131zdan, Bulgaristan\u2019daki mal m\u00fclk\u00fcm\u00fczden ve emeklilik gibi sosyal haklar\u0131m\u0131zdan yararlanmak ya\u015famak istedi\u011fimiz i\u00e7in sand\u0131k ba\u015f\u0131na gidiyoruz.<\/p>\n<p>&nbsp;<\/p>\n<p>2014 y\u0131l\u0131 itibar\u0131yla bu durumu ve siyaseti en iyi anlayan ve 5 Ekim se\u00e7imleri arifesinde programa alan ve en iyi anlatan politik parti Boyko Borisov\u2019un GERB partisidir.<\/p>\n<p>Bu parti milletvekili adayl\u0131\u011f\u0131na 25 T\u00fcrk ve M\u00fcsl\u00fcman y\u00fckseltti\u011fi gibi, iktidar oldu\u011funda 10 M\u00fcsl\u00fcman\u2019\u0131 Bakan Yard\u0131mc\u0131s\u0131 atayaca\u011f\u0131n\u0131 a\u00e7\u0131klad\u0131. GERB partisi Bulgaristan Cumhuriyetinde 9 kez ard arda se\u00e7im kazanan partidir. 10. zaferinde birlikte olmam\u0131za el uzatt\u0131. T\u00fcrkiye Cumhuriyeti ile daha s\u0131k\u0131, kapsaml\u0131 ve verimli i\u015fbirli\u011finden yana oldu\u011funu a\u00e7\u0131k\u00e7a ortaya koydu. N\u00fcfusu karma b\u00f6lgelere \u00f6zel yat\u0131r\u0131m y\u00f6neltme politikas\u0131n\u0131 se\u00e7im program\u0131na ald\u0131.<\/p><div id=\"bghab-3797499889\" class=\"bghab-icerik-icine-10-paragraf bghab-entity-placement\"><script async src=\"\/\/pagead2.googlesyndication.com\/pagead\/js\/adsbygoogle.js?client=ca-pub-6203283170189293\" crossorigin=\"anonymous\"><\/script><ins class=\"adsbygoogle\" style=\"display:block; text-align:center;\" data-ad-client=\"ca-pub-6203283170189293\" \ndata-ad-slot=\"7303146466\" \ndata-ad-layout=\"in-article\"\ndata-ad-format=\"fluid\" data-full-width-responsive=\"true\"><\/ins>\n<script> \n(adsbygoogle = window.adsbygoogle || []).push({}); \n<\/script>\n<\/div>\n<p>&nbsp;<\/p>\n<p>Bu se\u00e7imlere kadar 100 bin civar\u0131nda soyda\u015f se\u00e7men Hak ve \u00d6zg\u00fcrl\u00fckler Partisi (DPS)ne oy verdi. Bu parti \u00e7angal inek gibi yemeye ve tekme atmaya al\u0131\u015ft\u0131 ve halk\u0131m\u0131zdan koptu. Se\u00e7meni ar\u0131zalanmayan, ya\u011flamak bile istemeyen, kendi patentinde olan bir oy makinesi olarak g\u00f6rmeye ba\u015flad\u0131. Bu durumun de\u011fi\u015ftirilmesi, H\u00d6H y\u00f6netimi ile soyda\u015f se\u00e7men kitlesi aras\u0131nda verimli i\u015fbirli\u011fi kurulmas\u0131 i\u00e7in sayg\u0131n ve yap\u0131c\u0131 i\u015fbirli\u011fi geli\u015fti. <strong>Yanl\u0131\u015fa yanl\u0131\u015f demek gerekiyordu. Do\u011fru yol da g\u00f6sterildi. Fakat H\u00d6H y\u00f6netimi do\u011fru olan\u0131 kabul etmedi.<\/strong> Se\u00e7mene devaml\u0131 korku hissettirerek se\u00e7imden se\u00e7ime s\u00fcresiz ba\u015far\u0131l\u0131 olaca\u011f\u0131n\u0131 hesap etti. Son y\u0131llarda soyda\u015flar\u0131m\u0131z\u0131n akl\u0131n\u0131 ve bilgisini hangi ama\u00e7 i\u00e7in kullanaca\u011f\u0131 yolunda \u00e7al\u0131\u015fmalar\u0131m\u0131za ba\u015flad\u0131k. B\u00fcy\u00fck bir yol kaydedildi.<\/p>\n<p>&nbsp;<\/p>\n<p>Bu yol, GERB listesinden T\u00fcrk milletvekilleri \u00e7\u0131kar\u0131lmas\u0131, Bakan, Bakan yard\u0131mc\u0131lar\u0131, \u0130l Ba\u015fkan\u0131, Vali, Vali Yrd\u0131mc\u0131lar\u0131 ve bir\u00e7ok Genel M\u00fcd\u00fcr atanmas\u0131yla a\u00e7\u0131ld\u0131 ve geni\u015fliyor. Bulgaristan T\u00fcrk- M\u00fcsl\u00fcman ve soyda\u015flar\u0131m\u0131z\u0131n demokratikle\u015fen Bulgaristan toplumuna kat\u0131lmas\u0131nda GERB partisi bir dalgak\u0131ran oldu. Kampanya a\u00e7\u0131l\u0131\u015f\u0131nda 50\u2019den fazla T\u00fcrk ve M\u00fcsl\u00fcman vatanda\u015f\u0131n haz\u0131r bulunmas\u0131, soyda\u015f dernek heyetinin i\u015fbirli\u011fine yatk\u0131nl\u0131\u011f\u0131,\u00a0 Ba\u015fkan\u0131 Sn. Boyko Borisov\u2019un kampanyay\u0131 \u015eumen ilinde, s\u00fcnnet d\u00fc\u011f\u00fcn\u00fc, at yar\u0131\u015f\u0131, Hasan Pehivan an\u0131t\u0131n\u0131n a\u00e7\u0131l\u0131\u015f\u0131n\u0131 yapmas\u0131 \u00e7ok anlaml\u0131d\u0131r.<\/p>\n<p>&nbsp;<\/p><div id=\"bghab-388296676\" class=\"bghab-icerik-icine-15-paragraf bghab-entity-placement\"><script async src=\"\/\/pagead2.googlesyndication.com\/pagead\/js\/adsbygoogle.js?client=ca-pub-6203283170189293\" crossorigin=\"anonymous\"><\/script><ins class=\"adsbygoogle\" style=\"display:block; text-align:center;\" data-ad-client=\"ca-pub-6203283170189293\" \ndata-ad-slot=\"7303146466\" \ndata-ad-layout=\"in-article\"\ndata-ad-format=\"fluid\" data-full-width-responsive=\"true\"><\/ins>\n<script> \n(adsbygoogle = window.adsbygoogle || []).push({}); \n<\/script>\n<\/div>\n<p>Bu i\u015fbirli\u011finin devam\u0131nda GERB partisinin iktidar olmas\u0131yla sosyal, ekonomik ve politik alanda n\u00fcfusu karma b\u00f6lgelere e\u015fit hakl\u0131 yakla\u015f\u0131lmas\u0131, yat\u0131r\u0131mlar y\u00f6neltilerek hem alt yap\u0131 sorunlar\u0131n\u0131n hem de i\u015fsizlik sorununun \u00fcstesinden gelinmesi anahtar\u0131n\u0131 g\u00f6r\u00fcyoruz. Bu politikada 1990\u2019l\u0131 y\u0131llar\u0131n ba\u015f\u0131nda Demokratik G\u00fc\u00e7ler Birli\u011fi ile ba\u015flat\u0131lan etnik az\u0131nl\u0131klar\u0131n devlet i\u015flerine kazan\u0131lmas\u0131, e\u011fim ve \u00f6zg\u00fcn k\u00fclt\u00fcrel haklar\u0131n tan\u0131nmas\u0131 politikas\u0131n\u0131n devam\u0131n\u0131 g\u00f6r\u00fcyoruz.<\/p>\n<p>&nbsp;<\/p>\n<p>Bulgaristan\u2019da yerinden sayan Ge\u00e7i\u015f D\u00f6nemi\u2019nden \u00e7\u0131k\u0131p ger\u00e7ek demokrasiye ge\u00e7i\u015f ya GERB partisinin tek ba\u015f\u0131na kuraca\u011f\u0131 iktidarla ya da m\u00fcmk\u00fcn en geni\u015f katmanlar\u0131 ve t\u00fcm politik partileri kucaklayan bir koalisyon h\u00fck\u00fcmetiyle olabilir. Tek partili GERB y\u00f6netimiyle a\u011f\u0131r bir bunal\u0131m i\u00e7inde bulunan Bulgar devletinin totalitarizm kal\u0131nt\u0131lar\u0131ndan ve kollar\u0131n\u0131 toplumun her taraf\u0131na salan ahtapottan ar\u0131t\u0131p kurtar\u0131lma \u015fans\u0131 do\u011facakt\u0131r. Eski gizli polis ajanlar\u0131ndan devleti ve toplumu temizlemek ve demokrasiye nefes ald\u0131rman\u0131n ba\u015fka bir yolu yoktur.<\/p>\n<p>&nbsp;<\/p>\n<p>Biz i\u015fte bu sebeplerle, Avrupa Halk Partilerine ba\u011fl\u0131, Avrupa Birli\u011fi\u2019nde \u00fclkemizi en geni\u015f bir ekiple temsil eden, b\u00f6lgede istikrar, g\u00fcvenlik ve i\u015fbirli\u011fi programlar\u0131n\u0131n ger\u00e7ekle\u015ftirilmesinden yana olan GERB politik partisini desteklememiz, Ba\u015fkan Boyko Borisov\u2019un Ba\u015fbakanl\u0131\u011f\u0131n\u0131 desteklememiz ve oyumuzu <strong>9 nolu b\u00fcltenle <\/strong>kullanmam\u0131z isabetli olacakt\u0131r.<\/p><div id=\"bghab-3319904363\" class=\"bghab-icerik-icine-20-paragraf bghab-entity-placement\"><script async src=\"\/\/pagead2.googlesyndication.com\/pagead\/js\/adsbygoogle.js?client=ca-pub-6203283170189293\" crossorigin=\"anonymous\"><\/script><ins class=\"adsbygoogle\" style=\"display:block; text-align:center;\" data-ad-client=\"ca-pub-6203283170189293\" \ndata-ad-slot=\"7303146466\" \ndata-ad-layout=\"in-article\"\ndata-ad-format=\"fluid\" data-full-width-responsive=\"true\"><\/ins>\n<script> \n(adsbygoogle = window.adsbygoogle || []).push({}); \n<\/script>\n<\/div>\n<p>&nbsp;<\/p>\n<p>\u0130lk kez Bulgaristanl\u0131 bir B\u00fcy\u00fck politik parti soyda\u015flar\u0131m\u0131za el uzat\u0131p, birlikte olal\u0131m ve birlikte ilerleyelim diyor. Bu davet bizimdir. Zaman birlikte olma zaman\u0131d\u0131r!<\/p>\n<p>Haydi herkesin oylar\u0131 No.9 numaraya verelim.<\/p>\n<div id=\"bghab-899185322\" class=\"bghab-yazi-altinda bghab-entity-placement\"><div class=\"bghab-adlabel\">Reklamlar<\/div><script async src=\"https:\/\/pagead2.googlesyndication.com\/pagead\/js\/adsbygoogle.js\"><\/script>\r\n<!-- bghaber-yaz\u0131-sonu -->\r\n<ins class=\"adsbygoogle\"\r\n     style=\"display:block\"\r\n     data-ad-client=\"ca-pub-6203283170189293\"\r\n     data-ad-slot=\"4222328180\"\r\n     data-ad-format=\"auto\"\r\n     data-full-width-responsive=\"true\"><\/ins>\r\n<script>\r\n     (adsbygoogle = window.adsbygoogle || []).push({});\r\n<\/script><\/div><br style=\"clear: both; display: block; float: none;\"\/>","protected":false},"excerpt":{"rendered":"<p>Dr.Nedim B\u0130R\u0130NC\u0130 \u00a0 Yalan yalan! Do\u011fru do\u011fru! \u00a0 Biz Bulgaristan T\u00fcrkleri ipi kopmu\u015f yolunu kaybetmi\u015f insanlar de\u011filiz. Borcumuz olmayan bir partiye se\u00e7imden se\u00e7ime sadaka \u201coy\u201d<\/p>\n","protected":false},"author":13,"featured_media":8403,"comment_status":"closed","ping_status":"closed","sticky":false,"template":"","format":"standard","meta":{"advanced_seo_description":"","jetpack_seo_html_title":"","jetpack_seo_noindex":false,"_jetpack_memberships_contains_paid_content":false,"footnotes":""},"categories":[6],"tags":[],"class_list":["post-11458","post","type-post","status-publish","format-standard","has-post-thumbnail","hentry","category-yorum"],"jetpack_featured_media_url":"https:\/\/i0.wp.com\/www.bghaber.org\/bghaber\/wp-content\/uploads\/2013\/11\/nedim-birinci.jpg?fit=432%2C552&ssl=1","jetpack_sharing_enabled":true,"jetpack_likes_enabled":true,"jetpack-related-posts":[],"jetpack_shortlink":"https:\/\/wp.me\/pc2PfJ-2YO","_links":{"self":[{"href":"https:\/\/www.bghaber.org\/bghaber\/wp-json\/wp\/v2\/posts\/11458","targetHints":{"allow":["GET"]}}],"collection":[{"href":"https:\/\/www.bghaber.org\/bghaber\/wp-json\/wp\/v2\/posts"}],"about":[{"href":"https:\/\/www.bghaber.org\/bghaber\/wp-json\/wp\/v2\/types\/post"}],"author":[{"embeddable":true,"href":"https:\/\/www.bghaber.org\/bghaber\/wp-json\/wp\/v2\/users\/13"}],"replies":[{"embeddable":true,"href":"https:\/\/www.bghaber.org\/bghaber\/wp-json\/wp\/v2\/comments?post=11458"}],"version-history":[{"count":0,"href":"https:\/\/www.bghaber.org\/bghaber\/wp-json\/wp\/v2\/posts\/11458\/revisions"}],"wp:featuredmedia":[{"embeddable":true,"href":"https:\/\/www.bghaber.org\/bghaber\/wp-json\/wp\/v2\/media\/8403"}],"wp:attachment":[{"href":"https:\/\/www.bghaber.org\/bghaber\/wp-json\/wp\/v2\/media?parent=11458"}],"wp:term":[{"taxonomy":"category","embeddable":true,"href":"https:\/\/www.bghaber.org\/bghaber\/wp-json\/wp\/v2\/categories?post=11458"},{"taxonomy":"post_tag","embeddable":true,"href":"https:\/\/www.bghaber.org\/bghaber\/wp-json\/wp\/v2\/tags?post=11458"}],"curies":[{"name":"wp","href":"https:\/\/api.w.org\/{rel}","templated":true}]}}