{"id":11127,"date":"2014-09-02T19:01:42","date_gmt":"2014-09-02T16:01:42","guid":{"rendered":"http:\/\/www.bghaber.org\/bghaber\/?p=11127"},"modified":"2014-09-03T14:23:57","modified_gmt":"2014-09-03T11:23:57","slug":"bulgaristan-turkleri-ariniyor","status":"publish","type":"post","link":"https:\/\/www.bghaber.org\/bghaber\/bulgaristan-turkleri-ariniyor\/","title":{"rendered":"Bulgaristan T\u00fcrkleri Ar\u0131n\u0131yor"},"content":{"rendered":"<p>\u015e\u00fck\u00fcr Yaratana, \u015fu g\u00fcnleri g\u00f6rd\u00fck.<\/p>\n<p>Bulgaristan T\u00fcrk ve M\u00fcsl\u00fcmanlar\u0131 \u201c<strong>DS<\/strong>\u201d ajanlar\u0131ndan, hainlerden ar\u0131nmaya ba\u015flad\u0131. 1990 y\u0131l\u0131ndan beri ilk kez olmak \u00fczere ba\u015f jurnalci, ba\u015f hain ve \u201csaray\u201d kurdu, H\u00d6H\/DPS \u201cfahri\u201d ba\u015fkan\u0131 43. meclise aday g\u00f6sterilmedi. Hepimizin g\u00f6z\u00fc ayd\u0131n!. Haberi al\u0131r almaz baz\u0131 k\u00f6ylerde kurban kesmi\u015fler. Allah kabul etsin! \u0130\u015f Allah geli\u015fmeler hay\u0131rlara vesiledir.<!--more--><\/p>\n<figure id=\"attachment_3327\" aria-describedby=\"caption-attachment-3327\" style=\"width: 150px\" class=\"wp-caption alignleft\"><a href=\"https:\/\/i0.wp.com\/www.bghaber.org\/bghaber\/wp-content\/uploads\/2013\/07\/sakir-arslantas.jpg\"><img data-recalc-dims=\"1\" loading=\"lazy\" decoding=\"async\" class=\"size-thumbnail wp-image-3327\" src=\"https:\/\/i0.wp.com\/www.bghaber.org\/bghaber\/wp-content\/uploads\/2013\/07\/sakir-arslantas-150x150.jpg?resize=150%2C150\" alt=\"\u015eakir Arslanta\u015f\" width=\"150\" height=\"150\" \/><\/a><figcaption id=\"caption-attachment-3327\" class=\"wp-caption-text\">\u015eakir Arslanta\u015f<\/figcaption><\/figure>\n<p>Bu kararl\u0131 gidi\u015f (prosesin, s\u00fcrecin) ilk fiili ad\u0131m\u0131 <strong>18 Ocak 2013 sabah\u0131<\/strong> gen\u00e7 Oktay Yenimehmedov\u2019un kendini yeri doldurulmaz lider zanneden Ahmet Do\u011fan\u2019a Sofya\u2019da Ulusal K\u00fclt\u00fcr Saray\u0131 (NDK) 9. salonunda tabanca \u00e7ekmesi ve onu k\u00fcrs\u00fcden \u00e7\u00f6p torbas\u0131 gibi savurup atmas\u0131yla ba\u015flad\u0131. Gen\u00e7 Oktay halk davam\u0131z\u0131n adalet basamaklar\u0131ndan \u00e7\u0131kmaya devam ediyor. Sofya \u0130stinaf Mahkemesi\u2019nde (apalativen s\u0131d) davalar\u0131 kazand\u0131, akland\u0131 ve serbest b\u0131rak\u0131ld\u0131. Burgas ili T\u00fcrk belediye ve muhtarl\u0131klar\u0131ndan 1000 T\u00fcrk ve M\u00fcsl\u00fcman\u2019\u0131n g\u00f6n\u00fcll\u00fc att\u0131\u011f\u0131 imzalarla 5 Ekim 2014 se\u00e7imlerinde <strong>BA\u011eIMSIZ M\u0130LLETVEK\u0130L\u0130 ADAYI<\/strong> g\u00f6sterildi. Halk\u0131m\u0131z\u0131n adalet, hak ve \u00f6zg\u00fcrl\u00fck davas\u0131 bayra\u011f\u0131 dalgalanmaya devam ediyor. Onu aday g\u00f6sterenler Ruen, Zay\u00e7ar, Planinitsa ve L\u00fclekovo k\u00f6yleri, Karnobat ve Ayros ile Sungurlar\u0131 sakinleridir. Koca Balkan\u2019\u0131n T\u00fcrkl\u00fck etekleri Sofya Parlamentosuna biri eski milletvekili H\u00fcseyin Haf\u0131zov ve \u00f6tekisi de Oktay Yenimehmedov olmak \u00fczere, iki gen\u00e7 ve mert ayd\u0131n\u0131m\u0131z\u0131 g\u00f6nderme kararl\u0131l\u0131\u011f\u0131 i\u00e7inde, se\u00e7im haz\u0131rl\u0131\u011f\u0131 g\u00f6r\u00fcyor.<\/p>\n<p><strong>Burgas k\u00f6ylerinde se\u00e7im havas\u0131 olumludur.<\/strong><\/p>\n<p>Oktay Yenimehmedov\u2019un milletvekili se\u00e7ilmesi bir ki\u015finin yerine ba\u015fka birinin se\u00e7ilmesi, bir T\u00fcrk\u00fcn ba\u015fka bir T\u00fcrk\u00fc de\u011fi\u015ftirmesi anlam\u0131na gelmez. Sizin de g\u00f6zledi\u011finize g\u00f6re ge\u00e7en d\u00f6nem Bulgar parlamentosu \u201c<strong>\u00f6l\u00fc canl\u0131larla, dokunulmazl\u0131k stat\u00fcs\u00fc ard\u0131na gizlenerek savc\u0131l\u0131ktan, sorgudan, yarg\u0131dan<\/strong>\u201d ka\u00e7an ki\u015filerle doluydu. 13 ay yani bir y\u0131l bir ay g\u00f6rev yapan 42. halk meclisinde toplam s\u00f6ylenen 36.600 s\u00f6z aras\u0131nda en fazla kullan\u0131lan \u201c<strong>burada<\/strong>\u201d ya da \u201c<strong>yok<\/strong>\u201d s\u00f6zleri oldu. Milletvekilleri sanki hapishane yoklamas\u0131na haz\u0131rl\u0131k talimi g\u00f6r\u00fcyordu.\u00a0 En fazla tart\u0131\u015f\u0131lan konu \u201cSe\u00e7im Yasas\u0131\u201d olurken, bu kanunda esas de\u011fi\u015fiklik yap\u0131lamad\u0131.\u00a0 B\u00fct\u00fcn s\u00fcre boyunca konu\u015fulmayan konularsa: \u201c<strong>T\u00fcrk \u00f6\u011frencilere ana dilde zorunlu e\u011fitim verilmesi<\/strong>,\u201d etnik T\u00fcrk vatanda\u015flar\u0131n \u00f6zg\u00fcn k\u00fclt\u00fcrlerini geli\u015ftirme olanaklar\u0131 yarat\u0131lmas\u0131, \u00fclkede bir T\u00fcrk yay\u0131n evi a\u00e7\u0131lmas\u0131, T\u00fcrk\u00e7e kitap bas\u0131lmas\u0131, bir g\u00fcnl\u00fck gazete ve haftal\u0131k dergi \u00e7\u0131kar\u0131lmas\u0131 vs. T\u00fcrk \u00e7ocuklar\u0131n ana dilde e\u011fitim veren anaokullar\u0131 iste\u011fi de dile getirilmedi. K\u00fcrs\u00fc konu\u015fmalar\u0131nda \u201d<strong>M\u00fcsl\u00fcman k\u00fclt\u00fcr\u00fc, \u0130slam dini, cami, hak ve \u00f6zg\u00fcrl\u00fck davam\u0131za damar\u0131mdaki son damla kan akana kadar devam edece\u011fim<\/strong>\u201d s\u00f6zlerini ise, yaln\u0131z ve sadece Burgas milletvekili H\u00fcseyin Haf\u0131z kullanm\u0131\u015ft\u0131r.<\/p><div id=\"bghab-413565419\" class=\"bghab-icerik-icine bghab-entity-placement\"><script async src=\"\/\/pagead2.googlesyndication.com\/pagead\/js\/adsbygoogle.js?client=ca-pub-6203283170189293\" crossorigin=\"anonymous\"><\/script><ins class=\"adsbygoogle\" style=\"display:block; text-align:center;\" data-ad-client=\"ca-pub-6203283170189293\" \ndata-ad-slot=\"7303146466\" \ndata-ad-layout=\"in-article\"\ndata-ad-format=\"fluid\" data-full-width-responsive=\"true\"><\/ins>\n<script> \n(adsbygoogle = window.adsbygoogle || []).push({}); \n<\/script>\n<\/div>\n<p>&nbsp;<\/p>\n<p>Bu anlamda olmak \u00fczere, biz Burgas ilinde, belediye merkezlerinde ve k\u00f6ylerde yap\u0131lan se\u00e7im g\u00f6r\u00fc\u015fmelerinde halk\u0131n g\u00fcncel ve uzun vadeli, yak\u0131n s\u00fcreli ve stratejik \u00f6nem ta\u015f\u0131yan sorunlar\u0131n\u0131n birlikte tart\u0131\u015f\u0131lmas\u0131ndan, g\u00f6r\u00fc\u015f\u00fclmesinde ve ortak bir dava olarak kal\u0131c\u0131 \u00e7\u00f6z\u00fcm i\u00e7in Meclise ta\u015f\u0131nmas\u0131ndan yanay\u0131z. Davam\u0131z birdir ortakt\u0131r, uzun s\u00fcrelidir ama hedefleri a\u00e7\u0131k ve ayd\u0131nd\u0131r. Yerli Bulgar halk\u0131yla b\u00f6l\u00fc\u015femedi\u011fimiz lokma yoktur. Tarihda\u015fl\u0131k ve vatanda\u015fl\u0131k temelinde \u00f6zg\u00fcrl\u00fck hamlelerimize sars\u0131lmaz temelidir. Koca Balkan da\u011f k\u00f6yleri, Karadeniz esintili yama\u00e7lar T\u00fcrkl\u00fck ve M\u00fcsl\u00fcmanl\u0131k yuvas\u0131 ve kalesidir. Kahramanlar\u0131m\u0131z\u0131n an\u0131t \u00e7e\u015fmeleri bu diyarda ak\u0131yor. Anma t\u00f6renleri ile se\u00e7im mitingleri beraber yap\u0131l\u0131rken T\u00fcrkl\u00fc\u011f\u00fcm\u00fcz\u00fc ya\u015fatma, dinimize ba\u011fl\u0131l\u0131k, halk\u0131n ekmek yolunu kolayla\u015ft\u0131rma, gelecek ku\u015faklar\u0131 T\u00fcrkl\u00fckle \u00e7elenkle\u015fmi\u015f Vatanda birlik ve beraberlik azmi Mevlit dualar\u0131nda yank\u0131lan\u0131yor.<\/p>\n<p>Ancak bu se\u00e7im Hak ve \u00d6zg\u00fcrl\u00fckler partisinin ajanlardan ve hainlerden ar\u0131nmas\u0131, farkl\u0131 bir yap\u0131n\u0131n olu\u015fturulmas\u0131, \u00f6z davam\u0131z\u0131n, adalet, hak ve \u00f6zg\u00fcrl\u00fck kavgam\u0131z\u0131n omurgas\u0131ndan, T\u00fcrkl\u00fc\u011f\u00fcm\u00fcz\u00fcn k\u00f6klerinden gen\u00e7 ve ayd\u0131n, insan\u0131m\u0131z\u0131n aras\u0131ndan gelen ve g\u00f6nl\u00fcne yatm\u0131\u015f kadrolara oy vermemiz \u00e7ok b\u00fcy\u00fck \u00f6nem kazand\u0131. Bu yolda kararl\u0131 ve birlikte hareket etmemiz, bizden olanla bizden olmayan\u0131 birbirinden ar\u0131nmam\u0131z, bizden olan kadrolara yol vermemiz, onlar\u0131 se\u00e7memiz, meclise g\u00f6ndermemiz biz Bulgaristan T\u00fcrklerini i\u00e7inde bulundu\u011fumuz <strong>KARA DEL\u0130KTEN \u00e7\u0131karacakt\u0131r<\/strong>. Dava halk\u0131m\u0131z\u0131n \u00f6z davas\u0131d\u0131r, se\u00e7imler elimizdeki ilk i\u015fe yarar demokratik arac\u0131m\u0131zd\u0131r.<\/p>\n<p><strong>Silistre\u2019de se\u00e7eneksiz y\u00fczle\u015fme:<\/strong><\/p>\n<p>Varna\u2019ya ba\u011fl\u0131 Dr\u0131ndar k\u00f6y\u00fc n\u00fcfusundan olan Kas\u0131m<strong> Dal <\/strong>ile<strong> Ru\u015fen<\/strong> <strong>R\u0131za<\/strong> Silistre\u2019den iki farkl\u0131 partiden liste ba\u015f\u0131 milletvekili aday\u0131 yar\u0131\u015f\u0131na girdi. K. Dal H\u00d6H Partisi Ba\u015fkan Yard\u0131mc\u0131s\u0131 g\u00f6revinde bulundu\u011fu y\u0131llarda zaten 3 defa milletvekili se\u00e7ilmi\u015fti. Halk\u0131m\u0131za yararl\u0131 herhangi bir i\u015f yapt\u0131\u011f\u0131n\u0131 g\u00f6sterebilmek m\u00fcmk\u00fcn de\u011fildir. Bu defa Varna ili T\u00fcrklerine s\u00f6yleyecek s\u00f6z\u00fc olmad\u0131\u011f\u0131ndan olacak ki, Reformcu Blok partisinden Silistre milletvekili aday listesinde birinci oldu. Bulgarlar\u0131n ana taktiklerinden biri T\u00fcrkleri birbirine k\u0131rd\u0131rmakt\u0131r. Halk\u0131m\u0131z 25 y\u0131l hain-ajan Ahmet Do\u011fan zulm\u00fc ya\u015fad\u0131. Bu zulm\u00fcn uygulanmas\u0131nda 5 y\u0131l \u00f6ncesine kadar H\u00d6H \u00f6rg\u00fct sekreteri ve ba\u015fkan yard\u0131mc\u0131s\u0131 s\u0131fat\u0131yla, vaat edip hi\u00e7bir \u015fey yapmama taktiklerinde ba\u015frolde olan Kas\u0131m Dal\u2019d\u0131. Silistreli eski milletvekilleri Doktor Nihat Tabakov ile S.Sever Kasim Dal d\u00f6neminde savc\u0131l\u0131\u011fa d\u00fc\u015ft\u00fc. Doktor Tabakov Varna hapishanesindedir. Hi\u00e7bir zaman hi\u00e7bir kimseye yarar\u0131 dokunmam\u0131\u015f olan K. Dal Bulgaristan T\u00fcrkl\u00fc\u011f\u00fcne yap\u0131\u015fm\u0131\u015f bir kene gibidir.<\/p>\n<p>\u201cPresa\u201d gazetesinin yazd\u0131\u011f\u0131 \u00fczere, Kasim Dal\u2019\u0131n T\u00fcrkiye i\u015f adamlar\u0131yla gizli g\u00f6r\u00fc\u015fmeleri hakk\u0131nda ayr\u0131nt\u0131l\u0131 bilgileri k\u00f6yde\u015fi Ahmet Do\u011fan\u2019a vermedi\u011fi i\u00e7in aralar\u0131 a\u00e7\u0131lm\u0131\u015ft\u0131r. K. Dal, kendi itiraflar\u0131na g\u00f6re,\u00a0 k\u00f6yde\u015finin gizli polis \u201cDS\u201d ajan\u0131 oldu\u011funu daha 1991\u2019de biliyordu. 1985\u2019te ikisinin kurdu\u011fu Bulgaristan T\u00fcrkleri Milli Kurtulu\u015f Hareketinde 18 kurucudan 12-sinin polis ajan\u0131 oldu\u011funu da bildi\u011fini kendisi itiraf etti. Yarg\u0131lanan ve hapisten \u00e7\u0131kt\u0131ktan sonra 10 Ocak 1990\u2019da Varna \u015fehrinde H\u00d6H partisinin kurulu\u015f toplant\u0131s\u0131nda ajanlar\u0131n ba\u015f\u0131 ve hain oldu\u011funu bildi\u011fi Ahmet Do\u011fan\u2019\u0131n yan\u0131nda yer ald\u0131, onun sayesinde partide kariyer yapt\u0131, politik alana girdi. 25 y\u0131l birlikteydiler. K. Dal\u2019\u0131n son d\u00f6nem tav\u0131rlar\u0131, gazete sayfalar\u0131ndan ta\u015f\u0131yor. H\u00d6H Genel Ba\u015fkan\u2019\u0131 L\u00fctf\u00fc Mestan\u2019a suikast planlar\u0131 \u00fcst\u00fcne gizli polis ve \u0130\u00e7 \u0130\u015fleri Bakanl\u0131\u011f\u0131 haber al\u0131nca 8 ay gece g\u00fcnd\u00fcz izlendi\u011fi ve dinlendi\u011fi a\u00e7\u0131kland\u0131.<\/p><div id=\"bghab-2062308198\" class=\"bghab-icerik-icine-10-paragraf bghab-entity-placement\"><script async src=\"\/\/pagead2.googlesyndication.com\/pagead\/js\/adsbygoogle.js?client=ca-pub-6203283170189293\" crossorigin=\"anonymous\"><\/script><ins class=\"adsbygoogle\" style=\"display:block; text-align:center;\" data-ad-client=\"ca-pub-6203283170189293\" \ndata-ad-slot=\"7303146466\" \ndata-ad-layout=\"in-article\"\ndata-ad-format=\"fluid\" data-full-width-responsive=\"true\"><\/ins>\n<script> \n(adsbygoogle = window.adsbygoogle || []).push({}); \n<\/script>\n<\/div>\n<p>\u0130\u015fte b\u00f6yle bir ortamda, bu defa ne s\u00fct i\u00e7mi\u015f ne de s\u00fct yemi\u015f K. Dal ile 1986 y\u0131l\u0131nda Ahmet Do\u011fan taraf\u0131ndan gizli polise jurnallenen R. R\u0131za, iki k\u00f6yde\u015f, iki kom\u015fu \u00e7ocu\u011fu, hem\u015ferilerinin y\u00fcz\u00fcne bakacak durumda olmayan iki partili, boy ve g\u00fc\u00e7 \u00f6l\u00e7mek i\u00e7in kom\u015fu illerden Silistre meydanlar\u0131na \u00e7\u0131k\u0131yor. Unutmas\u0131nlar Silistreliler Bulgaristan T\u00fcrkl\u00fc\u011f\u00fcne \u00e7ok \u00f6nemli kadrolar vermi\u015f, derin k\u00f6kleri olan k\u00fclt\u00fcr geleneklerimizi ya\u015fata gelmi\u015f, her zaman davam\u0131za ba\u011fl\u0131 kal\u0131p m\u00fccadele bayra\u011f\u0131m\u0131z\u0131 y\u00fckseklerde dalgaland\u0131rm\u0131\u015ft\u0131r. 1964\u2019te Todor Jivkov okullar\u0131m\u0131z\u0131, liselerimizi, din e\u011fitim merkezlerimizi, k\u00fclt\u00fcr ocaklar\u0131m\u0131z\u0131 kapatmaya kalkt\u0131\u011f\u0131nda \u201c<strong>ben bu i\u015fte yokum<\/strong>!\u201d deyip Sofya\u2019y\u0131 terk eden BKP Merkez Komitesi \u00fcyesi Ali Rafiev Silistrelidir.\u00a0 1989 May\u0131s Ayaklanmas\u0131n\u0131 ulusal \u00e7apta \u00f6rg\u00fctleyen av. Salih Ba\u015faran Silistrelidir. Tuna boyu T\u00fcrkl\u00fc\u011f\u00fcm\u00fcz mert, cesur, derin sab\u0131rl\u0131 ve \u00e7ok kararl\u0131d\u0131r. Hainlere yamakl\u0131k eden \u201cDr\u0131ndar\u201d gen\u00e7lerinden her ikisine de oy vereceklerine inanm\u0131yorum. Bizim davam\u0131z \u00e7ok kurban ald\u0131, \u00e7ok can yand\u0131, \u00e7ok ac\u0131lar \u00e7ekildi ve i\u015fin hat\u0131r say\u0131larak g\u00f6n\u00fcl e\u011fleme sayfalar\u0131 \u00e7oktan kapanm\u0131\u015ft\u0131r. Bu defa Silistre\u2019de GERB partisi aday\u0131na oy vermek, (kim olursa olsun) \u00e7ok daha hay\u0131rl\u0131 olacakt\u0131r. \u00c7\u00fcnk\u00fc H\u00d6H \/ DPS partisi saflar\u0131nda, ideolojik, politik, halka ba\u011fl\u0131l\u0131k, gizli polis ajanlar\u0131ndan s\u0131yr\u0131lma ve tamamen kopma a\u00e7\u0131s\u0131ndan ba\u015flayan ve geli\u015fen ar\u0131nma s\u00fcrecinde, \u201cDo\u011fan Holding\u201d kanatlar\u0131n\u0131 kesecek tek g\u00fc\u00e7 GERB partisi ve H\u00d6H d\u0131\u015f\u0131 bir iktidar\u0131d\u0131r. \u015eimdiki sorun, H\u00d6H \/DPS partisi i\u00e7indeki \u201c<strong>kara kan\u0131n<\/strong>\u201d ak\u0131t\u0131lmas\u0131, \u201c<strong>kara deli\u011fin<\/strong>\u201d kapanmas\u0131 davas\u0131d\u0131r. Bu m\u00fccadelede yaln\u0131z bir y\u0131lan yuvas\u0131ndan \u00e7\u0131km\u0131\u015f havas\u0131 yaratan \u201cDr\u0131ndar\u201d k\u00f6y\u00fcnden \u00e7\u0131kan t\u00fcm kadrolarla \u2013 Ahmet Do\u011fan, Kas\u0131m Dal ve Ru\u015fen R\u0131za ile hesapla\u015fmadan ge\u00e7er. H\u00d6H partisi bacanak \u00e7otanak, dalkavukluk ve yalakal\u0131k partisine d\u00f6nm\u00fc\u015ft\u00fcr. \u201c<strong>O benim tavu\u011fuma k\u0131\u015f dedi<\/strong>!\u201d masallar\u0131n\u0131 b\u0131rak\u0131n l\u00fctfen. T\u00fcrk ve M\u00fcsl\u00fcman halk\u0131m\u0131za zarar ve k\u00f6t\u00fcl\u00fck yapmaktan, maymunculuklar yaparak engel olmaktan ba\u015fka hi\u00e7bir i\u015fe yaramayan kal\u0131n enselilerin uzant\u0131s\u0131, \u201cDrandar\u201d \u00a0sofras\u0131 etraf\u0131na toplanm\u0131\u015f eski milletvekili ve yeni milletvekili aday\u0131 <strong>Kamen Kostadinov, Nikolay Tsonev, Daniel Peevsk<\/strong>i gibilere \u201c<strong>hadi i\u015finize<\/strong>\u201d demek, \u00a0zaman onlara tek oy vermemek, zaman\u0131d\u0131r. Bu i\u015fi daha fazla uzatamay\u0131z. Onlar\u0131n uzmanl\u0131k alanlar\u0131 ne olursa olsun!, niyetleri ne olursa olsun! Hi\u00e7 birinden asla hi\u00e7bir fayda gelmez. Onlar, bizim memleketimizi bu y\u00fcrekler ac\u0131s\u0131 duruma getiren yeteneksizlerdir. Yaln\u0131z halk\u0131m\u0131z\u0131 de\u011fil, devletimizi de soyanlar, bor\u00e7land\u0131ranlar, \u00e7\u00f6kertenlerdir. Bizi ve yak\u0131nlar\u0131m\u0131z\u0131 soyup so\u011fana \u00e7evirenler, T\u00fcrkl\u00fc\u011f\u00fcm\u00fcz\u00fcn k\u00f6k\u00fcne kibrit suyu d\u00f6kenler, hepimizi bir ka\u015f\u0131k \u00e7orbaya muhta\u00e7 edenler ba\u015fkalar\u0131 de\u011fil, ta kendileridir, \u00a0onlard\u0131r. Hi\u00e7 birinin aram\u0131zda i\u015fi olamaz ve yoktur! Onlardan biri olan eski milletvekili, meclis ba\u015fkan yard\u0131mc\u0131s\u0131, H\u00d6H Ba\u015fkan\u0131 L. Mestan\u2019\u0131n parti sorunlar\u0131nda birinci yard\u0131mc\u0131s\u0131, \u015feytan hukuku uzman\u0131 s\u00f6z\u00fcm ona avukat Biser Kirov onlar\u0131n ba\u015f\u0131yd\u0131. Anas\u0131 neyse danas\u0131 da odur. Hepsi bir \u00e7\u00f6pl\u00fcktendir. Hr. Biserov\u2019un \u201c<strong>h\u0131rs\u0131z ve doland\u0131r\u0131c\u0131lar babas\u0131<\/strong>\u201d oldu\u011funu tutuklan\u0131nca g\u00f6rmeyen kalmad\u0131.<\/p>\n<p>Bir de \u015funa dikkat edin, her f\u0131rsatta T\u00fcrklere kar\u015f\u0131 konu\u015fan <strong>General Atanas Atanasov, \u015fimdi Kas\u0131m Dal\u2019\u0131n (RB) \u00a0parti yolda\u015f\u0131d\u0131r<\/strong>. Birisi Silistre\u2019den ikincisi Blagoevgrat\u2019tan milletvekili aday\u0131 g\u00f6sterildi. Yani <strong>bunlar\u0131n \u00f6z\u00fc s\u00f6z\u00fc birmi\u015f<\/strong>. Sorumu mazur g\u00f6r\u00fcn\u00fcz: \u201c<strong>Ben \u201cDS\u201d ajan\u0131 de\u011filim<\/strong>!,\u201d demek ne demektir!. \u201c<strong>Benim dosyam yok!, \u201d <\/strong>demek ne demektir? Ya karde\u015fim Kas\u0131m, sen gizli polis \u015fefiyle ayn\u0131 partidensin, yani en zehirli y\u0131lan\u0131n babas\u0131yla, ejderha deviyle ayn\u0131 \u00e7anaktan yemek yiyorsun, yolda\u015f olmu\u015fsun, dava ortakl\u0131\u011f\u0131n var, kancala\u015fm\u0131\u015fs\u0131n. General Atanasov \u00e7\u0131km\u0131\u015f TV program\u0131na seni savunuyor. Bir gizli polis \u015fefi kendisine hizmet etmeyen birini, kendisinden ald\u0131\u011f\u0131 bilgileri yararl\u0131 bulmayan birini neden savunsun?!. Dilini ar\u0131 m\u0131 sokmu\u015f! Sabah sabah TV\u2019ler senin gizli i\u015flerinle u\u011fra\u015f\u0131yor. \u015eeref mi? Onur mu?, adl\u0131 partinin senin partin oldu\u011funu s\u00f6yl\u00fcyorsun. Kime ba\u011fl\u0131ysan, nereye yumurtluyorsan a\u00e7\u0131kla da, olay birsin, sen de kurtul, seninle ilgilenenler de rahatlas\u0131n. \u00a0S\u00f6z\u00fcm yabana, siz gibilerin vicdanlar\u0131n\u0131n dile gelmesi ve kendi mezar\u0131n\u0131z\u0131 kendi ellerinizle kazma zaman\u0131 gelmedi mi? Kravatla gezmek, \u201cOpel\u201d ceple gezmek, pura i\u00e7mek hi\u00e7bir\u015fey de\u011fi\u015ftirmez, \u00e7\u00fcnk\u00fc insan\u0131n vicdan\u0131 ve ruhu yemez i\u00e7mez, ya vard\u0131r ya yoktur. Ba\u015fka sorum yok. Bildi\u011fim bir \u015fey varsa o da \u015fudur. Vicdan\u0131 olmayanlar milletvekili olmamal\u0131d\u0131r!<\/p>\n<p>General A. Atanasov 1984\u20131989 y\u0131llar\u0131 aras\u0131nda Bulgar kar\u015f\u0131 istihbarat dairesi &#8211; gizli polis \u201cDS\u201d \u015fefiydi. \u015eimdi Blagoevgrad ilinde Pomak karde\u015flerimizden Reformcu Blok partisi i\u00e7in oy istiyor. Yaz\u0131m\u0131n ba\u015f\u0131nda <strong>adalet basamaklar\u0131<\/strong> dedim, burada y\u00fczkaras\u0131ndan utan\u00e7 kuyusunun dibine inen basamaklar\u0131ndan s\u00f6z etmek istiyorum. Y\u00fczs\u00fczl\u00fc\u011f\u00fcn bu derecesi ancak bizde g\u00f6r\u00fcl\u00fcr. Biz bu pirincin ta\u015flar\u0131n\u0131 bu defa da ay\u0131klamazsak, bu i\u015f bir daha kangren olur ve 10 ku\u015fak \u00e7\u00f6z\u00fclmez ve \u00a0pislik ar\u0131nmaz\u2026<\/p>\n<p>Biz keneleri damar\u0131m\u0131zdan kopar\u0131p atmadan, ezmeden, canlar\u0131n\u0131 \u00e7\u0131karmadan rahatlayamay\u0131z. Kim ne derse desin bu dava bizim \u00f6z davam\u0131zd\u0131r. H\u00d6H partisi mutlaka ar\u0131nmal\u0131d\u0131r. Ne Konstatinov\u2019u, ne kumarc\u0131 Tsonev\u2019i ne de ne oldu\u011fu ve kime hizmet etti\u011fi bilinmeyen Peevski\u2019yi biz saflar\u0131m\u0131za davet etmedik, saflar\u0131m\u0131zda besleyemeyiz, aram\u0131zda tutamay\u0131z! Biz yani hepimiz onlardan hi\u00e7 birine oy vermek zorunda de\u011filiz. Kimseye borcunuz yoktur. Oy vermek bir hakt\u0131r. Kullan\u0131m\u0131 \u00f6zg\u00fcr ve serbesttir. Hi\u00e7 birimiz bu haz\u0131r yiyicileri se\u00e7mek mecburiyetinde de\u011filiz. Soyda\u015f oylar\u0131m\u0131z onlara gidecekse, b\u0131rak\u0131n oy vermeyelim! Biz onlara oy verdik\u00e7e son saatlerini bekleyen hastalar gibi asla hastaneden taburca olamayaca\u011f\u0131z. Zaman H\u00d6H partisini ar\u0131tmak, temizlemek ve yenilemek zaman\u0131d\u0131r. Zaman, kendi vekillerimizi se\u00e7ip Sofya Parlamentosuna delege etme zaman\u0131d\u0131r. Biz Ayakland\u0131\u011f\u0131m\u0131zda, 1989 May\u0131s\u0131nda, \u00a0Vatan\u0131m\u0131zdan kovulurken onlar konvoylar\u0131m\u0131z\u0131n yan\u0131nda eli silahl\u0131 olanlard\u0131, bize gitsinler de kurtulal\u0131m g\u00f6z\u00fcyle bakanlard\u0131, bizi bir ka\u015f\u0131k suda bo\u011fmak isteyenlerdi. Hi\u00e7 bir \u015fey unutulmad\u0131 ve unutulmayacakt\u0131r! Se\u00e7imlerde oyunuzu atmazdan \u00f6nce l\u00fctfen d\u00fc\u015f\u00fcn\u00fcn! Yara ka\u015f\u0131makla savmaz, gerekirse ameliyat edelim\u2026<\/p>\n<p>Devam edecek.<\/p><div id=\"bghab-576344836\" class=\"bghab-icerik-icine-15-paragraf bghab-entity-placement\"><script async src=\"\/\/pagead2.googlesyndication.com\/pagead\/js\/adsbygoogle.js?client=ca-pub-6203283170189293\" crossorigin=\"anonymous\"><\/script><ins class=\"adsbygoogle\" style=\"display:block; text-align:center;\" data-ad-client=\"ca-pub-6203283170189293\" \ndata-ad-slot=\"7303146466\" \ndata-ad-layout=\"in-article\"\ndata-ad-format=\"fluid\" data-full-width-responsive=\"true\"><\/ins>\n<script> \n(adsbygoogle = window.adsbygoogle || []).push({}); \n<\/script>\n<\/div>\n<p>&nbsp;<\/p>\n<p>\u015eakir ARSLANTA\u015e<\/p>\n<div id=\"bghab-2750764797\" class=\"bghab-yazi-altinda bghab-entity-placement\"><script async src=\"https:\/\/pagead2.googlesyndication.com\/pagead\/js\/adsbygoogle.js\"><\/script>\r\n<!-- bghaber-yaz\u0131-sonu -->\r\n<ins class=\"adsbygoogle\"\r\n     style=\"display:block\"\r\n     data-ad-client=\"ca-pub-6203283170189293\"\r\n     data-ad-slot=\"4222328180\"\r\n     data-ad-format=\"auto\"\r\n     data-full-width-responsive=\"true\"><\/ins>\r\n<script>\r\n     (adsbygoogle = window.adsbygoogle || []).push({});\r\n<\/script><\/div><br style=\"clear: both; display: block; float: none;\"\/>","protected":false},"excerpt":{"rendered":"<p>\u015e\u00fck\u00fcr Yaratana, \u015fu g\u00fcnleri g\u00f6rd\u00fck. Bulgaristan T\u00fcrk ve M\u00fcsl\u00fcmanlar\u0131 \u201cDS\u201d ajanlar\u0131ndan, hainlerden ar\u0131nmaya ba\u015flad\u0131. 1990 y\u0131l\u0131ndan beri ilk kez olmak \u00fczere ba\u015f jurnalci, ba\u015f hain<\/p>\n","protected":false},"author":13,"featured_media":0,"comment_status":"closed","ping_status":"closed","sticky":false,"template":"","format":"standard","meta":{"advanced_seo_description":"","jetpack_seo_html_title":"","jetpack_seo_noindex":false,"jetpack_seo_schema_type":"","_jetpack_newsletter_access":"","_jetpack_dont_email_post_to_subs":false,"_jetpack_newsletter_tier_id":0,"_jetpack_memberships_contains_paywalled_content":false,"_jetpack_feature_clip_id":0,"_jetpack_memberships_contains_paid_content":false,"footnotes":"","jetpack_post_was_ever_published":false},"categories":[6],"tags":[],"class_list":["post-11127","post","type-post","status-publish","format-standard","hentry","category-yorum"],"jetpack_sharing_enabled":true,"jetpack_likes_enabled":true,"jetpack-related-posts":[],"jetpack_shortlink":"https:\/\/wp.me\/pc2PfJ-2Tt","jetpack_featured_media_url":"","_links":{"self":[{"href":"https:\/\/www.bghaber.org\/bghaber\/wp-json\/wp\/v2\/posts\/11127","targetHints":{"allow":["GET"]}}],"collection":[{"href":"https:\/\/www.bghaber.org\/bghaber\/wp-json\/wp\/v2\/posts"}],"about":[{"href":"https:\/\/www.bghaber.org\/bghaber\/wp-json\/wp\/v2\/types\/post"}],"author":[{"embeddable":true,"href":"https:\/\/www.bghaber.org\/bghaber\/wp-json\/wp\/v2\/users\/13"}],"replies":[{"embeddable":true,"href":"https:\/\/www.bghaber.org\/bghaber\/wp-json\/wp\/v2\/comments?post=11127"}],"version-history":[{"count":0,"href":"https:\/\/www.bghaber.org\/bghaber\/wp-json\/wp\/v2\/posts\/11127\/revisions"}],"wp:attachment":[{"href":"https:\/\/www.bghaber.org\/bghaber\/wp-json\/wp\/v2\/media?parent=11127"}],"wp:term":[{"taxonomy":"category","embeddable":true,"href":"https:\/\/www.bghaber.org\/bghaber\/wp-json\/wp\/v2\/categories?post=11127"},{"taxonomy":"post_tag","embeddable":true,"href":"https:\/\/www.bghaber.org\/bghaber\/wp-json\/wp\/v2\/tags?post=11127"}],"curies":[{"name":"wp","href":"https:\/\/api.w.org\/{rel}","templated":true}]}}