{"id":11125,"date":"2014-09-02T19:00:25","date_gmt":"2014-09-02T16:00:25","guid":{"rendered":"http:\/\/www.bghaber.org\/bghaber\/?p=11125"},"modified":"2014-09-03T14:23:27","modified_gmt":"2014-09-03T11:23:27","slug":"cozulduler-ve-dagiliyorlar","status":"publish","type":"post","link":"https:\/\/www.bghaber.org\/bghaber\/cozulduler-ve-dagiliyorlar\/","title":{"rendered":"\u00c7\u00f6z\u00fcld\u00fcler Ve Da\u011f\u0131l\u0131yorlar"},"content":{"rendered":"<p>Stratejik Ara\u015ft\u0131rma Merkezimiz Hak ve \u00d6zg\u00fcrl\u00fckler Hareketi\u2019nin \u00e7\u00f6z\u00fclme da\u011f\u0131lma a\u015famas\u0131na girdi\u011fini bir bu\u00e7uk y\u0131l \u00f6nce yazm\u0131\u015ft\u0131. Bu s\u00fcre\u00e7 art\u0131k ger\u00e7ek oldu. 5 Ekim 2014 parlamento se\u00e7imlerinden \u00f6nce, H\u00d6H Merkez Y\u00fcr\u00fctme Kurulu \u00fcyelerinden Fuad Cafer ile Arif Agu\u015f\u2019un da di\u011fer politik partilerle gizli g\u00f6r\u00fc\u015fmeler halinde oldu\u011fu ortaya \u00e7\u0131kt\u0131 ve T\u00fcrkler partisinden ayr\u0131ld\u0131klar\u0131n\u0131 a\u00e7\u0131klad\u0131lar. Bundan bir bu\u00e7uk y\u0131l \u00f6nce yapt\u0131\u011f\u0131m\u0131z \u00f6ng\u00f6r\u00fcye o zaman kat\u0131lmayan arkada\u015flar\u0131m\u0131z \u201c<strong>k\u0131na yak\u0131n<\/strong>\u201d demeye acele etmesinler. Bulgaristan T\u00fcrk az\u0131nl\u0131\u011f\u0131n\u0131n di\u011fer etnik halk topluluklar\u0131yla omuz omuza vererek adalet, h\u00fcrriyet ve insan haklar\u0131n\u0131 savunmak i\u00e7in 100 y\u0131l devam eden \u00e7ok a\u011f\u0131r ve zorlu bir m\u00fccadeleden sonra kurdu\u011fu partiyle zulme kalkan olma davas\u0131n\u0131 kimse k\u00fc\u00e7\u00fcmseyemez ve bir k\u0131l\u0131n\u0131n bile kopmas\u0131n\u0131 istemez. Bu dava b\u00fcy\u00fck say\u0131da kurban alm\u0131\u015f ve Bulgar totaliter toplumunu d\u00f6n\u00fc\u015ft\u00fcrerek demokratikle\u015ftirme gibi bir misyonla bayrak a\u00e7m\u0131\u015ft\u0131r.<!--more--><a href=\"https:\/\/i0.wp.com\/www.bghaber.org\/bghaber\/wp-content\/uploads\/2013\/09\/1-logo-yk.jpg\"><img data-recalc-dims=\"1\" loading=\"lazy\" decoding=\"async\" class=\"alignleft size-thumbnail wp-image-6093\" src=\"https:\/\/i0.wp.com\/www.bghaber.org\/bghaber\/wp-content\/uploads\/2013\/09\/1-logo-yk-150x150.jpg?resize=150%2C150\" alt=\"bg-sam-logo\" width=\"150\" height=\"150\" srcset=\"https:\/\/i0.wp.com\/www.bghaber.org\/bghaber\/wp-content\/uploads\/2013\/09\/1-logo-yk.jpg?resize=150%2C150&amp;ssl=1 150w, https:\/\/i0.wp.com\/www.bghaber.org\/bghaber\/wp-content\/uploads\/2013\/09\/1-logo-yk.jpg?resize=65%2C65&amp;ssl=1 65w, https:\/\/i0.wp.com\/www.bghaber.org\/bghaber\/wp-content\/uploads\/2013\/09\/1-logo-yk.jpg?zoom=2&amp;resize=150%2C150&amp;ssl=1 300w, https:\/\/i0.wp.com\/www.bghaber.org\/bghaber\/wp-content\/uploads\/2013\/09\/1-logo-yk.jpg?zoom=3&amp;resize=150%2C150&amp;ssl=1 450w\" sizes=\"auto, (max-width: 150px) 100vw, 150px\" \/><\/a><\/p>\n<p>&nbsp;<\/p>\n<p>Bulgaristan Sosyalist Partisi BSP\u2019den ayr\u0131lan \u201cABV\u201d hizbinden Haskovo ilinden liste ikincisi olmak milletvekili g\u00f6sterilmek sevdas\u0131yla H\u00d6H\u00a0 MYK \u00fcyeli\u011finden\u00a0 ayr\u0131lan<\/p>\n<p><strong>Fuad Cafer ad\u0131n\u0131 1912 y\u0131l\u0131nda Hristo Dimov ad\u0131yla de\u011fi\u015ftirmi\u015ftir<\/strong>. Biz, bu ki\u015fileri <strong>iki grup<\/strong> olarak g\u00f6r\u00fcyoruz. <strong>Birinci grup: <\/strong>T\u00fcrk olup T\u00fcrkl\u00fc\u011f\u00fcn\u00fc ve M\u00fcsl\u00fcmanl\u0131\u011f\u0131n\u0131 unutmu\u015f, kimli\u011fine ihanet etmi\u015f ki\u015filerdir. Fuad Cafer bunlardan biridir. Asl\u0131na bak\u0131l\u0131rsa, H\u00d6H MYK toplant\u0131lar\u0131nda konu\u015fulanlar\u0131 kimse g\u00f6rmeden gidip <strong>gizli polise anlatmakla<\/strong> yine g\u00f6zden kulaktan uzak bir ortamda <strong>baz\u0131 Bulgar partilerine s\u0131zd\u0131rmak<\/strong>, ayn\u0131 tip hainliktir. Hainli\u011fin cezas\u0131 da birdir, tektir ve tarih boyu de\u011fi\u015fmemi\u015ftir. <strong>\u00d6z partisini ele veren, halk\u0131m\u0131z\u0131n kutsal davas\u0131n\u0131 ele vermi\u015ftir ki, bundan b\u00fcy\u00fck al\u00e7akl\u0131k olamaz.<\/strong> Cafer\u2019in yapt\u0131\u011f\u0131 budur. Milletvekili olup olmamas\u0131 hi\u00e7 \u00f6nemli de\u011fildir. \u00c7\u00fcnk\u00fc hainlerin ci\u011ferini kediler bile yemez.<\/p>\n<p>&nbsp;<\/p>\n<p><strong>\u0130kinci gruptakiler hain de\u011fil aram\u0131za s\u0131zm\u0131\u015f ajanlard\u0131r. <\/strong><\/p>\n<p>Hak ve \u00d6zg\u00fcrl\u00fck davam\u0131z\u0131n omurga ruhunun ta\u015f\u0131y\u0131c\u0131lar\u0131 olarak, MYK \u00fcyeli\u011fine \u00e7ekilmi\u015f, lanse edilmi\u015f, y\u00fcreklendirilerek \u00f6d\u00fcllendirilmi\u015f, se\u00e7menlerimize \u201c<strong>\u00f6nemli kadro<\/strong>\u201d olarak tan\u0131t\u0131lan \u201c<strong>\u00f6l\u00fc canl\u0131lar<\/strong>\u201d grubudur bu ikinci grup. Biz onlara Bulgaristan T\u00fcrk ve M\u00fcsl\u00fcmanlar\u0131 davas\u0131na hizmet sunma a\u00e7\u0131s\u0131ndan her zaman \u201c<strong>pas<\/strong>\u201d olduklar\u0131ndan \u201c<strong>\u00f6l\u00fc canl\u0131lar<\/strong>\u201d diyoruz. Ancak onlar r\u00fc\u015fvet ve dalavere, doland\u0131r\u0131c\u0131l\u0131k, maymunculuk i\u015flerinde \u201c<strong>b\u00fcy\u00fck usta<\/strong>\u201d r\u00fctbesindedirler. Etnik olarak T\u00fcrk partisine ekilmi\u015f Bulgar partililerdir. \u00a0Mecliste bizim milletvekillerimiz olarak k\u00fcflenen bu kadrolardan kumarhane kadrosu Yordan Tsonev ile dalkavukluktan ba\u015fka hi\u00e7bir \u015fey bilmeyen \u015eumenli Kamen Kostadinov, dalaverecilerin ba\u015f\u0131 olmaya aday, en b\u00fcy\u00fck Bulgar bankalar\u0131ndan \u201cBTK\u201d bankas\u0131n\u0131n \u00e7\u00f6kmesine neden olan Delyan Peevski\u2019yi hepiniz bilirsiniz. Ge\u00e7en sene bu grubun \u00f6nemli \u00fcyelerinden biri olan Meclis Ba\u015fkan Yard\u0131mc\u0131s\u0131, Ahmet Do\u011fan\u2019\u0131n g\u00f6zdesi Biser Kirov tutukland\u0131. Halen yarg\u0131lanam\u0131yor, \u00e7\u00fcnk\u00fc i\u015fledi\u011fi su\u00e7lar uluslar aras\u0131 nitelikli oldu\u011fundan ve Bulgar kanunlar\u0131nda bu gibi su\u00e7lara ceza \u00f6ng\u00f6r\u00fclmedi\u011finden (para aklama i\u015finde yakaland\u0131) hala yarg\u0131lanam\u0131yor. Halen, onun \u00f6nemli yeri bo\u015f kalmas\u0131n diye\u00a0 son h\u00fck\u00fcmette Maliye Bakan\u0131 olan ve Devlet B\u00fct\u00e7esinden yaln\u0131z Ahmet Do\u011fan\u2019\u0131n telefonda bildirdi\u011fi \u015firketlere \u00f6deme yapan Petr\u0131r \u00c7obanov H\u00d6H milletvekili olacak ve b\u00f6ylece k\u0131smetse dalavere devam edecek. Pet\u0131r \u00c7obanov\u2019un H\u00d6H milletvekilli\u011fini, yukar\u0131daki \u00fc\u00e7l\u00fc bandonun H\u00d6H \u00fcyeli\u011fi, H\u00d6H MYK \u00fcyeli\u011fi ve milletvekilli\u011fi kadar yanl\u0131\u015f, yarars\u0131z ve bize zararl\u0131 buluyorum. \u00dcstelik idesel politik ar\u0131l\u0131k, dava k\u00f6klerimize ba\u011fl\u0131l\u0131k, davam\u0131zdaki devaml\u0131l\u0131k, davam\u0131z\u0131n sivil toplum \u00f6rg\u00fctleriyle \u00f6r\u00fcl\u00fcp ba\u011flanmas\u0131, halk\u0131m\u0131z\u0131n her an her yerde kucaklamas\u0131 a\u00e7\u0131s\u0131ndan tamamen yanl\u0131\u015f buluyorum. Bu kadrolar\u0131n H\u00d6H y\u00f6netimine al\u0131nmas\u0131 ve hemen \u00e7ok \u00f6nemli \u00f6devlere tayin edilmeleri Parti y\u00f6netimi ile T\u00fcrk kitle aras\u0131ndaki ba\u011flar\u0131 koparm\u0131\u015ft\u0131r. Partideki \u00e7\u00f6z\u00fclme ve da\u011f\u0131lma nedenlerinden biri de budur. Ba\u015fka bir de\u011fi\u015fle, bir sar\u0131ca ar\u0131 kovan\u0131na d\u00f6nen H\u00d6H y\u00f6netiminde \u00e7eli\u015fkiler \u00e7ok keskinle\u015fti\u011finden da\u011f\u0131lma s\u00fcreci derinle\u015fmi\u015ftir.<\/p><div id=\"bghab-981705241\" class=\"bghab-icerik-icine bghab-entity-placement\"><script async src=\"\/\/pagead2.googlesyndication.com\/pagead\/js\/adsbygoogle.js?client=ca-pub-6203283170189293\" crossorigin=\"anonymous\"><\/script><ins class=\"adsbygoogle\" style=\"display:block; text-align:center;\" data-ad-client=\"ca-pub-6203283170189293\" \ndata-ad-slot=\"7303146466\" \ndata-ad-layout=\"in-article\"\ndata-ad-format=\"fluid\" data-full-width-responsive=\"true\"><\/ins>\n<script> \n(adsbygoogle = window.adsbygoogle || []).push({}); \n<\/script>\n<\/div>\n<p>&nbsp;<\/p>\n<p>Arif Agu\u015f, iki d\u00f6nem H\u00d6H Smolyan milletvekili idi. Reformcu Blok hareketiyle gizli g\u00f6r\u00fc\u015fmelerde bulundu\u011fu ve 43. millet meclisine ayn\u0131 ilden liste ba\u015f\u0131 aday g\u00f6sterilmesine kar\u015f\u0131 H\u00d6H y\u00f6netiminden ayr\u0131ld\u0131\u011f\u0131n\u0131 ilan etmi\u015ftir. Arif Agu\u015f zengin Pomak soylar\u0131ndan olup, b\u00f6lgede Demokratik G\u00fc\u00e7ler Birli\u011fi (SDS) hareketinin kurucular\u0131ndand\u0131r. SDS eriyip bitti\u011finde H\u00d6H-DPS saflar\u0131na ge\u00e7en Agu\u015f, ben bir \u201c<strong>tavuk gibiyim<\/strong>\u201d nerede \u201c<strong>\u00e7\u00f6pl\u00fck varsa oras\u0131n\u0131 e\u015felerim<\/strong>\u201d mant\u0131yla hareket ediyor. \u0130deolojik ve politik d\u00fcnya g\u00f6r\u00fc\u015f\u00fc olarak s\u0131f\u0131r olan ve zenginli\u011fine zenginlik katma anlay\u0131\u015f\u0131na k\u00f6le olan bu kadrolar da H\u00d6H hareketine ilk g\u00fcnden zarar verdikleri gibi, hareketin ne omurgas\u0131 ne de k\u00f6kleriyle ba\u011fl\u0131 ki\u015filer de\u011fildir. Bu ki\u015filiksiz ve kimliksizlerin H\u00d6H y\u00f6netimine toplanmas\u0131 da hareketi da\u011f\u0131larak \u00e7\u00f6kertme e\u011filiminden bir a\u015famad\u0131r.<\/p>\n<p>&nbsp;<\/p>\n<p>H\u00d6H kadrolar\u0131ndan \u00e7ok \u00f6nemli bir kayma da GERB partisi y\u00f6n\u00fcnde g\u00f6zleniyor.<\/p>\n<p>Yine Rodop b\u00f6lgesi G\u0131rmen\u2019den\u00a0 As\u0131m Ademov ile \u015eumen\u2019e ba\u011fl\u0131 Venets\u2019ten okul m\u00fcdiresi Selime K\u0131rcalieva da GERB partisinden milletvekili aday\u0131 y\u00fckseltildi.<\/p>\n<p>&nbsp;<\/p>\n<p>T\u00fcrkiye\u2019den gelecek oylarla Bulgaristan T\u00fcrk ve M\u00fcsl\u00fcmanlar\u0131 aras\u0131ndan bir grup milletvekili aday\u0131n\u0131n da parlamentoya gitmesi ve GERB partisi i\u00e7inde b\u00fcy\u00fck\u00e7e bir T\u00fcrk parlamenter grubu olu\u015fmas\u0131 \u00f6ng\u00f6r\u00fclmektedir. Bundan dolay\u0131 Bulgaristan T\u00fcrklerinde bir yandan H\u00d6H y\u00f6netiminde da\u011f\u0131lma ve \u00e7\u00f6z\u00fclme, se\u00e7menin H\u00d6H\u2019e oy vermeme e\u011filimi g\u00fc\u00e7lenirken, T\u00fcrklerin \u00fclkenin sorunlar\u0131na uzak ve yabanc\u0131 kalmak istemedi\u011fi ve aktif \u00e7al\u0131\u015fma azmi yeniden bi\u00e7imlenmeye ba\u015flam\u0131\u015ft\u0131r.<\/p>\n<p>&nbsp;<\/p>\n<p>BG &#8211; SAM<\/p><div id=\"bghab-2145684619\" class=\"bghab-icerik-icine-10-paragraf bghab-entity-placement\"><script async src=\"\/\/pagead2.googlesyndication.com\/pagead\/js\/adsbygoogle.js?client=ca-pub-6203283170189293\" crossorigin=\"anonymous\"><\/script><ins class=\"adsbygoogle\" style=\"display:block; text-align:center;\" data-ad-client=\"ca-pub-6203283170189293\" \ndata-ad-slot=\"7303146466\" \ndata-ad-layout=\"in-article\"\ndata-ad-format=\"fluid\" data-full-width-responsive=\"true\"><\/ins>\n<script> \n(adsbygoogle = window.adsbygoogle || []).push({}); \n<\/script>\n<\/div>\n<div id=\"bghab-805258623\" class=\"bghab-yazi-altinda bghab-entity-placement\"><script async src=\"https:\/\/pagead2.googlesyndication.com\/pagead\/js\/adsbygoogle.js\"><\/script>\r\n<!-- bghaber-yaz\u0131-sonu -->\r\n<ins class=\"adsbygoogle\"\r\n     style=\"display:block\"\r\n     data-ad-client=\"ca-pub-6203283170189293\"\r\n     data-ad-slot=\"4222328180\"\r\n     data-ad-format=\"auto\"\r\n     data-full-width-responsive=\"true\"><\/ins>\r\n<script>\r\n     (adsbygoogle = window.adsbygoogle || []).push({});\r\n<\/script><\/div><br style=\"clear: both; display: block; float: none;\"\/>","protected":false},"excerpt":{"rendered":"<p>Stratejik Ara\u015ft\u0131rma Merkezimiz Hak ve \u00d6zg\u00fcrl\u00fckler Hareketi\u2019nin \u00e7\u00f6z\u00fclme da\u011f\u0131lma a\u015famas\u0131na girdi\u011fini bir bu\u00e7uk y\u0131l \u00f6nce yazm\u0131\u015ft\u0131. Bu s\u00fcre\u00e7 art\u0131k ger\u00e7ek oldu. 5 Ekim 2014 parlamento<\/p>\n","protected":false},"author":13,"featured_media":6093,"comment_status":"closed","ping_status":"closed","sticky":false,"template":"","format":"standard","meta":{"advanced_seo_description":"","jetpack_seo_html_title":"","jetpack_seo_noindex":false,"jetpack_seo_schema_type":"","_jetpack_newsletter_access":"","_jetpack_dont_email_post_to_subs":false,"_jetpack_newsletter_tier_id":0,"_jetpack_memberships_contains_paywalled_content":false,"_jetpack_feature_clip_id":0,"_jetpack_memberships_contains_paid_content":false,"footnotes":"","jetpack_post_was_ever_published":false},"categories":[6],"tags":[],"class_list":["post-11125","post","type-post","status-publish","format-standard","has-post-thumbnail","hentry","category-yorum"],"jetpack_sharing_enabled":true,"jetpack_likes_enabled":true,"jetpack-related-posts":[],"jetpack_shortlink":"https:\/\/wp.me\/pc2PfJ-2Tr","jetpack_featured_media_url":"https:\/\/i0.wp.com\/www.bghaber.org\/bghaber\/wp-content\/uploads\/2013\/09\/1-logo-yk.jpg?fit=552%2C531&ssl=1","_links":{"self":[{"href":"https:\/\/www.bghaber.org\/bghaber\/wp-json\/wp\/v2\/posts\/11125","targetHints":{"allow":["GET"]}}],"collection":[{"href":"https:\/\/www.bghaber.org\/bghaber\/wp-json\/wp\/v2\/posts"}],"about":[{"href":"https:\/\/www.bghaber.org\/bghaber\/wp-json\/wp\/v2\/types\/post"}],"author":[{"embeddable":true,"href":"https:\/\/www.bghaber.org\/bghaber\/wp-json\/wp\/v2\/users\/13"}],"replies":[{"embeddable":true,"href":"https:\/\/www.bghaber.org\/bghaber\/wp-json\/wp\/v2\/comments?post=11125"}],"version-history":[{"count":0,"href":"https:\/\/www.bghaber.org\/bghaber\/wp-json\/wp\/v2\/posts\/11125\/revisions"}],"wp:featuredmedia":[{"embeddable":true,"href":"https:\/\/www.bghaber.org\/bghaber\/wp-json\/wp\/v2\/media\/6093"}],"wp:attachment":[{"href":"https:\/\/www.bghaber.org\/bghaber\/wp-json\/wp\/v2\/media?parent=11125"}],"wp:term":[{"taxonomy":"category","embeddable":true,"href":"https:\/\/www.bghaber.org\/bghaber\/wp-json\/wp\/v2\/categories?post=11125"},{"taxonomy":"post_tag","embeddable":true,"href":"https:\/\/www.bghaber.org\/bghaber\/wp-json\/wp\/v2\/tags?post=11125"}],"curies":[{"name":"wp","href":"https:\/\/api.w.org\/{rel}","templated":true}]}}