{"id":11122,"date":"2014-09-02T18:57:59","date_gmt":"2014-09-02T15:57:59","guid":{"rendered":"http:\/\/www.bghaber.org\/bghaber\/?p=11122"},"modified":"2014-09-03T14:22:40","modified_gmt":"2014-09-03T11:22:40","slug":"baris-gunu","status":"publish","type":"post","link":"https:\/\/www.bghaber.org\/bghaber\/baris-gunu\/","title":{"rendered":"\u00a0Bar\u0131\u015f G\u00fcn\u00fc,"},"content":{"rendered":"<p>Sava\u015f\u0131 ya\u015famayanlar bar\u0131\u015f\u0131n ne oldu\u011funu ve de\u011ferini bilemezler. Bu, sar\u0131msak yemeyenlerin sar\u0131msak kokusu, so\u011fan yemeyenlerin so\u011fan kokusu bilmedikleri gibi bir \u015feydir. D\u00fcnya Bar\u0131\u015f G\u00fcn\u00fcnde, Hitlerci Almanya\u2019n\u0131n Polonya\u2019ya kar\u015f\u01311 Eyl\u00fcl 1940\u2019ta ba\u015flayan barbarca sald\u0131r\u0131s\u0131, bir daha yinelemesin diye an\u0131l\u0131r. O g\u00fcn \u0130kinci D\u00fcnya Sava\u015f\u0131\u2019n\u0131n ba\u015flad\u0131\u011f\u0131, \u00a0karanl\u0131\u011f\u0131n \u00e7\u00f6kt\u00fc\u011f\u00fc g\u00fcnd\u00fcr! Bar\u0131\u015fseverlerin umudu ya\u015fatmaya her y\u0131l yeni bir \u015fans istedikleri anma g\u00fcn\u00fcd\u00fcr!Bizde sava\u015f dendi\u011finde Balkan Sava\u015f\u0131 akla gelir. G\u00f6zlerimizde tek bacakl\u0131 dedelerimiz canlan\u0131r. <!--more--><\/p>\n<p><a href=\"https:\/\/i0.wp.com\/www.bghaber.org\/bghaber\/wp-content\/uploads\/2014\/08\/Resim-002.jpg\"><img data-recalc-dims=\"1\" loading=\"lazy\" decoding=\"async\" class=\"alignleft size-thumbnail wp-image-11108\" src=\"https:\/\/i0.wp.com\/www.bghaber.org\/bghaber\/wp-content\/uploads\/2014\/08\/Resim-002-150x150.jpg?resize=150%2C150\" alt=\"alpay dincer\" width=\"150\" height=\"150\" srcset=\"https:\/\/i0.wp.com\/www.bghaber.org\/bghaber\/wp-content\/uploads\/2014\/08\/Resim-002.jpg?resize=150%2C150&amp;ssl=1 150w, https:\/\/i0.wp.com\/www.bghaber.org\/bghaber\/wp-content\/uploads\/2014\/08\/Resim-002.jpg?resize=400%2C400&amp;ssl=1 400w, https:\/\/i0.wp.com\/www.bghaber.org\/bghaber\/wp-content\/uploads\/2014\/08\/Resim-002.jpg?resize=65%2C65&amp;ssl=1 65w, https:\/\/i0.wp.com\/www.bghaber.org\/bghaber\/wp-content\/uploads\/2014\/08\/Resim-002.jpg?zoom=2&amp;resize=150%2C150&amp;ssl=1 300w\" sizes=\"auto, (max-width: 150px) 100vw, 150px\" \/><\/a>\u0130kinci D\u00fcnya Sava\u015f\u0131nda \u201cMakas T\u00fcneli\u201dnden kafalar\u0131 pansumanl\u0131, \u00a0kollar\u0131 boynuna as\u0131lm\u0131\u015f \u00e7\u0131kan Alman askerlerini hat\u0131rlar\u0131z. Tutrakan \u015eehitli\u011finde yatan Bulgarve T\u00fcrk erlerin alt alda yaz\u0131lm\u0131\u015f isimlerini okuruz. \u00d6tesi film, kitap, tarih dersidir.Sava\u015flardan sonra yenilgi an\u0131t\u0131 dikilmez. T\u00fcm an\u0131tlar Zafer An\u0131t\u0131! \u00a0Zaferin b\u00fcy\u00fc k\u00fc\u00e7\u00fc\u011f\u00fc olmaz, b\u00fcy\u00fck ve k\u00fc\u00e7\u00fck olan an\u0131tlard\u0131r. Berlin Zafer An\u0131t\u0131! Bir Sovyet Askeri kuca\u011f\u0131nda bir k\u0131z \u00e7ocu\u011fu. Moskova Zafer An\u0131t\u0131 \u201cyald\u0131z i\u00e7inde yanan s\u00f6nmez ate\u015f!\u201d Bulgarlarda Zafer An\u0131t\u0131 yok. Alt\u0131n kubbeli kiliseler var. Bu millet sava\u015flarda sancak b\u0131rakmam\u0131\u015f, \u00e7arp\u0131\u015fmalar\u0131 hep kazanm\u0131\u015f ama sava\u015f kazanamam\u0131\u015ft\u0131r.<\/p>\n<p>\u0130kinci D\u00fcnya Sava\u015f\u0131\u2019n\u0131n son a\u015famas\u0131nda \u0130ngiliz ve Amerikan u\u00e7aklar\u0131 Bulgaristan\u2019\u0131 bombalad\u0131. K\u00f6r bomban\u0131n biri Sofya B\u00fcy\u00fck Cami Minaresinin \u015ferefesini vurdu. Ard\u0131ndan minare y\u0131k\u0131ld\u0131. Cami Tarih M\u00fczesi oldu. \u0130\u00e7ini gezenlere rehber cami oldu\u011funu ve minaresinin talihsizli\u011fini anlatm\u0131yor. \u00a0Hitler fa\u015fistlerini kovalayanlara kat\u0131lan Bulgar asker k\u0131talar\u0131nda Pomak ve \u00c7ingeneler de vard\u0131. Gotse Del\u00e7ev\u2019li (Nevrekop) Koca Ali sava\u015fta Bulgarin ne kadar madalya ve ni\u015fan\u0131 varsa hepsine laik g\u00f6n\u00fclm\u00fc\u015f. Avrupa\u2019ya gidip gelirken vize yerine madalyalar\u0131n\u0131 g\u00f6steriyordu. Bu numara ancak Macaristan ba\u015fkenti Budape\u015fte\u2019ye kadar ge\u00e7iyordu. Bulgar askerleri daha ileri gidememi\u015ftir.Bir defas\u0131nda Koca Ali\u2019ye \u201chayatta hangi iste\u011fin ger\u00e7ekle\u015fmedi?\u201d diye sormu\u015flar.<\/p>\n<p>Cevab\u0131 \u015fu olmu\u015f: \u201cBeynimi y\u0131kamalar\u0131n\u0131 istedim, y\u0131kamad\u0131lar!\u201d\u201cBeyninle zorun nedir?\u201d deyene de\u2026 \u201cG\u00f6zlerimin \u00f6n\u00fcnde pek \u00e7ok arkada\u015f\u0131m telef oldu, par\u00e7aland\u0131, sakatland\u0131, korku ya\u015fad\u0131m ve bunlardan kurtulmam i\u00e7in beynimi y\u0131katmak istemi\u015ftim!\u201d dedi.\u0130kinci D\u00fcnya Sava\u015f\u0131n\u0131n derin izleri bug\u00fcn de kan\u0131yor. K\u0131r\u0131ma, Ukrayna\u2019ya bak\u0131n\u0131z\u2026 \u0130nsanlar ayn\u0131 deh\u015feti bir daha ya\u015famamak i\u00e7in teslim olmaya hemen raz\u0131lar\u2026 Devletlerin \u00f6remedi\u011fi bar\u0131\u015f demetlerini sivil toplum \u00f6rg\u00fctleri derleyecek. Bat\u0131\u015f her birimize hava ve su kadar gereklidir. Bar\u0131\u015f olmayan her yerde insanlar korku i\u00e7inde ya\u015f\u0131yor.<\/p>\n<p>Korkunun bar\u0131\u015fa yenildi\u011fi g\u00fcn D\u00dcNYA BARI\u015eININ ZAFER G\u00dcN\u00dc OLACAKTIR.Kimilerine g\u00f6re 40, ba\u015fkalar\u0131na g\u00f6re ise 60 milyon insan\u0131n hayat\u0131n\u0131 kaybetti\u011fi \u0130kinci D\u00fcnya Sava\u015f\u0131\u2019nda Avrupa yerle bir olmu\u015ftur. Yaralar\u0131n sar\u0131l\u0131p, \u00f6fke ve kinin a\u015f\u0131lmas\u0131 bak\u0131m\u0131ndan eski k\u0131tan\u0131n son 69 y\u0131lda kat etti\u011fi yol \u00e7ok uzundur. Daha 1950\u2019lerde ba\u015flayan Avrupa\u2019da sava\u015f ruhunu yenip dostluklar, karde\u015flikler, yard\u0131mla\u015fma ve birlikte ya\u015fama\u00a0raylar\u0131na ge\u00e7me kolay olmad\u0131. \u201cSo\u011fuk Sava\u015f\u201d d\u00f6nemi halklar aras\u0131nda yak\u0131nla\u015fma, \u00a0i\u015fbirli\u011fi ve ekonomik olarak b\u00fct\u00fcnle\u015fme emellerine 1990\u2019lara kadar uzanamad\u0131. Birbirinden \u00e7ok uzakla\u015fan Do\u011fu ile Bat\u0131 d\u00fcnyas\u0131 aras\u0131na eski k\u0131tan\u0131n anakentinde Berlin Duvar\u0131 \u00e7ekildi.<\/p><div id=\"bghab-3754403028\" class=\"bghab-icerik-icine bghab-entity-placement\"><script async src=\"\/\/pagead2.googlesyndication.com\/pagead\/js\/adsbygoogle.js?client=ca-pub-6203283170189293\" crossorigin=\"anonymous\"><\/script><ins class=\"adsbygoogle\" style=\"display:block; text-align:center;\" data-ad-client=\"ca-pub-6203283170189293\" \ndata-ad-slot=\"7303146466\" \ndata-ad-layout=\"in-article\"\ndata-ad-format=\"fluid\" data-full-width-responsive=\"true\"><\/ins>\n<script> \n(adsbygoogle = window.adsbygoogle || []).push({}); \n<\/script>\n<\/div>\n<p>Duvar y\u0131k\u0131lmadan bar\u0131\u015f \u015fafa\u011f\u0131 s\u00f6kmedi. Do\u011funun f\u00fczeleri Bat\u0131 anakentlerini, Bat\u0131n\u0131n f\u00fczeleri de Do\u011fu\u2019nun k\u00f6y ve kasabalar\u0131n\u0131 bir anda yok etmeye konu\u015flanm\u0131\u015f bir k\u0131tada bar\u0131\u015f bir ser\u00e7e kadar \u00e7aresiz ve zay\u0131ft\u0131. Ne yaz\u0131k ki Avrupa k\u0131tas\u0131na bir BARI\u015e ORMANI dikilemedi. \u015eairlerin derledi\u011fi BARI\u015e DESTANLARI hala bir \u00e7i\u00e7ek kadar nazik, her sabah g\u00fcn \u0131\u015f\u0131\u011f\u0131 ve her ak\u015fam serinleticisu bekliyor. Bir g\u00fcn devaml\u0131 bar\u0131\u015f umutlar\u0131m\u0131z ilk r\u00fczg\u00e2rda d\u00f6k\u00fclen aka\u011fa\u00e7 yapraklar\u0131 gibi ye\u015fil \u00e7imenlere yaslanaca\u011f\u0131ndan korkuyorum. Bu y\u0131l da D\u00dcNYA BARI\u015e G\u00dcN\u00dc r\u00fczg\u00e2r\u0131 her yerde esmedi.<\/p>\n<p>\u00d6rne\u011fin vatan\u0131m\u0131z Bulgaristan\u2019da biz 100 y\u0131ldan beri etnik bar\u0131\u015f i\u00e7in sava\u015f\u0131m veriyoruz. Bizde etnik bar\u0131\u015f an\u0131t\u0131 da yok. Bug\u00fcn Suriye ve T\u00fcrkiye s\u0131n\u0131r\u0131nda el ele tutunan kad\u0131n ve erkekler BARI\u015e Z\u0130NC\u0130R\u0130 \u00f6rd\u00fcler. Diyarbak\u0131rl\u0131 K\u00fcrk karde\u015flerimiz BARI\u015e \u015eARKILARINI \u0130zmir\u2019de s\u00f6ylediler. \u0130stanbul Beylerbeyi Belediye Ba\u015fkan\u0131 Haznedar o\u011fulu Van g\u00f6l\u00fcnde BARI\u015e HORONU tepti. Bar\u0131\u015f ancak her yerde ve her \u015feyde ya\u015fad\u0131k\u00e7a D\u00dcNYA BARI\u015eI olacak. \u00c7ok yak\u0131nda T\u00fcrkiye\u2019nin d\u00f6rt bir yan\u0131nda Balkanlarda as\u0131rl\u0131k \u00e7\u0131narlar ayn\u0131 anda BARI\u015e \u00c7\u0130\u00c7EKLER\u0130 a\u00e7acak. BARI\u015e R\u00dcZGARLARI BARI\u015e \u00a0\u015eARKILARI seslendirecek. \u00a0D\u00fcnya Bar\u0131\u015f G\u00fcn\u00fcn\u00fcz kutlu olsun.<\/p>\n<p>&nbsp;<\/p>\n<p>Alpay D\u0130N\u00c7ER<\/p>\n<div id=\"bghab-1615052721\" class=\"bghab-yazi-altinda bghab-entity-placement\"><script async src=\"https:\/\/pagead2.googlesyndication.com\/pagead\/js\/adsbygoogle.js\"><\/script>\r\n<!-- bghaber-yaz\u0131-sonu -->\r\n<ins class=\"adsbygoogle\"\r\n     style=\"display:block\"\r\n     data-ad-client=\"ca-pub-6203283170189293\"\r\n     data-ad-slot=\"4222328180\"\r\n     data-ad-format=\"auto\"\r\n     data-full-width-responsive=\"true\"><\/ins>\r\n<script>\r\n     (adsbygoogle = window.adsbygoogle || []).push({});\r\n<\/script><\/div><br style=\"clear: both; display: block; float: none;\"\/>","protected":false},"excerpt":{"rendered":"<p>Sava\u015f\u0131 ya\u015famayanlar bar\u0131\u015f\u0131n ne oldu\u011funu ve de\u011ferini bilemezler. Bu, sar\u0131msak yemeyenlerin sar\u0131msak kokusu, so\u011fan yemeyenlerin so\u011fan kokusu bilmedikleri gibi bir \u015feydir. D\u00fcnya Bar\u0131\u015f G\u00fcn\u00fcnde, Hitlerci<\/p>\n","protected":false},"author":13,"featured_media":11108,"comment_status":"closed","ping_status":"closed","sticky":false,"template":"","format":"standard","meta":{"advanced_seo_description":"","jetpack_seo_html_title":"","jetpack_seo_noindex":false,"jetpack_seo_schema_type":"","_jetpack_newsletter_access":"","_jetpack_dont_email_post_to_subs":false,"_jetpack_newsletter_tier_id":0,"_jetpack_memberships_contains_paywalled_content":false,"_jetpack_feature_clip_id":0,"_jetpack_memberships_contains_paid_content":false,"footnotes":"","jetpack_post_was_ever_published":false},"categories":[6],"tags":[],"class_list":["post-11122","post","type-post","status-publish","format-standard","has-post-thumbnail","hentry","category-yorum"],"jetpack_sharing_enabled":true,"jetpack_likes_enabled":true,"jetpack-related-posts":[],"jetpack_shortlink":"https:\/\/wp.me\/pc2PfJ-2To","jetpack_featured_media_url":"https:\/\/i0.wp.com\/www.bghaber.org\/bghaber\/wp-content\/uploads\/2014\/08\/Resim-002.jpg?fit=400%2C544&ssl=1","_links":{"self":[{"href":"https:\/\/www.bghaber.org\/bghaber\/wp-json\/wp\/v2\/posts\/11122","targetHints":{"allow":["GET"]}}],"collection":[{"href":"https:\/\/www.bghaber.org\/bghaber\/wp-json\/wp\/v2\/posts"}],"about":[{"href":"https:\/\/www.bghaber.org\/bghaber\/wp-json\/wp\/v2\/types\/post"}],"author":[{"embeddable":true,"href":"https:\/\/www.bghaber.org\/bghaber\/wp-json\/wp\/v2\/users\/13"}],"replies":[{"embeddable":true,"href":"https:\/\/www.bghaber.org\/bghaber\/wp-json\/wp\/v2\/comments?post=11122"}],"version-history":[{"count":0,"href":"https:\/\/www.bghaber.org\/bghaber\/wp-json\/wp\/v2\/posts\/11122\/revisions"}],"wp:featuredmedia":[{"embeddable":true,"href":"https:\/\/www.bghaber.org\/bghaber\/wp-json\/wp\/v2\/media\/11108"}],"wp:attachment":[{"href":"https:\/\/www.bghaber.org\/bghaber\/wp-json\/wp\/v2\/media?parent=11122"}],"wp:term":[{"taxonomy":"category","embeddable":true,"href":"https:\/\/www.bghaber.org\/bghaber\/wp-json\/wp\/v2\/categories?post=11122"},{"taxonomy":"post_tag","embeddable":true,"href":"https:\/\/www.bghaber.org\/bghaber\/wp-json\/wp\/v2\/tags?post=11122"}],"curies":[{"name":"wp","href":"https:\/\/api.w.org\/{rel}","templated":true}]}}