{"id":11116,"date":"2014-08-31T02:07:10","date_gmt":"2014-08-30T23:07:10","guid":{"rendered":"http:\/\/www.bghaber.org\/bghaber\/?p=11116"},"modified":"2014-09-03T14:20:15","modified_gmt":"2014-09-03T11:20:15","slug":"yeni-yol-bulalim-2","status":"publish","type":"post","link":"https:\/\/www.bghaber.org\/bghaber\/yeni-yol-bulalim-2\/","title":{"rendered":"Yeni Yol Bulal\u0131m"},"content":{"rendered":"<p>Kap\u0131y\u0131 \u00e7alan se\u00e7imdir!<\/p>\n<p>Kimsenin sizden \u00f6zel bir \u015fey istedi\u011fi yok. Genel parlamento se\u00e7imlerine herkes kat\u0131lmak zorundad\u0131r. T\u00fcm soyda\u015flar\u0131m\u0131z i\u00e7in de ge\u00e7erlidir.<\/p>\n<p>Se\u00e7imde se\u00e7me ya da se\u00e7meme, oy kullanma ya da kullanmama, yeni yol arama ya da eski yolda devam etme hakk\u0131 anonim, bireysel, yasal ve kutsald\u0131r. Ne olursa olsun da bir de\u011fi\u015fik \u00f6zg\u00fcrl\u00fck bi\u00e7imidir. 5 Ekim 2014 g\u00fcn\u00fc bu hakk\u0131m\u0131z\u0131 bilin\u00e7li kullanabiliriz.<!--more--><\/p>\n<p>&nbsp;<\/p>\n<p>10\u201312 politik parti ile 29 kurulu\u015f \u201c<strong>beni se\u00e7<\/strong>\u201d vitrinine \u00e7\u0131kt\u0131. Bu bizdeki \u201cg\u00f6r\u00fcc\u00fcl\u00fck\u201d gibi bir \u015fey, onlar kendilerini anlatacak bir de birisini se\u00e7ece\u011fiz. Se\u00e7me hakk\u0131nda h\u00fcr\u00fcz! Partilerden<\/p>\n<p>hi\u00e7biri \u00f6n\u00fcm\u00fczdeki d\u00f6rt y\u0131lda bir \u015fey yapacak kudrette olmad\u0131\u011f\u0131ndan, hepsi susarak konu\u015fuyor. \u00c7o\u011fu a\u011fz\u0131mdan bir laf ka\u00e7\u0131r\u0131r\u0131m diye korkuyor.<\/p><div id=\"bghab-2763685842\" class=\"bghab-icerik-icine bghab-entity-placement\"><script async src=\"\/\/pagead2.googlesyndication.com\/pagead\/js\/adsbygoogle.js?client=ca-pub-6203283170189293\" crossorigin=\"anonymous\"><\/script><ins class=\"adsbygoogle\" style=\"display:block; text-align:center;\" data-ad-client=\"ca-pub-6203283170189293\" \ndata-ad-slot=\"7303146466\" \ndata-ad-layout=\"in-article\"\ndata-ad-format=\"fluid\" data-full-width-responsive=\"true\"><\/ins>\n<script> \n(adsbygoogle = window.adsbygoogle || []).push({}); \n<\/script>\n<\/div>\n<p>Bulgaristan\u2019da insanlar\u0131n politik se\u00e7me \u00f6zg\u00fcrl\u00fc\u011f\u00fc 18\u2019inde ba\u015fl\u0131yor. 18\u2019ine basan se\u00e7me hakk\u0131n\u0131 kullanma \u00f6zg\u00fcrl\u00fc\u011f\u00fc elde ediyor. Bir nevi iradesi yasalla\u015f\u0131yor. Adam aras\u0131na kar\u0131\u015f\u0131p memleketin bug\u00fcn\u00fc ve yar\u0131n\u0131 hakk\u0131nda \u201c<strong>\u015f\u00f6yle ya da b\u00f6yle<\/strong>\u201d deyebiliyor.<\/p>\n<p>Se\u00e7me hakk\u0131 ve kimin se\u00e7ildi\u011fi, hele oylama, parlamento genel se\u00e7imleriyse \u00e7ok \u00f6nemlidir. \u00c7\u00fcnk\u00fc \u00fclkemiz parlamenter bir cumhuriyettir, y\u00fcr\u00fctme makam\u0131n\u0131, h\u00fck\u00fcmeti, genel m\u00fcd\u00fcrl\u00fck, ajans ba\u015fkanlar\u0131n\u0131 vs. hep meclis se\u00e7er. Yayalar\u0131 da o kabul eder, de\u011fi\u015ftirir ya da y\u00fcr\u00fcrl\u00fckten kald\u0131r\u0131r.<\/p>\n<p>&nbsp;<\/p>\n<p>Bulgar meclisinde 240 sandalye var. Bunlar\u0131n toplam\u0131 Genel Kurul Bile\u015fimini olu\u015fturur. Meclis g\u00f6rev s\u00fcresi 4 y\u0131ld\u0131r. Son Meclis 12 May\u0131s 2013\u2019te se\u00e7ildi ve 1 y\u0131l \u00e7al\u0131\u015ft\u0131. H\u00fck\u00fcmet % 50 art\u0131 1 oyla se\u00e7ilir. Bakanlar Kurulu\u2019nun istifas\u0131ndan sonra ve yeni h\u00fck\u00fcmet kurma yollar\u0131 t\u0131kanm\u0131\u015fsa erken se\u00e7im yap\u0131l\u0131r. \u015eimdi erkek se\u00e7im yap\u0131lacak. BSP \/ H\u00d6H \u201cAtaka\u201d partisi h\u00fck\u00fcmeti mali bunal\u0131ma dayanamad\u0131 ve \u00e7\u00f6kt\u00fc.<\/p>\n<p>&nbsp;<\/p>\n<p>Politik partileri h\u00fck\u00fcmet kurmayla g\u00f6revlendiren cumhurba\u015fkan\u0131d\u0131r. Bizde meclisin her bile\u015fimi Anayasay\u0131 de\u011fi\u015ftiremez. Bulgaristan\u2019\u0131n demokratik Anayasas\u0131 1990 Haziran\u0131nda se\u00e7ilen B\u00fcy\u00fck Millet Meclisinde (BMM) haz\u0131rland\u0131 ve kabul edildi. BMM\u2019nde 120 milletvekili vard\u0131r. G\u00f6revi yeni anayasa haz\u0131rlamak ve kabul etmekti. BMM\u2019nin g\u00f6rev s\u00fcresi 2 y\u0131ld\u0131r.<\/p>\n<p>&nbsp;<\/p>\n<p>1990 \u2013 1992\u2019de \u00a0BMM Kom\u00fcnist Partisi\u2019nin tek ba\u015f\u0131na y\u00f6netimine son verdi ve demokratik, insan haklar\u0131n\u0131 kabul eden ve sosyal Bulgaristan Cumhuriyetini yeni devlet bi\u00e7imi olarak onaylad\u0131. Art\u0131k 24 y\u0131ld\u0131r Bulgaristan Cumhuriyeti sosyalist totaliter d\u00fczenden demokratik liberal sisteme ge\u00e7i\u015fi tamaml\u0131yor. Ba\u015fka bir ad\u0131, devlet ve kooperatif \u00fcretim sisteminden pazar ekonomisine ge\u00e7i\u015f olan bu d\u00f6n\u00fc\u015f\u00fcm i\u00e7in ucunca bir s\u00fcre gerekti\u011fi g\u00f6r\u00fcld\u00fc. Yeni s\u00fcre\u00e7 bizde topyekun demokratikle\u015fme \u015feklinde yol al\u0131rken, t\u00fcm toplumsal s\u00fcre\u00e7ler gibi zorlana zorlana yol a\u00e7maya \u00e7al\u0131\u015f\u0131yor. Bizde kom\u00fcnist partisinin sosyal, ekonomik ve politik sistemden \u00e7\u0131kar\u0131lmas\u0131 ve yerine demokratik kurulu\u015flar\u0131n yerle\u015ftirilmesi, sivil toplum \u00f6rg\u00fctlerinin g\u00f6reve \u00e7a\u011fr\u0131lmas\u0131 uzun zaman gerektirdi.<\/p><div id=\"bghab-1061313242\" class=\"bghab-icerik-icine-10-paragraf bghab-entity-placement\"><script async src=\"\/\/pagead2.googlesyndication.com\/pagead\/js\/adsbygoogle.js?client=ca-pub-6203283170189293\" crossorigin=\"anonymous\"><\/script><ins class=\"adsbygoogle\" style=\"display:block; text-align:center;\" data-ad-client=\"ca-pub-6203283170189293\" \ndata-ad-slot=\"7303146466\" \ndata-ad-layout=\"in-article\"\ndata-ad-format=\"fluid\" data-full-width-responsive=\"true\"><\/ins>\n<script> \n(adsbygoogle = window.adsbygoogle || []).push({}); \n<\/script>\n<\/div>\n<p>&nbsp;<\/p>\n<p>Demokratikle\u015fme s\u00fcrecinde tek partili sistemden \u00e7ok partili sisteme ge\u00e7ildi. \u00c7eyrek as\u0131r \u00f6nce \u00fclkede yaln\u0131z iki parti Kom\u00fcnist Partisi BKP ile Bulgaristan Halk \u00c7ift\u00e7i Partisi (BZNS) vard\u0131. \u015eimdi 150 politik parti tescilini yapt\u0131rd\u0131. Ofis a\u00e7t\u0131. G\u00f6r\u00fcld\u00fc\u011f\u00fc \u00fczere bunlardan 100\u2019den fazlas\u0131 inlerinden \u00e7\u0131k\u0131p halktan oy isteyemiyor. Sosyalizm y\u0131llar\u0131nda sa\u011f ve sol politika yoktu. Kom\u00fcnist partisi devlet totaliter d\u00fczen partisiydi. BZNS ise ayn\u0131 siyaseti k\u00f6yl\u00fcler aras\u0131nda y\u00fcr\u00fct\u00fcyordu.<\/p>\n<p>&nbsp;<\/p>\n<p>Demokrasiye ge\u00e7i\u015f d\u00f6neminin ba\u015f\u0131nda sa\u011f kanatta kurulan Demokratik G\u00fc\u00e7ler Birli\u011fi (SDS) ve vb. kitle partileri birka\u00e7 defa iktidar olsa bile, \u00fcretim \u00f6ncelikli tabana dayanmad\u0131klar\u0131ndan bir daha toplanamamak \u00fczere k\u0131sa d\u00f6nemde da\u011f\u0131ld\u0131lar. II. Simyon Partisi de bunlardan biridir. Halen sa\u011f kanat partisi oldu\u011funu iddia eden ve 5 Ekim se\u00e7imlerine kat\u0131lmaya haz\u0131rlanan \u201cReformcu Blok\u201d da \u00fcretim g\u00fc\u00e7lerine s\u0131rt \u00e7evirmi\u015f, konjukt\u00fcr partisidir.<\/p>\n<p>&nbsp;<\/p>\n<p>Sol kanatta ise, kom\u00fcnist partisinden sosyalist partiye (BKP\u2019den BSP\u2019ye) ad de\u011fi\u015ftirerek kendini \u201creform\u201d eden ve sosyal demokrat politika izleyece\u011fini ilan eden b\u00fcy\u00fck g\u00fc\u00e7 par\u00e7alan\u0131p da\u011f\u0131lma r\u00fczg\u00e2r\u0131na art\u0131k g\u00f6\u011f\u00fcs geremiyor. Kabuk ya da t\u00fcy de\u011fi\u015ftiren hayvanlar gibi bir \u015feyler oluyor. Burada bir fidan 40 defa a\u015f\u0131lanmaz s\u00f6z\u00fcn\u00fc hat\u0131rlatsak yerinde olur.<\/p>\n<p>&nbsp;<\/p>\n<p>Bulgar halk\u0131 ilk politik se\u00e7imini yaparken taraf tuttu\u011funun fark\u0131na varamad\u0131. Sosyalizm y\u0131llar\u0131nda tek partiye oy verdi\u011fi i\u00e7in halkta taraf tutma k\u00fclt\u00fcr\u00fc yerle\u015fmemi\u015fti. Halk\u0131n maneviyat\u0131na bu zihniyet yerle\u015fmemi\u015fti. Hala da bu anlay\u0131\u015f\u0131n k\u00f6klenmedi\u011fini s\u00f6yleyebiliriz.<\/p>\n<p>\u00c7\u00fcnk\u00fc taraf tutma, taraf de\u011fi\u015ftirme, yeni taraf tutma politik k\u00fclt\u00fcr\u00fcn bir par\u00e7as\u0131d\u0131r.<\/p><div id=\"bghab-357977574\" class=\"bghab-icerik-icine-15-paragraf bghab-entity-placement\"><script async src=\"\/\/pagead2.googlesyndication.com\/pagead\/js\/adsbygoogle.js?client=ca-pub-6203283170189293\" crossorigin=\"anonymous\"><\/script><ins class=\"adsbygoogle\" style=\"display:block; text-align:center;\" data-ad-client=\"ca-pub-6203283170189293\" \ndata-ad-slot=\"7303146466\" \ndata-ad-layout=\"in-article\"\ndata-ad-format=\"fluid\" data-full-width-responsive=\"true\"><\/ins>\n<script> \n(adsbygoogle = window.adsbygoogle || []).push({}); \n<\/script>\n<\/div>\n<p>Olaylara taraf se\u00e7me a\u00e7\u0131s\u0131ndan bakt\u0131\u011f\u0131m\u0131zda, Bulgaristan\u2019da daha 1990\u2019da taraf tutan ve sosyalizme ve kom\u00fcnist ideolojiye \u201csoya d\u00f6n\u00fc\u015f\u201d uygulamas\u0131ndan \u00f6t\u00fcr\u00fc kesin y\u00fcz \u00e7eviren T\u00fcrkler, Pomaklar, \u00c7ingeneler, t\u00fcm M\u00fcsl\u00fcmanlar ve \u00f6teki dil, din, etnik az\u0131nl\u0131klar y\u00fczde y\u00fcz hakl\u0131yd\u0131. Onlar bir as\u0131r s\u00fcren hak ve adalet m\u00fccadelesinde hep devlete kar\u015f\u0131 olan tarafta kald\u0131lar. Devlet onlar\u0131 zorlarken onlar da devlet zulm\u00fcne kar\u015f\u0131 m\u00fccadeleyi se\u00e7tiler. \u00a0Z\u00fcl\u00fcm edenlerle ortak tarafta yer almalar\u0131 asla beklenemezdi. Ge\u00e7i\u015f d\u00f6neminin ilk y\u0131llar\u0131nda durum buydu.<\/p>\n<p>&nbsp;<\/p>\n<p>Bir de se\u00e7me k\u00fclt\u00fcr\u00fcnde birikimi ve derin k\u00f6kleri olmad\u0131\u011f\u0131ndan olacak, Bulgaristan T\u00fcrkleri, \u00f6teki etnik ve dini az\u0131nl\u0131klar TARAF SE\u00c7ME K\u00dcLT\u00dcR\u00dcN\u00dcN, b\u00f6l ve y\u00f6net k\u00fclt\u00fcr\u00fcn\u00fc, kendi kendine dayatma, d\u0131\u015far\u0131dan dayat\u0131lsa bile kabullenme \u015feklinde d\u00fc\u015f\u00fcnmedi.. Hak ve \u00d6zg\u00fcrl\u00fckler Hareketi\u2019ni (H\u00d6H) se\u00e7enler, ki ilk d\u00f6nemde b\u00fct\u00fcn kitle ayr\u0131lmay\u0131 ve \u00f6zg\u00fcn kalmay\u0131 ye\u011flemi\u015fti, \u00a0bu politik hareketin, bir b\u00fct\u00fcnden ayr\u0131lma ve kendi i\u00e7ine kaps\u00fclle ni\u015fi se\u00e7me olarak d\u00fc\u015f\u00fcnmedi. H\u00d6H\u2019\u00fc se\u00e7menin bir kom\u00fcnist tuza\u011f\u0131 oldu\u011funa i\u015faret eden de olmad\u0131. Asl\u0131nda H\u00d6H\u2019\u00fcn kurulmas\u0131 Bulgar toplumunda taraf se\u00e7me, i\u00e7sel b\u00f6l\u00fcnme, b\u00fct\u00fcnselden ayr\u0131lma, k\u00fclt\u00fcrel olarak i\u00e7ine kapanma oldu\u011fu \u00e7\u00f6z\u00fclemedi. O y\u0131llarda \u00e7ok yara alm\u0131\u015f olan Bulgaristan T\u00fcrkleri totalitarizmin yenilgisini kutlarken gafil avland\u0131. Gizli polis ajanlar\u0131n\u0131n uzun zamandan beri haz\u0131rlad\u0131klar\u0131 tuza\u011fa d\u00fc\u015f\u00fcr\u00fclecekleri ak\u0131llar\u0131nda ge\u00e7medi. Yeni se\u00e7imin \u00f6n \u015fart\u0131n\u0131n \u201c<strong>Bulgarla\u015ft\u0131rmay\u0131<\/strong>\u201d zorlayan zihniyeti H\u00d6H ile gizlice desteklemek oldu\u011funu s\u00f6k\u00fclemedi. Gizem \u00e7\u00f6z\u00fclemedi. Bu i\u015fin ard\u0131nda Bulgaristan oyununda H\u00d6H kart\u0131 oynamay\u0131 planlayan Rusya\u2019n\u0131n eli oldu\u011funu anlayana kadar uzun zamana gerek duyuldu.<\/p>\n<p>&nbsp;<\/p>\n<p>Bu arada, 2007\u2019lerde Bat\u0131ya y\u00f6nelik (AB ve NATO) \u00a0b\u00fcy\u00fck se\u00e7im yap\u0131l\u0131rken Bulgaristan T\u00fcrk se\u00e7menine \u201c<strong>haklar\u0131n \u00f6zg\u00fcrl\u00fcklerin ne durumda, do\u011fal haklar\u0131n\u0131 insan haklar\u0131n\u0131 alabildiniz mi<\/strong>?\u201d diye soran olmad\u0131. Biz demokrasiyi se\u00e7mekle bir temsili demokrasiyi se\u00e7mi\u015f olduk ve ba\u015fkalar\u0131na bizim hakk\u0131m\u0131zda s\u00f6z sahibi olma ve bizi temsil etme hakk\u0131n\u0131 tan\u0131m\u0131\u015ft\u0131k. Hepimizi hi\u00e7e sayarak bunu yapan art\u0131k H\u00d6H lideri A. Do\u011fand\u0131. Halk\u0131m\u0131z\u0131n, senin benim, bizim hepimizin yerine t\u00fcm imzalar\u0131 bir gizli polis ajan\u0131 olan A. Do\u011fan att\u0131. Her \u015feyi berbat etti, yaram\u0131za tuz ekti, olup biteni kamuoyundan gizledi, bas\u0131na bir \u015fey a\u00e7\u0131klanmad\u0131. \u00d6yle oldu ki, d\u00f6n\u00fcp dola\u015f\u0131p i\u015fler gene en ba\u015fa d\u00f6nd\u00fc. Biz H\u00d6H partisini se\u00e7mekle kendimizi hakl\u0131 g\u00f6rd\u00fck, ama aldand\u0131\u011f\u0131m\u0131z\u0131 daha do\u011frusu aldat\u0131ld\u0131\u011f\u0131m\u0131z\u0131 anlayamad\u0131k. Biz H\u00d6H\u2019\u00fc se\u00e7mekle ba\u015fkalar\u0131n\u0131 mahk\u00fbm eden insanlar durumuna d\u00fc\u015ft\u00fck.<\/p>\n<p>&nbsp;<\/p>\n<p>Biz hepimiz hi\u00e7bir zaman bug\u00fcnk\u00fc kadar \u00e7ok se\u00e7im yapmad\u0131k. Ba\u015fkalar\u0131n\u0131 hi\u00e7bir zaman se\u00e7tikleri de\u011ferlere g\u00f6re bug\u00fcnk\u00fc kadar \u00e7ok de\u011ferlendirmedik. Demokratik d\u00fczen se\u00e7me ve se\u00e7ilme \u00fczerine kurulmu\u015ftur. Demokrasinin ana ve de\u011fi\u015fmez ilkesi budur. Bizim hepimizde art\u0131k \u201c<strong>Ben se\u00e7tim<\/strong>\u2026\u201d duygusunun g\u00fc\u00e7lenmesi gerekiyor. Se\u00e7ebilmek g\u00fc\u00e7l\u00fc bir ili\u015fkidir. Bilin\u00e7li bir tav\u0131r ister. \u0130nsan\u0131 s\u00fcr\u00fcye katar ya da s\u00fcr\u00fcden ay\u0131r\u0131r. Hi\u00e7 ya da adam eder. Se\u00e7mek takdir ve kabul g\u00f6rmek istemez!. \u00c7\u00fcnk\u00fc gizli ve anonim bir eylemdir. \u0130nsan kimi se\u00e7ti\u011fini yaln\u0131z kendisi bilir. Oyu anonim kullanma se\u00e7me \u00f6zg\u00fcrl\u00fc\u011f\u00fcn\u00fcn temelidir. Se\u00e7ime kat\u0131lmam\u0131z ise en do\u011fal demokratik hakk\u0131m\u0131zd\u0131r.\u00a0 Demek istedi\u011fim, kendi se\u00e7imimizi yapar\u0131z, kimi se\u00e7ti\u011fimizi ya da kime oy verdi\u011fimizi yaln\u0131z kendimiz biliriz. Bu olay an i\u015fidir, ard\u0131 \u00f6n\u00fc yoktur. Hi\u00e7 kimse hi\u00e7 kimseden hesap soramaz, hesap vermek zorunda de\u011fildir. Oy kullan\u0131ld\u0131 an, olur biter. Ba\u015fka bir de\u011fi\u015fle, anonim se\u00e7im ile birey ve kurulu d\u00fczen aras\u0131ndaki ili\u015fki ayr\u0131m g\u00f6zetmez. Yani istersen H\u00d6H\u2019\u00fc se\u00e7ersin istersen GERB\u2019i, istersen Rafet\u2019i, istersen Mehmet\u2019i se\u00e7ersin, se\u00e7im anonim oldu\u011fundan, sorumlulu\u011fa tabii de\u011fildir.<\/p>\n<p>&nbsp;<\/p>\n<p>Devaml\u0131 ayn\u0131 partiye oy vermek sa\u011fl\u0131ks\u0131z sonu\u00e7lar da do\u011furabilir. \u00d6rne\u011fin parti \u00e7\u00f6km\u00fc\u015ft\u00fcr ve da\u011f\u0131lm\u0131\u015ft\u0131r ama se\u00e7menden durumunu gizlemi\u015ftir. Ba\u015fka bir \u00f6rnek: Kas\u0131m Dal \u201cH\u00d6H partisi 12. May\u0131s 2013 se\u00e7imlerinde Stara Zagora\u2019da oylara 1. 300.000 (bir milyon \u00fc\u00e7 y\u00fcz bin) leva sayd\u0131\u201d diyor. Yani H\u00d6H partisi ger\u00e7ek durumunu gizliyor. Parayla oy almak yasa d\u0131\u015f\u0131d\u0131r. Yasakt\u0131r.<\/p><div id=\"bghab-1601432718\" class=\"bghab-icerik-icine-20-paragraf bghab-entity-placement\"><script async src=\"\/\/pagead2.googlesyndication.com\/pagead\/js\/adsbygoogle.js?client=ca-pub-6203283170189293\" crossorigin=\"anonymous\"><\/script><ins class=\"adsbygoogle\" style=\"display:block; text-align:center;\" data-ad-client=\"ca-pub-6203283170189293\" \ndata-ad-slot=\"7303146466\" \ndata-ad-layout=\"in-article\"\ndata-ad-format=\"fluid\" data-full-width-responsive=\"true\"><\/ins>\n<script> \n(adsbygoogle = window.adsbygoogle || []).push({}); \n<\/script>\n<\/div>\n<p>&nbsp;<\/p>\n<p>\u00d6zellikle se\u00e7imden se\u00e7ime taraf de\u011fi\u015ftiriyorsak, zor bir se\u00e7im yap\u0131yorsak, bu bizi politik strese kadar g\u00f6t\u00fcrebilir, \u00e7\u00fcnk\u00fc biz taraf de\u011fi\u015ftirmenin k\u00f6t\u00fc oldu\u011funa, g\u00fc\u00e7l\u00fc bir insan\u0131n verdi\u011fi kararda direnmesi gerekti\u011fine inan\u0131r\u0131z. Bir de se\u00e7mek bir yere ait odlumuz demek anlam\u0131na geldi\u011finden, taraf de\u011fi\u015ftirmekte g\u00fc\u00e7leniriz. \u00d6rne\u011fin 5 Ekim se\u00e7imlerinde (Kurban Bayram\u0131na rastl\u0131yor) BULT\u00dcRK ve di\u011fer g\u00f6\u00e7men dernekleri birlik olal\u0131m ve oyumuzu bu defa \u015fu partiye verelim, \u015fu isteklerimizi kabul ediyor, dedi\u011finde topluluktan ayr\u0131lmak riski bir se\u00e7im olabilir. \u00c7\u00fcnk\u00fc soyda\u015f dernekleri son y\u0131llarda ba\u015far\u0131l\u0131 politika y\u00fcr\u00fctt\u00fcklerinden yeni se\u00e7imlerinde taraf belirlerken yan\u0131lacaklar\u0131n\u0131 sanm\u0131yorum.<\/p>\n<p>&nbsp;<\/p>\n<p>25 y\u0131ldan beri hi\u00e7bir \u00e7ivi \u00e7akmayanlara, ekme\u011fimizi lokmam\u0131z\u0131 devaml\u0131 k\u00fc\u00e7\u00fcltmeye \u00e7al\u0131\u015fanlara, halktan para t\u0131rnaklayanlara k\u00f6le olmaya devam etmek zorunda de\u011filiz. Art\u0131k ya\u015fan dinlemek de istemiyoruz. Do\u011fru yolu kendi aram\u0131zda dan\u0131\u015farak, daha deyimli olanlar\u0131n karar\u0131na ve \u00f6nerilerine kulak vererek se\u00e7memiz isabetli olabilir. \u00a0Her oy bir kurtulu\u015f oyudur. Biz de kurtulu\u015f oyumuzu yeni se\u00e7ece\u011fimiz tarafa, partiye, adaya, lidere vermeliyiz. \u00a0\u00d6zg\u00fcr oyumuzla se\u00e7ece\u011fimiz temsilcilerimizle, inand\u0131\u011f\u0131m\u0131z ki\u015filerle istedi\u011fimiz y\u00f6n\u00fc belirlemek \u00f6z hakk\u0131m\u0131zd\u0131r. Do\u011fru y\u00f6n\u00fc se\u00e7memize tam 40 g\u00fcn vaktimiz var.<\/p>\n<p>&nbsp;<\/p>\n<p>Rafet ULUTURK<\/p>\n<div id=\"bghab-3109084267\" class=\"bghab-yazi-altinda bghab-entity-placement\"><script async src=\"https:\/\/pagead2.googlesyndication.com\/pagead\/js\/adsbygoogle.js\"><\/script>\r\n<!-- bghaber-yaz\u0131-sonu -->\r\n<ins class=\"adsbygoogle\"\r\n     style=\"display:block\"\r\n     data-ad-client=\"ca-pub-6203283170189293\"\r\n     data-ad-slot=\"4222328180\"\r\n     data-ad-format=\"auto\"\r\n     data-full-width-responsive=\"true\"><\/ins>\r\n<script>\r\n     (adsbygoogle = window.adsbygoogle || []).push({});\r\n<\/script><\/div><br style=\"clear: both; display: block; float: none;\"\/>","protected":false},"excerpt":{"rendered":"<p>Kap\u0131y\u0131 \u00e7alan se\u00e7imdir! Kimsenin sizden \u00f6zel bir \u015fey istedi\u011fi yok. Genel parlamento se\u00e7imlerine herkes kat\u0131lmak zorundad\u0131r. T\u00fcm soyda\u015flar\u0131m\u0131z i\u00e7in de ge\u00e7erlidir. Se\u00e7imde se\u00e7me ya da<\/p>\n","protected":false},"author":13,"featured_media":10078,"comment_status":"closed","ping_status":"closed","sticky":false,"template":"","format":"standard","meta":{"advanced_seo_description":"","jetpack_seo_html_title":"","jetpack_seo_noindex":false,"jetpack_seo_schema_type":"","_jetpack_newsletter_access":"","_jetpack_dont_email_post_to_subs":false,"_jetpack_newsletter_tier_id":0,"_jetpack_memberships_contains_paywalled_content":false,"_jetpack_feature_clip_id":0,"_jetpack_memberships_contains_paid_content":false,"footnotes":"","jetpack_post_was_ever_published":false},"categories":[6],"tags":[],"class_list":["post-11116","post","type-post","status-publish","format-standard","has-post-thumbnail","hentry","category-yorum"],"jetpack_sharing_enabled":true,"jetpack_likes_enabled":true,"jetpack-related-posts":[],"jetpack_shortlink":"https:\/\/wp.me\/pc2PfJ-2Ti","jetpack_featured_media_url":"https:\/\/i0.wp.com\/www.bghaber.org\/bghaber\/wp-content\/uploads\/2014\/05\/rafet-00.jpg?fit=336%2C406&ssl=1","_links":{"self":[{"href":"https:\/\/www.bghaber.org\/bghaber\/wp-json\/wp\/v2\/posts\/11116","targetHints":{"allow":["GET"]}}],"collection":[{"href":"https:\/\/www.bghaber.org\/bghaber\/wp-json\/wp\/v2\/posts"}],"about":[{"href":"https:\/\/www.bghaber.org\/bghaber\/wp-json\/wp\/v2\/types\/post"}],"author":[{"embeddable":true,"href":"https:\/\/www.bghaber.org\/bghaber\/wp-json\/wp\/v2\/users\/13"}],"replies":[{"embeddable":true,"href":"https:\/\/www.bghaber.org\/bghaber\/wp-json\/wp\/v2\/comments?post=11116"}],"version-history":[{"count":0,"href":"https:\/\/www.bghaber.org\/bghaber\/wp-json\/wp\/v2\/posts\/11116\/revisions"}],"wp:featuredmedia":[{"embeddable":true,"href":"https:\/\/www.bghaber.org\/bghaber\/wp-json\/wp\/v2\/media\/10078"}],"wp:attachment":[{"href":"https:\/\/www.bghaber.org\/bghaber\/wp-json\/wp\/v2\/media?parent=11116"}],"wp:term":[{"taxonomy":"category","embeddable":true,"href":"https:\/\/www.bghaber.org\/bghaber\/wp-json\/wp\/v2\/categories?post=11116"},{"taxonomy":"post_tag","embeddable":true,"href":"https:\/\/www.bghaber.org\/bghaber\/wp-json\/wp\/v2\/tags?post=11116"}],"curies":[{"name":"wp","href":"https:\/\/api.w.org\/{rel}","templated":true}]}}