{"id":11114,"date":"2014-08-31T02:04:23","date_gmt":"2014-08-30T23:04:23","guid":{"rendered":"http:\/\/www.bghaber.org\/bghaber\/?p=11114"},"modified":"2015-03-12T14:26:53","modified_gmt":"2015-03-12T12:26:53","slug":"yeni-turkiye","status":"publish","type":"post","link":"https:\/\/www.bghaber.org\/bghaber\/yeni-turkiye\/","title":{"rendered":"Yeni T\u00fcrkiye\u00a0\u00a0\u00a0\u00a0"},"content":{"rendered":"<p>Kimimiz tatilde, kimimiz gezideyken T\u00fcrkiye\u2019de \u00e7ok k\u00f6kl\u00fc de\u011fi\u015fiklikler oldu.<!--more--><\/p>\n<figure id=\"attachment_5404\" aria-describedby=\"caption-attachment-5404\" style=\"width: 100px\" class=\"wp-caption alignleft\"><a href=\"https:\/\/i0.wp.com\/www.bghaber.org\/bghaber\/wp-content\/uploads\/2013\/08\/ayse_halide_umutfer.jpg\"><img data-recalc-dims=\"1\" loading=\"lazy\" decoding=\"async\" class=\"size-full wp-image-5404\" src=\"https:\/\/i0.wp.com\/www.bghaber.org\/bghaber\/wp-content\/uploads\/2013\/08\/ayse_halide_umutfer.jpg?resize=100%2C125\" alt=\"Ay\u015fe Halide \u00dcmitfer\" width=\"100\" height=\"125\" \/><\/a><figcaption id=\"caption-attachment-5404\" class=\"wp-caption-text\">Ay\u015fe Halide \u00dcmitfer<\/figcaption><\/figure>\n<p>\u0130\u015fin g\u00f6r\u00fcnen taraf\u0131 Adalet ve Kalk\u0131nma Partisi (AKP) Ankara\u2019da Kurultay yapt\u0131. Prof. Doktor Ahmet Davuto\u011flu AK Parti Ba\u015fkan\u0131 ve sonras\u0131nda Ba\u015fbakan se\u00e7ildi. Recep Tayyib Erdo\u011fan da Halk\u0131n Ba\u015fkan\u0131 s\u0131fat\u0131yla \u00c7ankaya K\u00f6\u015fk\u00fcne girdi.<\/p>\n<p>2014 y\u0131l\u0131na T\u00fcrkiye halk\u0131 \u201c<strong>beklenen \u00e7a\u011f<\/strong>\u201d havas\u0131nda ba\u015flad\u0131. Beklenen \u201c<strong>Yeni T\u00fcrkiye \u00c7a\u011f\u0131na<\/strong>\u201d ba\u015far\u0131l\u0131 ge\u00e7ildi.\u00a0 2002\u2019den beri T\u00fcrkiye toplumunu i\u00e7e d\u00f6n\u00fck bir yap\u0131dan d\u0131\u015fa d\u00f6n\u00fck bir yap\u0131lanmaya ta\u015f\u0131yan AK Parti a\u011fustos 2014 at\u0131l\u0131m\u0131yla topulumu rahatlatan, k\u0131rg\u0131nl\u0131klar\u0131 saran ve partinin b\u00fct\u00fcnl\u00fc\u011f\u00fcn\u00fc koruyarak, yeni bir performansla ger\u00e7ekle\u015ftirebildi.<\/p>\n<p>Biz soyda\u015flar olarak, BULT\u00dcRK K\u00fclt\u00fcr ve Hizmet Derne\u011fi ve BG Stratejik Ara\u015ft\u0131rma Merkezi olarak AK Parti yeni Genel Bakan\u0131 ve T\u00fcrkiye Cumhuriyeti Ba\u015fbakan\u0131 Prof. Doktor Ahmet Davuto\u011fulu\u2019nu ve yine bu vesileyle T\u00fcrkiye ve d\u00fcnya T\u00fcrklerinin yeni Ba\u015fkan\u0131 Recep Tayip Erdo\u011fan\u2019\u0131 yeni g\u00f6revlerine ba\u015flama vesilesiyle sa\u011fl\u0131k, ba\u015far\u0131 ve halka yararl\u0131, T\u00fcrkiye devletini g\u00fc\u00e7lendirici, T\u00fcrkl\u00fc\u011f\u00fc d\u00fcnya \u00f6nc\u00fcs\u00fc yapma \u00e7al\u0131\u015fmalar\u0131nda devaml\u0131l\u0131k temennileriyle kalpten \u00a0kutluyoruz.<\/p>\n<p>B\u00fct\u00fcn T\u00fcrkiye halk\u0131 \u00f6n\u00fcnde, g\u00f6z dolduran bir yeni s\u0131nav veren AK Parti\u2019de, 10 A\u011fustos Cumhurba\u015fkanl\u0131\u011f\u0131 se\u00e7im zaferinden sonra kurucu ba\u015fkan, fikir ve hedef babas\u0131, halk \u00f6nderi R. Tayyib Erdo\u011fan\u2019\u0131n yerini dolduracak birinin bulunmas\u0131 g\u00fcndem olmu\u015ftu. Yeni parti ba\u015fkan\u0131n Cumhurba\u015fkan\u0131 Erdo\u011fan\u2019la uyumlu, halk\u0131n g\u00f6nl\u00fcn\u00fc dolduran ve umut a\u015f\u0131layacak biri olmas\u0131 \u00f6n plana \u00e7\u0131kt\u0131 ve beklendi.<\/p><div id=\"bghab-3774889492\" class=\"bghab-icerik-icine bghab-entity-placement\"><script async src=\"\/\/pagead2.googlesyndication.com\/pagead\/js\/adsbygoogle.js?client=ca-pub-6203283170189293\" crossorigin=\"anonymous\"><\/script><ins class=\"adsbygoogle\" style=\"display:block; text-align:center;\" data-ad-client=\"ca-pub-6203283170189293\" \ndata-ad-slot=\"7303146466\" \ndata-ad-layout=\"in-article\"\ndata-ad-format=\"fluid\" data-full-width-responsive=\"true\"><\/ins>\n<script> \n(adsbygoogle = window.adsbygoogle || []).push({}); \n<\/script>\n<\/div>\n<p>Ba\u015fkan de\u011fi\u015fikli\u011finde partinin kabul\u00fc, halk\u0131n kabul\u00fc gibi \u00f6zellikler ilk kez olmak \u00fczere ince elendi s\u0131k dokundu. Parti ba\u015fkan\u0131 se\u00e7ilen Prof. Doktor Ahmet Da\u011futo\u011fulu partinin politik omurgas\u0131ndan, kurucu k\u00f6klerinden, siyasi m\u00fccadele saflar\u0131ndan ve 2009\u2019danberi D\u0131\u015f \u0130\u015fleri Bakanl\u0131\u011f\u0131\u2019ndan gelmesi kurultay delegeleriyle, t\u00fcm se\u00e7meni, halk\u0131 ve d\u0131\u015f T\u00fcrkleri rahatlat\u0131.<\/p>\n<p>Bu olumlu geli\u015fmeler Prof. Doktor A. Davuto\u011fulu\u2019nun Ankara Spor Salonunda 1300 delege \u00f6n\u00fcnde yapt\u0131\u011f\u0131 ve b\u00fct\u00fcn T\u00fcrkiye ve d\u0131\u015f T\u00fcrkler taraf\u0131ndan TV\u2019den izlenen konu\u015fmas\u0131na, \u201c<strong>Selam olsun, \u0130nsana, Mek\u00e2na ve Zamana<\/strong>!\u201d hitab\u0131yla ba\u015flamas\u0131, d\u00fcnyay\u0131 ve t\u00fcm T\u00fcrkleri bir b\u00fct\u00fcnsellik i\u00e7inde g\u00f6rmesi, \u201cRodoplu karde\u015flerim\u201d deyip biz Bulgaristanl\u0131 T\u00fcrklerini y\u00fcreklendirmesi, soyda\u015flar\u0131m\u0131z\u0131 \u00e7ok etkiledi. Konu\u015fmay\u0131 bize de direk hitap \u015feklinde kabullendik.<\/p>\n<p>BULT\u00dcRK K\u00fclt\u00fcr ve Hizmet Derne\u011fi olarak, 2003\u2019te kurulu\u015fumuzdan bu g\u00fcnlere kadarki yo\u011fun \u00e7al\u0131\u015fmalar\u0131m\u0131zda, kendi kurultay, sempozyum, forum, toplant\u0131 ve g\u00f6r\u00fc\u015fmelerimizde, t\u00fcm yay\u0131nlar\u0131m\u0131zda soyda\u015flar\u0131m\u0131za de\u011fi\u015fen d\u00fcnyay\u0131, yenile\u015firken ekonomik sosyal ve politik \u00f6z olarak at\u0131l\u0131m yapan T\u00fcrkiye\u2019yi, d\u00fcnya T\u00fcrkl\u00fc\u011f\u00fcn\u00fc anlatmak s\u00fcrekli hedefimiz olmu\u015ftur. AK parti kurultay\u0131 ve Ba\u015fkan Prof. Doktor A. Davuto\u011fulu\u2019n\u0131n esasl\u0131 konu\u015fmas\u0131, derne\u011fimizin etkinliklerine katk\u0131 olaca\u011f\u0131 gibi, bilgilendirme, Bulgaristanl\u0131 soyda\u015flar\u0131n, Rumeli g\u00f6\u00e7menlerin ve Anadolu insan\u0131n\u0131n, t\u00fcm T\u00fcrklerin XXI. y\u00fczy\u0131lda ayn\u0131 ruhlu, \u00f6zl\u00fc ve hedefli insanlar oldu\u011fu inanc\u0131na yeni ve bol \u0131\u015f\u0131k verdi. T\u00fcrkiye\u2019nin Balkanlar ve Bulgaristan\u2019\u0131 da etki alan\u0131na alan d\u0131\u015fa d\u00f6n\u00fck politikas\u0131, Avrupa Birli\u011fi \u00fcyeli\u011fini hedefleyen ad\u0131mlar\u0131, gelece\u011fimize tutulan \u0131\u015f\u0131k soyda\u015flar\u0131m\u0131z\u0131 oldu\u011fu gibi, Bulgaristan\u2019daki yak\u0131nlar\u0131m\u0131z\u0131 da sakinle\u015ftirdi.\u00a0 G\u00f6rev de\u011fi\u015fimiyle T\u00fcrkiye politikas\u0131ndan devaml\u0131l\u0131\u011f\u0131n kopmamas\u0131, eski T\u00fcrkiye d\u00f6nemi ve yeni T\u00fcrkiye d\u00f6nemi diye bir b\u00f6l\u00fcnme ba\u015f g\u00f6stermeden, g\u00fcvenin kuvvetlenerek devam etmesi b\u00fcy\u00fck takdir kazand\u0131. Bu bak\u0131ma, hi\u00e7bir ay\u0131r\u0131m yapmadan t\u00fcm T\u00fcrklere y\u00f6nelik politikada devaml\u0131l\u0131k ve g\u00fcven dile getiren AK Parti Ba\u015fkan\u0131 kurultay konu\u015fmas\u0131yla biz soyda\u015flarla direk ileti\u015fime ge\u00e7ti, tepkimiz duydu\u011fumuz co\u015fkudan kaynakland\u0131. Biz bug\u00fcn art\u0131k AK Partinin \u00f6n\u00fcm\u00fczdeki birka\u00e7 d\u00f6nem daha iktidarda olaca\u011f\u0131na kesin inanm\u0131\u015f bulunuyoruz. Dernek \u00e7al\u0131\u015fmalar\u0131m\u0131z\u0131 da bu \u00e7izgide yo\u011funla\u015ft\u0131rmaya kararl\u0131y\u0131z. Kurultay\u2019da \u00e7izilen B\u00fcy\u00fck T\u00fcrkl\u00fck Tablosunda daha g\u00fcvenli, daha g\u00f6nen\u00e7li, daha mutlu bir gelecekte bizim, yan\u0131 soyda\u015flar\u0131n ve Bulgaristanl\u0131 karde\u015flerimizin de yerinin oldu\u011funa hepimiz inand\u0131k, bu yeni perspektif bizleri mutlu etti.<\/p>\n<p>&nbsp;<\/p>\n<p>AK partinin yeni d\u00f6nem politikas\u0131n\u0131n insan odakl\u0131, de\u011fer odakl\u0131, farkl\u0131l\u0131klar\u0131n b\u00fct\u00fcnl\u00fc\u011f\u00fcnden g\u00fc\u00e7 alma odakl\u0131 olmas\u0131 hepimiz i\u00e7in memnuniyet vericidir. Biz soyda\u015flar da at\u0131l\u0131ml\u0131 s\u00fcreklilik i\u00e7inde de\u011fi\u015fim ve yenilenme yoluna girmeye kararl\u0131y\u0131z. \u00c7ocuklar\u0131m\u0131z\u0131n bir refah toplumu i\u00e7inde ya\u015fayaca\u011f\u0131na inan\u0131yoruz.<\/p>\n<p>&nbsp;<\/p>\n<p>AK Parti Ba\u015fkan Davuto\u011fulu konu\u015fmas\u0131nda <strong>aidiyet bilinci<\/strong> konusuna a\u00e7\u0131kl\u0131k getirmekle biz g\u00f6\u00e7menlere \u00e7ok yararl\u0131 oldu. \u201c<strong>Millet ait olma bilinciyle ayakta durur<\/strong>!\u201d deyen Ba\u015fbakan,\u00a0 bu y\u00fcksek bilincin temelinde \u201c<strong>tarihda\u015fl\u0131k ile vatanda\u015fl\u0131k\u201d<\/strong> oldu\u011funu vurgulad\u0131. O, kaderda\u015fl\u0131\u011f\u0131m\u0131z\u0131, e\u015fit vatanda\u015f oldu\u011fumuzu, T\u00fcrkiye devletinin asli unsurlar\u0131ndan oldu\u011fumuzu, d\u00fc\u015f\u00fcnce ve inan\u00e7 \u00f6zg\u00fcrl\u00fc\u011f\u00fcm\u00fcz\u00fcn s\u0131n\u0131rs\u0131zl\u0131\u011f\u0131n\u0131 \u00f6n plana \u00e7\u0131kard\u0131. Bu s\u00f6zler soyda\u015flar\u0131m\u0131z\u0131, hepimizi bir ba\u015fka rahatlatt\u0131. Anadolu\u2019nun ve t\u00fcm T\u00fcrkiye\u2019nin bir \u201c<strong>merhamet ve \u015fefkat<\/strong>\u201d yuvas\u0131 oldu\u011funa de\u011finen Ba\u015fkan Davuto\u011fulu,\u00a0 bu s\u00f6zlerini sanki direk olarak biz Balkanl\u0131lara y\u00f6neltmi\u015fti.<\/p><div id=\"bghab-4290505061\" class=\"bghab-icerik-icine-10-paragraf bghab-entity-placement\"><script async src=\"\/\/pagead2.googlesyndication.com\/pagead\/js\/adsbygoogle.js?client=ca-pub-6203283170189293\" crossorigin=\"anonymous\"><\/script><ins class=\"adsbygoogle\" style=\"display:block; text-align:center;\" data-ad-client=\"ca-pub-6203283170189293\" \ndata-ad-slot=\"7303146466\" \ndata-ad-layout=\"in-article\"\ndata-ad-format=\"fluid\" data-full-width-responsive=\"true\"><\/ins>\n<script> \n(adsbygoogle = window.adsbygoogle || []).push({}); \n<\/script>\n<\/div>\n<p>&nbsp;<\/p>\n<p>Soyda\u015flar\u0131m\u0131z\u0131n ruhunun daha da sakinle\u015fmesi i\u00e7in derneklerin AK Parti hareketinin \u00f6z ve yeni T\u00fcrkiye hedeflerini her bireye, aileye indirme a\u00e7\u0131s\u0131ndan yo\u011fun bilgilendirici \u00e7al\u0131\u015fmalara ba\u015flamas\u0131 gerekti\u011fine inan\u0131yorum. T\u00fcrkiye bu hafta yeni bir sayfa a\u00e7t\u0131. \u0130kinci b\u00fcy\u00fck s\u0131\u00e7ramadan s\u00f6z ediyoruz.<\/p>\n<p>&nbsp;<\/p>\n<p>Birinci s\u0131\u00e7rama, B\u00fcy\u00fck \u00f6nder Atat\u00fcrk \u00f6nc\u00fcl\u00fc\u011f\u00fcnde Cumhuriyet devletimizin kurulmas\u0131, istiklal ve egemenli\u011fimizin tesisidir. 90 y\u0131ll\u0131k yeni tarihimizdir.<\/p>\n<p>&nbsp;<\/p>\n<p>\u0130kinci b\u00fcy\u00fck s\u0131\u00e7rama cumhuriyetimizin, istiklalimizin ve egemenli\u011fimizin tam ba\u011f\u0131ms\u0131zl\u0131k yolunda yeni bir \u00f6z ve hedeflerle kesintisiz devam\u0131d\u0131r. Daha da geli\u015fmi\u015f bir T\u00fcrkiye ideali g\u00fcncel hedef oldu. Soyda\u015flar\u0131m\u0131za T\u00fcrkiye\u2019de kapanan ve a\u00e7\u0131lan d\u00f6nemlerin \u00f6z\u00fcn\u00fc iyi anlatmal\u0131y\u0131z. Biz ak\u0131lc\u0131 d\u00fcnyaya a\u00e7\u0131k yeni bir sayfa a\u00e7mak derken,\u00a0 b\u00fcy\u00fck tabloda cumhuriyetle gelen parlamenter sistemden yar\u0131 ba\u015fkanl\u0131k ve olas\u0131 ba\u015fkanl\u0131k sistemine ge\u00e7i\u015fi, bir de\u011fi\u015fimimin a\u015famalar\u0131n\u0131, bi\u00e7im ve \u00f6z\u00fcn\u00fc soyda\u015flar\u0131m\u0131za a\u00e7\u0131k olarak anlatmak zorunday\u0131z.<\/p>\n<p>&nbsp;<\/p>\n<p>\u00c7\u00fcnk\u00fc bizin geldi\u011fimiz Bulgaristan bu toplumsal yap\u0131sal geli\u015fmelerin \u00e7ok gerisinde oldu\u011fundan anlayabilmede g\u00fc\u00e7l\u00fck \u00e7ekenlerimiz olabilir. Bir de Atat\u00fcrk\u00e7\u00fcl\u00fc\u011f\u00fcn \u00f6z\u00fcndeki devrimci geli\u015ferek yenilenme ve daha y\u00fcksek bir d\u00fczeyi devaml\u0131 arama yolunu iyi a\u00e7\u0131klamak g\u00fcndem olu\u015fturmaya ba\u015flad\u0131. Soyda\u015f kitlelerimize eski T\u00fcrkiye ile yeni T\u00fcrkiye aras\u0131ndaki t\u00fcm farkl\u0131l\u0131k ve \u00f6zellikleri do\u011fru a\u00e7\u0131klarken kendilerini yeni yola a\u00e7\u0131lmaya davet ediyoruz.<\/p>\n<p>Bu konudaki yaz\u0131lar\u0131m\u0131z devam edecektir.<\/p><div id=\"bghab-4158174561\" class=\"bghab-icerik-icine-15-paragraf bghab-entity-placement\"><script async src=\"\/\/pagead2.googlesyndication.com\/pagead\/js\/adsbygoogle.js?client=ca-pub-6203283170189293\" crossorigin=\"anonymous\"><\/script><ins class=\"adsbygoogle\" style=\"display:block; text-align:center;\" data-ad-client=\"ca-pub-6203283170189293\" \ndata-ad-slot=\"7303146466\" \ndata-ad-layout=\"in-article\"\ndata-ad-format=\"fluid\" data-full-width-responsive=\"true\"><\/ins>\n<script> \n(adsbygoogle = window.adsbygoogle || []).push({}); \n<\/script>\n<\/div>\n<p>&nbsp;<\/p>\n<p>Dr.Halide AKINCI<\/p>\n<p>&nbsp;<\/p>\n<div id=\"bghab-449286854\" class=\"bghab-yazi-altinda bghab-entity-placement\"><script async src=\"https:\/\/pagead2.googlesyndication.com\/pagead\/js\/adsbygoogle.js\"><\/script>\r\n<!-- bghaber-yaz\u0131-sonu -->\r\n<ins class=\"adsbygoogle\"\r\n     style=\"display:block\"\r\n     data-ad-client=\"ca-pub-6203283170189293\"\r\n     data-ad-slot=\"4222328180\"\r\n     data-ad-format=\"auto\"\r\n     data-full-width-responsive=\"true\"><\/ins>\r\n<script>\r\n     (adsbygoogle = window.adsbygoogle || []).push({});\r\n<\/script><\/div><br style=\"clear: both; display: block; float: none;\"\/>","protected":false},"excerpt":{"rendered":"<p>Kimimiz tatilde, kimimiz gezideyken T\u00fcrkiye\u2019de \u00e7ok k\u00f6kl\u00fc de\u011fi\u015fiklikler oldu.<\/p>\n","protected":false},"author":13,"featured_media":9412,"comment_status":"closed","ping_status":"closed","sticky":false,"template":"","format":"standard","meta":{"advanced_seo_description":"","jetpack_seo_html_title":"","jetpack_seo_noindex":false,"jetpack_seo_schema_type":"","_jetpack_newsletter_access":"","_jetpack_dont_email_post_to_subs":false,"_jetpack_newsletter_tier_id":0,"_jetpack_memberships_contains_paywalled_content":false,"_jetpack_feature_clip_id":0,"_jetpack_memberships_contains_paid_content":false,"footnotes":"","jetpack_post_was_ever_published":false},"categories":[6],"tags":[],"class_list":["post-11114","post","type-post","status-publish","format-standard","has-post-thumbnail","hentry","category-yorum"],"jetpack_sharing_enabled":true,"jetpack_likes_enabled":true,"jetpack-related-posts":[],"jetpack_shortlink":"https:\/\/wp.me\/pc2PfJ-2Tg","jetpack_featured_media_url":"https:\/\/i0.wp.com\/www.bghaber.org\/bghaber\/wp-content\/uploads\/2014\/04\/halide02.jpg?fit=109%2C154&ssl=1","_links":{"self":[{"href":"https:\/\/www.bghaber.org\/bghaber\/wp-json\/wp\/v2\/posts\/11114","targetHints":{"allow":["GET"]}}],"collection":[{"href":"https:\/\/www.bghaber.org\/bghaber\/wp-json\/wp\/v2\/posts"}],"about":[{"href":"https:\/\/www.bghaber.org\/bghaber\/wp-json\/wp\/v2\/types\/post"}],"author":[{"embeddable":true,"href":"https:\/\/www.bghaber.org\/bghaber\/wp-json\/wp\/v2\/users\/13"}],"replies":[{"embeddable":true,"href":"https:\/\/www.bghaber.org\/bghaber\/wp-json\/wp\/v2\/comments?post=11114"}],"version-history":[{"count":0,"href":"https:\/\/www.bghaber.org\/bghaber\/wp-json\/wp\/v2\/posts\/11114\/revisions"}],"wp:featuredmedia":[{"embeddable":true,"href":"https:\/\/www.bghaber.org\/bghaber\/wp-json\/wp\/v2\/media\/9412"}],"wp:attachment":[{"href":"https:\/\/www.bghaber.org\/bghaber\/wp-json\/wp\/v2\/media?parent=11114"}],"wp:term":[{"taxonomy":"category","embeddable":true,"href":"https:\/\/www.bghaber.org\/bghaber\/wp-json\/wp\/v2\/categories?post=11114"},{"taxonomy":"post_tag","embeddable":true,"href":"https:\/\/www.bghaber.org\/bghaber\/wp-json\/wp\/v2\/tags?post=11114"}],"curies":[{"name":"wp","href":"https:\/\/api.w.org\/{rel}","templated":true}]}}