{"id":11112,"date":"2014-08-31T02:02:20","date_gmt":"2014-08-30T23:02:20","guid":{"rendered":"http:\/\/www.bghaber.org\/bghaber\/?p=11112"},"modified":"2014-09-03T14:18:14","modified_gmt":"2014-09-03T11:18:14","slug":"hedef-10-milletvekili","status":"publish","type":"post","link":"https:\/\/www.bghaber.org\/bghaber\/hedef-10-milletvekili\/","title":{"rendered":"Hedef 10 Milletvekili"},"content":{"rendered":"<p>Politik hedefimiz Bulgaristan se\u00e7imlerinde Sofya parlamentosuna 10 milletvekili g\u00f6ndermektir. Se\u00e7imler, 5 Ekim 2014 g\u00fcn\u00fc, hem b\u00fct\u00fcn Bulgaristan\u2019da, hem de T\u00fcrkiye de aralar\u0131nda olmak\u00a0 \u00a0\u00fczere, d\u0131\u015f \u00fclkelerdeki Bulgar diplomatik temsilciklerimizde ve \u00f6zel a\u00e7\u0131lacak se\u00e7im b\u00fcrolar\u0131nda yap\u0131lacakt\u0131r. <strong>Se\u00e7imler, Kurban Bayram\u0131na rastlad\u0131\u011f\u0131ndan dolay\u0131, bizler i\u00e7in o g\u00fcn biraz Bayram tela\u015f\u0131 olsa da,\u00a0 hepimiz mutlaka kat\u0131lmak zorunday\u0131z.<\/strong> Oyumuzu vermeliyiz. Bir \u00f6nceki <strong>2009 <\/strong>genel se\u00e7imleri g\u00f6z \u00f6n\u00fcnde bulundurularak T\u00fcrkiye Cumhuriyeti\u2019nde \u015fimdi de yine 126 se\u00e7im merkezinde oy kullan\u0131lmas\u0131 \u00f6ng\u00f6r\u00fcld\u00fc. Fakat bu ge\u00e7ici bir karar. Verilen dilek\u00e7elere g\u00f6re de\u011fi\u015fecektir. Sand\u0131k say\u0131s\u0131 artabilir. Bu konuda son karar 9 Eyl\u00fcl g\u00fcn\u00fc al\u0131nacakt\u0131r. Sand\u0131k say\u0131s\u0131 yap\u0131lan m\u00fcracaat ve kay\u0131tlara g\u00f6re, hi\u00e7bir k\u0131s\u0131tlamaya tabii tutulmadan, bir daha hesaplanacak ve son tespit yap\u0131lacakt\u0131r.<\/p>\n<p><!--more--><\/p>\n<p><strong>Dikkat edilecek bir nokta:<\/strong><\/p>\n<p>2014 parlamento se\u00e7imlerine T.C.\u2019deki soyda\u015flar aras\u0131nda ola\u011fan\u00fcst\u00fc b\u00fcy\u00fck bir ilgi g\u00f6zleniyor. Her g\u00fcn Konsolosluklar\u0131n \u00f6n\u00fc se\u00e7im kayd\u0131 yapt\u0131rmak isteyenlerle dolup ta\u015f\u0131yor. Politik aktifli\u011fin hele ilk kez oy kullanacak gen\u00e7ler aras\u0131nda y\u00fcksek olmas\u0131 \u00e7ok memnuniyet vericidir. 126 se\u00e7im b\u00fcrosunun \u015f\u00f6yle bir 30 sand\u0131kla artmas\u0131 bekleniyor. Bulgar se\u00e7im yasalar\u0131na g\u00f6re, \u00f6nceden belirlenen merkezlerden uzakta bulunan, bir yerle\u015fim yerinde 20 ki\u015finin se\u00e7ime kat\u0131lmak i\u00e7in dilek\u00e7e vermesi, yeni bir se\u00e7im merkezi a\u00e7\u0131lmas\u0131 i\u00e7in yeterli say\u0131l\u0131r. Bulgar Se\u00e7im Merkezi karar\u0131na g\u00f6re se\u00e7im g\u00fcn\u00fc 8 saat s\u00fcrecektir. Bir g\u00fcnde bir sand\u0131\u011fa en fazla 850 \u2013 900 ki\u015fi ov atabilir. 2009\u2019da baz\u0131 sand\u0131klarda 1500 se\u00e7men soyda\u015f\u0131n oy kullanm\u0131\u015ft\u0131. Rakam\u0131n b\u00fcy\u00fckl\u00fc\u011f\u00fc dikkati \u00e7ekti. Bulgar Yasa ve Adalet Partisi RZP) Ba\u015fkan\u0131 Y. Yanev\u2019in Y\u00fcksek Mahkemede itirazda bulundu. Bu nedenle, kimi sand\u0131klardan al\u0131nan sonu\u00e7lar say\u0131lmad\u0131. \u015eimdi daha fazla se\u00e7im sand\u0131\u011f\u0131 a\u00e7\u0131lmas\u0131 istekleri \u0130zmir, Bursa ve \u0130stanbul gibi mega merkezlerde artarken, l\u00fctfen herkes se\u00e7im listelerinde isim ve adresinin do\u011fru i\u015flenip i\u015flenmedi\u011fine dikkat etsin. Sand\u0131k ba\u015f\u0131na kimlik veya pasaportla gidiniz.<\/p>\n<p><strong>\u0130lk kez oy kullananlar ve ya\u015fl\u0131lar.<\/strong><\/p>\n<p>18 ya\u015f\u0131na basm\u0131\u015f olan her Bulgaristanl\u0131 soyda\u015f oy verip se\u00e7me hakk\u0131n\u0131 kullanabilir. Daha \u00f6nce se\u00e7ime kat\u0131lmam\u0131\u015f gen\u00e7ler se\u00e7im b\u00fcro ve komisyonlar\u0131nda g\u00f6rev alamaz.<\/p><div id=\"bghab-1245224335\" class=\"bghab-icerik-icine bghab-entity-placement\"><script async src=\"\/\/pagead2.googlesyndication.com\/pagead\/js\/adsbygoogle.js?client=ca-pub-6203283170189293\" crossorigin=\"anonymous\"><\/script><ins class=\"adsbygoogle\" style=\"display:block; text-align:center;\" data-ad-client=\"ca-pub-6203283170189293\" \ndata-ad-slot=\"7303146466\" \ndata-ad-layout=\"in-article\"\ndata-ad-format=\"fluid\" data-full-width-responsive=\"true\"><\/ins>\n<script> \n(adsbygoogle = window.adsbygoogle || []).push({}); \n<\/script>\n<\/div>\n<p>Bu se\u00e7imde soyda\u015flar\u0131m\u0131z\u0131n en az 130 bin oyla 10 milletvekilini Sofya parlamentosuna g\u00f6ndermesi bekleniyor. Oy kullanman\u0131n \u00fcst s\u0131n\u0131r\u0131 yoktur.<\/p>\n<p><strong>Bizim oylar\u0131m\u0131zla kim milletvekili oluyor:<\/strong><\/p>\n<p>Bu se\u00e7imde 43. millet meclisini se\u00e7ece\u011fiz. 2009\u2019daki ola\u011fan se\u00e7imde T\u00fcrkiye\u2019den gelen oylarla 5 H\u00d6H \u2013 DPS milletvekili ve 1 de GERB milletvekili se\u00e7ildi. Oylar\u0131n hepsi Sofya\u2019da kullan\u0131ld\u0131.. \u015eimdi soyda\u015f oylar\u0131n\u0131n hangi illerde ve nas\u0131l kullan\u0131laca\u011f\u0131 hen\u00fcz a\u00e7\u0131klanmad\u0131. 2009\u2019da H\u00d6H partisi T\u00fcrkiye derneklerinden y\u00fckseltilen T\u00fcrk milletvekili adaylar\u0131n\u0131n Sofya meclisine girmesine engel oldu. Bu oylarla kendi listesinden 5 Bulgar milletvekili \u00e7\u0131kard\u0131.<\/p>\n<p>Vatanlar\u0131ndaki politik ya\u015fama, a\u011f\u0131r sosyal ve mali bunal\u0131m sorunlar\u0131n\u0131n \u00e7\u00f6z\u00fcm\u00fcne ve iki \u00fclke aras\u0131ndaki i\u015fbirli\u011fi ve yard\u0131mla\u015fma kap\u0131lar\u0131n\u0131 daha da geni\u015f a\u00e7maya katk\u0131da bulunmak isteyen adaylara bu defa \u015fans tan\u0131nmal\u0131d\u0131r.<\/p>\n<p><strong>Oylar\u0131m\u0131zla delege edece\u011fimiz milletvekillerinin ba\u015fl\u0131ca \u00f6devleri:<\/strong><\/p><div id=\"bghab-31186105\" class=\"bghab-icerik-icine-10-paragraf bghab-entity-placement\"><script async src=\"\/\/pagead2.googlesyndication.com\/pagead\/js\/adsbygoogle.js?client=ca-pub-6203283170189293\" crossorigin=\"anonymous\"><\/script><ins class=\"adsbygoogle\" style=\"display:block; text-align:center;\" data-ad-client=\"ca-pub-6203283170189293\" \ndata-ad-slot=\"7303146466\" \ndata-ad-layout=\"in-article\"\ndata-ad-format=\"fluid\" data-full-width-responsive=\"true\"><\/ins>\n<script> \n(adsbygoogle = window.adsbygoogle || []).push({}); \n<\/script>\n<\/div>\n<p>Bu se\u00e7imlerin hem soyda\u015flar\u0131m\u0131z\u0131n kendi sorunlar\u0131n\u0131n \u00e7\u00f6z\u00fcm\u00fcne hem de Bulgar T\u00fcrk ili\u015fkilerinin yeni daha semereli ve herkese yararl\u0131 bir d\u00fczeye ta\u015f\u0131nmas\u0131 a\u00e7\u0131s\u0131ndan b\u00fcy\u00fck \u00f6nem ta\u015f\u0131d\u0131\u011f\u0131 biliniyor. Soyda\u015flar\u0131m\u0131z Bulgaristan\u2019da kalan evlerine ve di\u011fer ta\u015f\u0131nmazlar\u0131na sahip \u00e7\u0131karken, ayn\u0131 zamanda demokratikle\u015fmeyi se\u00e7en Bulgar toplumuna hak ve adalet, \u00f6zg\u00fcrl\u00fck ve e\u015fitlik temin etme davas\u0131nda yararl\u0131 ve faydal\u0131 olmak istiyor.<\/p>\n<p><strong>H\u00d6H listelerindeki durum:<\/strong><\/p>\n<p>2014 parlamento se\u00e7imlerinde, Hak ve \u00d6zg\u00fcrl\u00fckler Partisi H\u00d6H-DPS listeleri a\u00e7\u0131kland\u0131.\u00a0 B\u00fct\u00fcn \u00fclkede liste ba\u015f\u0131 yaln\u0131z 2 T\u00fcrk var. Biri L\u00fctf\u00fc Mestan di\u011feri de \u0130sperihli Ahmet Ahmet. Bu partinin T\u00fcrkl\u00fck ve M\u00fcsl\u00fcmanl\u0131\u011fa madden ve ruhen y\u00fcz \u00e7evirdi\u011fi bu se\u00e7imlerde de ortaya \u00e7\u0131k\u0131yor. \u00dclkemizde \u00f6zg\u00fcn T\u00fcrk k\u00fclt\u00fcr\u00fcn\u00fc, di\u011fer etniklerin \u00f6z k\u00fclt\u00fcrlerini geli\u015ftirerek, \u0130slam dinine ba\u011fl\u0131 yurtta\u015flara daha b\u00fcy\u00fck sayg\u0131 g\u00f6sterilmesi sayfas\u0131n\u0131 da kapatan H\u00d6H partisi kadrolar\u0131n\u0131n T\u00fcrklerden, ne M\u00fcsl\u00fcmanlardan ne de soyda\u015flar\u0131m\u0131zdan oy istemeye y\u00fcz\u00fc yoktur. Bu parti \u00e7ileke\u015f halk\u0131m\u0131z\u0131n sorunlar\u0131n\u0131, dertlerini, gelece\u011fini unutmu\u015f ve \u00e7izmi\u015f bir partidir. Politikay\u0131 halk\u0131n menfaatlerini savunmak i\u00e7in de\u011fil, mafyotik-oligar\u015fi-h\u0131rs\u0131zlar\u0131n\u0131n \u00e7\u0131karlar\u0131 i\u00e7in y\u00fcr\u00fct\u00fcyor. H\u00d6H\u2019te liste ba\u015flar\u0131 yerli ve yabanc\u0131 oligar\u015fi arac\u0131lar\u0131: Daniel Peevski,\u00a0 general Simyon Simyonov,\u00a0 Kostenbrotlu \u0130liya \u0130liev, Nikolay Tsonev v.s.v.s\u00a0 H\u00d6H-DPS liste ba\u015f\u0131d\u0131r. Bu insanlar sizin, senin benim oyumuzla meclise girmeye yalakal\u0131k yap\u0131yorlar. Bizi bu ki\u015filer temsil edemez. Onlar ne bizim iyi ne de k\u00f6t\u00fc g\u00fcn\u00fcm\u00fczde yan\u0131 ba\u015f\u0131m\u0131zdayd\u0131. Arkam\u0131zdan hesap kitap yap\u0131l\u0131p i\u015f \u00e7evrilmesi yolunu birlikte keselim. \u015eartlar\u0131m\u0131z\u0131 kabul etmeyene bir oy yok. Bu partinin bu defa da T\u00fcrklerden ve Pomaklardan dava u\u011fruna oy almas\u0131 de\u011fil, kalayc\u0131 ve burguculardan dalavereye devam etmesi i\u00e7in daha fazla oy sat\u0131n almas\u0131 bekleniyor. \u0130\u015flerin i\u00e7 y\u00fcz\u00fc budur.<\/p>\n<p>Avrupa \u00fclkelerinde H\u00d6H-DPS partisine oy verip oligar\u015fi temsilcilerini, mafya babalar\u0131n\u0131, hapis ka\u00e7aklar\u0131n\u0131, parlamentoyu otel san\u0131p 1 y\u0131l uyuklayanlar\u0131 se\u00e7mek istemiyor. Bu oylarla son se\u00e7imde milletvekilli olanlar (5 ki\u015fi) hi\u00e7 biri hi\u00e7bir defa soyda\u015flar\u0131m\u0131z\u0131 aramad\u0131, sormad\u0131, derneklere u\u011framad\u0131, AB\u2019de \u00e7al\u0131\u015fan i\u015f\u00e7ilerimizin problemini sormad\u0131, hi\u00e7bir sorunumuzla ilgilenmedi.<\/p>\n<p><strong>Bulgaristan\u2019daki ana sorun:<\/strong><\/p><div id=\"bghab-1096420748\" class=\"bghab-icerik-icine-15-paragraf bghab-entity-placement\"><script async src=\"\/\/pagead2.googlesyndication.com\/pagead\/js\/adsbygoogle.js?client=ca-pub-6203283170189293\" crossorigin=\"anonymous\"><\/script><ins class=\"adsbygoogle\" style=\"display:block; text-align:center;\" data-ad-client=\"ca-pub-6203283170189293\" \ndata-ad-slot=\"7303146466\" \ndata-ad-layout=\"in-article\"\ndata-ad-format=\"fluid\" data-full-width-responsive=\"true\"><\/ins>\n<script> \n(adsbygoogle = window.adsbygoogle || []).push({}); \n<\/script>\n<\/div>\n<p>Bu se\u00e7imle \u00e7\u00f6z\u00fclmek isteyen ana sorun <strong>mafyan\u0131n ve oligar\u015fi kenelerinin devlette ve y\u00fcr\u00fctmeden atmak olsa da m\u00fcmk\u00fcn olmayacakt\u0131r.<\/strong> Parti listelerini parti merkezleri belirledi. Halk\u0131n g\u00f6sterdi\u011fi milletvekili yok. Liste ba\u015flar\u0131n\u0131 kimse de\u011fi\u015ftiremez, onlar Ekim ay\u0131ndan sonra devam edecek olan politikaya atanm\u0131\u015f gibiler. Liste ba\u015f\u0131ndan indirilmelerine ve yerlerine yeni birisinin g\u00f6sterilmesine % 51 ol gereklidir. Bunu da kimse bu g\u00fcnden sonra art\u0131k kimse toplayamaz, \u00e7\u00fcnk\u00fc liste de\u011fi\u015fikli\u011fi i\u00e7in oy kullanan ki\u015fi, se\u00e7im g\u00fcn\u00fc oy kullanma hakk\u0131n\u0131 yitirir. Kulland\u0131\u011f\u0131 en \u00e7ok se\u00e7im dalavereleriyle devlet i\u00e7ine en fazla asalak yerle\u015ftiren H\u00d6H \u2013 DPS partisidir. Plamen Ore\u015farski h\u00fck\u00fcmetinde Maliye Bakan\u0131 olan ve burnunun dibinden 3 milyar 700 milyon leva \u00e7ald\u0131ran Pet\u0131r \u00c7obanov H\u00d6H-DPS\u2019den liste ba\u015f\u0131 g\u00f6sterildi. Bizim oylar\u0131m\u0131z\u0131 kullan\u0131p kendine uygun ki\u015fileri milletvekili g\u00f6steren H\u00d6H-DPS, Bulgar dili profes\u00f6r\u00fc Maryana Georgievay\u0131 yine soyda\u015f oylar\u0131yla Sofya\u2019dan milletvekili g\u00f6stermek i\u00e7in liste ba\u015f\u0131 yapm\u0131\u015ft\u0131r. T\u00fcm derneklerin bu konuda uyan\u0131k olmalar\u0131 zaman\u0131 gelmi\u015ftir. Soyda\u015flar\u0131m\u0131z Ahmet Do\u011fan ile L\u00fctf\u00fc Mestan taraf\u0131ndan kim ne hesaplarla haz\u0131rlanm\u0131\u015f listelerden tan\u0131mad\u0131\u011f\u0131m\u0131z ki\u015filerin milletvekili se\u00e7ilmesi i\u00e7in oy vermek istemiyor. Bu gidi\u015fle Bulgar devletini \u00e7\u00f6kerten oligar\u015fi h\u0131rs\u0131zlar\u0131n\u0131 biz kendi oylar\u0131m\u0131zla iktidara ve politikaya ta\u015f\u0131m\u0131z oluyoruz ki, bu \u00e7ok tehlikelidir. Sat\u0131r d\u00f6ner sap d\u00f6ner ve oy kullanma hakk\u0131m\u0131z\u0131, en yasal hak\u0131m\u0131z olsa bile kaybedebiliriz.<\/p>\n<p><strong>Bildi\u011fimiz ki\u015fileri, \u00f6z temsilcilerimizi se\u00e7elim.<\/strong><\/p>\n<p>Bu se\u00e7imlerde de T\u00fcrkiye Cumhuriyetinden gelecek olan oylar\u0131n hangi se\u00e7im b\u00f6lgesinden kimi parlamentoya g\u00f6t\u00fcrece\u011fi hala bilinmiyor. Biz bu oylarla se\u00e7ilecek olan temsilcilerimizin T\u00fcrk ve M\u00fcsl\u00fcman etnik grubundan, ayd\u0131n, halk\u0131m\u0131z\u0131n bildi\u011fi ve tan\u0131d\u0131\u011f\u0131 y\u00fcksek \u00f6\u011frenimli ve sosyal aktif ki\u015filer olmas\u0131nda \u0131srarl\u0131y\u0131z. Adaylar\u0131m\u0131z\u0131n se\u00e7menimizin g\u00f6sterece\u011fi kadrolar olmas\u0131nda kesin kararl\u0131y\u0131z. H\u00d6H-DPS partisinin bizim oylar\u0131m\u0131zla hi\u00e7 tan\u0131mad\u0131\u011f\u0131m\u0131z, g\u00f6rmedi\u011fimiz, ad\u0131n\u0131 i\u015fitmedi\u011fimiz ve bizim sorunlar\u0131m\u0131z\u0131 bilmeyen ve onlarla ilgilenmeye niyeti olmayan ki\u015fileri milletvekili yapmas\u0131n\u0131 kabul edemeyiz. Bu \u00e7\u00f6z\u00fcm bu defa bize dayat\u0131lamaz. Biz bu defa aday listelerimizi politik partilere kabul ettirmeliyiz.<\/p>\n<p><strong>Adaylar\u0131m\u0131z\u0131n ba\u015fl\u0131ca \u00f6devleri:<\/strong><\/p>\n<p>Soyda\u015f se\u00e7men,\u00a0 karma b\u00f6lgeler ad\u0131yla bilinen T\u00fcrk ve M\u00fcsl\u00fcman karde\u015flerimizin ya\u015fad\u0131\u011f\u0131 k\u00f6y, kasaba ve \u015fehirlerin sosyal ve ekonomik, sa\u011fl\u0131k ve e\u011fitim sorunlar\u0131n\u0131 yak\u0131ndan tan\u0131yan ve bu alanlardaki sorunlar\u0131n \u00e7\u00f6z\u00fclmesinde aktif rol oynayacak y\u00fcksek \u00f6\u011frenimli, uzman, n\u00fcfuslu gen\u00e7 ki\u015filer olmas\u0131nda \u0131srarl\u0131d\u0131r. AB fonlar\u0131n\u0131n karma b\u00f6lgelere akmas\u0131 yollar\u0131n\u0131 a\u00e7mak u\u011fruna \u00e7al\u0131\u015fmal\u0131d\u0131rlar. Bulgaristan T\u00fcrk ve Pomaklar\u0131n\u0131n \u00fcretim bi\u00e7iminin yenilenmesi, daha verimli, daha uygun \u00fcretimler celbe dilmesi olanaklar\u0131n\u0131 ara\u015ft\u0131rmal\u0131d\u0131r. T\u00fcrkiye ile Bulgaristan aras\u0131nda daha s\u0131k\u0131 ve verimli i\u015fbirli\u011fi ve yard\u0131mla\u015fma projeleri geli\u015ftirme \u00f6ncelikli vazifelerinden olmal\u0131d\u0131r. Oyumuzu, parti listelerine al\u0131nm\u0131\u015f,\u00a0 i\u015ften anlamayan, hayat hedefleri bizimkilerle \u00f6rt\u00fc\u015fmeyen, tan\u0131mad\u0131\u011f\u0131m\u0131z bilmedi\u011fimiz karanl\u0131k ki\u015filere vermek istemiyoruz.<\/p><div id=\"bghab-3768322787\" class=\"bghab-icerik-icine-20-paragraf bghab-entity-placement\"><script async src=\"\/\/pagead2.googlesyndication.com\/pagead\/js\/adsbygoogle.js?client=ca-pub-6203283170189293\" crossorigin=\"anonymous\"><\/script><ins class=\"adsbygoogle\" style=\"display:block; text-align:center;\" data-ad-client=\"ca-pub-6203283170189293\" \ndata-ad-slot=\"7303146466\" \ndata-ad-layout=\"in-article\"\ndata-ad-format=\"fluid\" data-full-width-responsive=\"true\"><\/ins>\n<script> \n(adsbygoogle = window.adsbygoogle || []).push({}); \n<\/script>\n<\/div>\n<p><strong>Derneklerimizin \u00f6nc\u00fcl\u00fc\u011f\u00fcne g\u00fcvenelim:<\/strong><\/p>\n<p>Soyda\u015f problemlerini Bulgaristan\u2019daki karde\u015flerimizin sorunlar\u0131yla bir b\u00fct\u00fcn halinde BULT\u00dcRK k\u00fclt\u00fcr ve hizmet derne\u011fi konular\u0131nda i\u015flenen ve geli\u015ftirilen g\u00fcncel ve uzun vadeli konular se\u00e7im i\u015flerinde, oy kullanmada, isabetli se\u00e7im yaparken dikkate al\u0131nmal\u0131d\u0131r. Bize bizden ba\u015fka yard\u0131m eden yoktur. 25 y\u0131ldan beri oylar\u0131m\u0131z bo\u015fa gitti. Reformcu Blok partisi liste ba\u015flar\u0131ndan aday g\u00f6sterilmeleri i\u00e7in 100 bin, ikinci adayl\u0131k i\u00e7inde 70 bin leva para istiyor. H\u00d6H lideri A. Do\u011fan bizim oylar\u0131m\u0131z\u0131 25 y\u0131ldan beri satt\u0131. Bu gidi\u015fe dur deyen, halk\u0131m\u0131z\u0131 bilin\u00e7li oy kullanmaya davet eden BULT\u00dcRK derne\u011fidir. Bizi d\u00fc\u015f\u00fcnmeyenleri d\u00fc\u015f\u00fcnmek zorunda de\u011filiz. Saraylarda ya\u015fayanlar\u0131n bizim s\u0131rt\u0131ndan y\u0131lda 3 milyon leva koruma paras\u0131 \u00f6demesine daha fazla tahamm\u00fcl edilemez.<\/p>\n<p><strong>BULT\u00dcRK\u2019\u00fcn Bulgar politikas\u0131na aktif katk\u0131lar\u0131<\/strong>:<\/p>\n<p>Ortak \u00e7\u00f6z\u00fcm yolu arayan, ama\u00e7 tespitlerini sosyolojik ara\u015ft\u0131rmalara dayand\u0131ran, hem Bulgar h\u00fck\u00fcmetine hem de T\u00fcrkiye\u2019ye faydal\u0131 \u00e7\u00f6z\u00fcm aramada \u00f6nc\u00fc olan BULT\u00dcRK k\u00fclt\u00fcr ve hizmet derne\u011finin \u00f6zverili ve ak\u0131lc\u0131 \u00e7aba ve \u00f6nerileri aday g\u00f6sterme, i\u015fbirli\u011fi yap\u0131lacak partiyi belirleme, \u00f6ncelikli problem belirleme, hedef belirleme gibi i\u015flerdeki deneyimleri ve \u00f6ng\u00f6r\u00fcs\u00fc dikkate almal\u0131d\u0131r. BULT\u00dcRK gibi sivil toplum \u00f6rg\u00fctleri, 2013\u2019de Sofya\u2019da etkinliklerini yo\u011funla\u015ft\u0131rarak \u00fclke problemlerini kucaklayamayan BSP-H\u00d6H-ATAKA ortakl\u0131\u011f\u0131n\u0131 iktidardan indirdiler. Bug\u00fcn Bulgaristan\u2019daki sosyal ve politik durum her zamankinden a\u011f\u0131rd\u0131r. Politikay\u0131 hayat yolu yapanlar 5 Ekim 2014 se\u00e7imlerinin de \u00fclkeyi i\u00e7ine d\u00fc\u015ft\u00fc\u011f\u00fc ve son kalelerini de \u00e7\u00f6kmekten korumakta g\u00fc\u00e7l\u00fck \u00e7eken \u00fclkenin sorunlar\u0131n\u0131 s\u0131\u00e7ramal\u0131 \u00e7\u00f6zebilece\u011fine inanm\u0131yorlar. En emin sosyolojik ve politik analizler bu se\u00e7imleri hi\u00e7bir Bulgar partisinin kazanamayaca\u011f\u0131n\u0131, sosyalistler ve H\u00d6H-DPS taraf\u0131ndan temsil edilen sol kanat i\u00e7indeki \u00e7eli\u015fkilerin \u00e7ok derinle\u015fti\u011fini ve art\u0131k birbirinin y\u00fcz\u00fcne bakamayacak duruma geldiklerini kan\u0131tlad\u0131. BG stratejik ara\u015ft\u0131rma merkezi yay\u0131nlar\u0131nda bu tespit ve \u00f6ng\u00f6r\u00fcler her defas\u0131nda zaman\u0131nda sizlere iletilmi\u015ftir. Bulgaristan hakk\u0131nda do\u011fru karar vermek i\u00e7in, BULT\u00dcRK yay\u0131nlar\u0131n\u0131 mutlaka izleyiniz.<\/p>\n<p>&nbsp;<\/p>\n<p><strong>Ge\u00e7i\u015f D\u00f6nemi bir \u00e7\u00f6k\u00fc\u015f d\u00f6nemi olarak sona ermek \u00fczeredir.<\/strong><\/p><div id=\"bghab-3287788061\" class=\"bghab-icerik-icine-25-paragraf bghab-entity-placement\"><script async src=\"\/\/pagead2.googlesyndication.com\/pagead\/js\/adsbygoogle.js?client=ca-pub-6203283170189293\" crossorigin=\"anonymous\"><\/script><ins class=\"adsbygoogle\" style=\"display:block; text-align:center;\" data-ad-client=\"ca-pub-6203283170189293\" \ndata-ad-slot=\"7303146466\" \ndata-ad-layout=\"in-article\"\ndata-ad-format=\"fluid\" data-full-width-responsive=\"true\"><\/ins>\n<script> \n(adsbygoogle = window.adsbygoogle || []).push({}); \n<\/script>\n<\/div>\n<p>Zaman\u0131n\u0131 doldurmu\u015f ve modern politika sahnesinden ve Bulgaristan politikas\u0131ndan hi\u00e7bir iz b\u0131rakmadan bir sis gibi kalk\u0131p gitmeleri i\u00e7in \u00e7anlar\u0131n \u00e7almas\u0131na kar\u015f\u0131n, ayak direyenlerle i\u015f olmayaca\u011f\u0131n\u0131 hayat g\u00f6sterdi. 25 y\u0131lda 2 fabrika yapamayan politik parti ve g\u00fc\u00e7lerden reform, d\u00f6n\u00fc\u015f\u00fcm, yenile\u015fme ve ilerleme beklemek yalan olur. Halk\u0131n i\u00e7inde bulundu\u011fu sefillik \u00e7ukurunun daha derini ve ba\u015fka dibi yok. K\u00f6yler insans\u0131z, tarlalar s\u00fcr\u00fclmeden, s\u00fcr\u00fcler \u00e7obans\u0131z kald\u0131. Daha da k\u00f6t\u00fcs\u00fc memleket insans\u0131z kal\u0131yor.<\/p>\n<p>&nbsp;<\/p>\n<p><strong>Sa\u011f kanattaki durum: <\/strong><\/p>\n<p>Avrupa Halk Partilerinin Bulgaristan\u2019daki sa\u011f kanat temsilcili\u011fini yapan B. Borisov\u2019un GERB partisi de bu se\u00e7imleri salt \u00e7o\u011funlukla kazan\u0131p tek ba\u015f\u0131na h\u00fck\u00fcmet kuramayacakt\u0131r. 240 milletvekilli mecliste tek ba\u015f\u0131na h\u00fck\u00fcmet kurmak i\u00e7in 121 oy gerek. GERB partisinde bu kadar y\u00fcksek s\u0131\u00e7rayabilecek potansiyel yoktur. Ona yamak olarak, bir\u00e7ok k\u00fc\u00e7\u00fck ve yerel partinin birle\u015fmesinden olu\u015fan Fransa sa\u011f kanat \u00f6rne\u011fi dikkate al\u0131narak d\u00fc\u015f\u00fcn\u00fclen Bulgar Reformcu Blok \u2013 ortakl\u0131\u011f\u0131 ile sa\u011fdaki ana g\u00fc\u00e7 olan GERB aras\u0131ndan kara kedi ge\u00e7ti. 5 k\u00fc\u00e7\u00fck partiden olu\u015fan Reformcu Blok, GERB taraf\u0131ndan yutulmaktan korkuyor.<\/p>\n<p>&nbsp;<\/p>\n<p>&nbsp;<\/p>\n<p><strong>Milliyet\u00e7i Cephe heveslileri:<\/strong><\/p>\n<p>Se\u00e7ime bir ay kala ortada milliyet\u00e7ilik kan\u0131 keskin bir cephenin sesi duyulmaya ba\u015flad\u0131. T\u00fcrk d\u00fc\u015fman\u0131 \u201cSkat\u201d TV sahibi taraf\u0131ndan y\u00f6netilen, Barekov\u2019un \u201cSans\u00fcrs\u00fcz Bulgaristan\u201d ve Makedon milliyet\u00e7ilerinin (VBRO) partisi voyvodalar\u0131n\u0131 bir araya toplayan bu cephenin iki ana politik ilkesi var: 1) T\u00fcrklerin Partisi olan H\u00d6H \u2013DPS yi iktidardan uzakla\u015ft\u0131rmak. 2) T\u00fcrkiye Cumhuriyetini Avrupa Birli\u011fi\u2019ne girmesi yollar\u0131n\u0131 kesmek. Bulgar devleti \u00e7\u00f6km\u00fc\u015f, ama i\u00e7indeki milliyet\u00e7i benciller, \u201cben olmazsam o da olmas\u0131n\u201d inad\u0131ndan kurtulam\u0131yorlar.<\/p><div id=\"bghab-3449239682\" class=\"bghab-icerik-icine-30-paragraf bghab-entity-placement\"><script async src=\"\/\/pagead2.googlesyndication.com\/pagead\/js\/adsbygoogle.js?client=ca-pub-6203283170189293\" crossorigin=\"anonymous\"><\/script><ins class=\"adsbygoogle\" style=\"display:block; text-align:center;\" data-ad-client=\"ca-pub-6203283170189293\" \ndata-ad-slot=\"7303146466\" \ndata-ad-layout=\"in-article\"\ndata-ad-format=\"fluid\" data-full-width-responsive=\"true\"><\/ins>\n<script> \n(adsbygoogle = window.adsbygoogle || []).push({}); \n<\/script>\n<\/div>\n<p>&nbsp;<\/p>\n<p><strong>Bu bocalama B\u00fcy\u00fck Millet Meclisi ile noktalanabilir.<\/strong><\/p>\n<p>Bulgaristan\u2019da 5 Ekim 2014 se\u00e7imleri\u2019nin \u00fclkede herhangi bir de\u011fi\u015fikli\u011fe neden olaca\u011f\u0131na inanalar bir elin parmaklar\u0131 kadar azd\u0131r. Herkes daha \u015fimdiden, \u015eubat 2015\u2019te yeni genel se\u00e7im olur mu hesaplar\u0131na dalm\u0131\u015f. Baz\u0131lar\u0131 ise, i\u015fler birka\u00e7 se\u00e7imde daha toslar\u0131n da B\u00dcY\u00dcK M\u0130LLET MECL\u0130S\u0130 se\u00e7imi yapal\u0131m ve ANAYASAYI de\u011fi\u015ftirelim hayalini ger\u00e7ekle\u015ftirme kurgular\u0131na dalm\u0131\u015ft\u0131r.<\/p>\n<p>&nbsp;<\/p>\n<p><strong>Soydan vekilleri g\u00f6reve \u00e7a\u011f\u0131r\u0131l\u0131yor:<\/strong><\/p>\n<p>Biz Bulgaristan T\u00fcrkleri, M\u00fcsl\u00fcmanlar, soyda\u015flar\u0131m\u0131z ve d\u0131\u015f \u00fclkelerde \u00e7al\u0131\u015fan i\u015f\u00e7ilerimiz i\u00e7in bu se\u00e7imler de \u00e7ok \u00f6nemlidir. Bu genel se\u00e7imde biz soyda\u015f dernekleri 10 milletvekili \u00fczerinde anla\u015f\u0131p oylar\u0131m\u0131z\u0131 veriyoruz ama bizim oylar\u0131m\u0131zla i\u015fte bu listedeki vekillerimiz meclise girip bizi temsil edecekler derken \u00e7ok \u0131srarl\u0131 olmam\u0131z gerekiyor. Bunu yapabilirsek biz ilk kez olmak \u00fczere, Bulgar parlamentosunda ilk kez bir SOYDA\u015e M\u0130LLETVEK\u0130L\u0130 GRUBU olu\u015fma imk\u00e2n\u0131 belirecektir. Bu grup politik duruma g\u00f6re hareket edecek ve hak ve \u00f6zg\u00fcrl\u00fcklerimizi savunmada \u0131srarl\u0131 olacakt\u0131r. Bu grup \u00fcyeleri Bulgaristan T\u00fcrk ve M\u00fcsl\u00fcmanlar\u0131 aras\u0131nda da \u00e7ok aktif ve etkin rol oynayabilirler.<\/p>\n<p>&nbsp;<\/p>\n<p><strong>T\u00fcrkiye politikas\u0131n\u0131n etkileri:<\/strong><\/p><div id=\"bghab-4148307148\" class=\"bghab-icerik-icine-35-paragraf bghab-entity-placement\"><script async src=\"\/\/pagead2.googlesyndication.com\/pagead\/js\/adsbygoogle.js?client=ca-pub-6203283170189293\" crossorigin=\"anonymous\"><\/script><ins class=\"adsbygoogle\" style=\"display:block; text-align:center;\" data-ad-client=\"ca-pub-6203283170189293\" \ndata-ad-slot=\"7303146466\" \ndata-ad-layout=\"in-article\"\ndata-ad-format=\"fluid\" data-full-width-responsive=\"true\"><\/ins>\n<script> \n(adsbygoogle = window.adsbygoogle || []).push({}); \n<\/script>\n<\/div>\n<p><strong>\u00a0\u00a0\u00a0\u00a0\u00a0\u00a0\u00a0\u00a0\u00a0\u00a0\u00a0 28 A\u011fustos g\u00fcn\u00fc R. Tayyib Erdo\u011fan\u2019\u0131n T.C. Ba\u015fkan\u0131 g\u00f6revine ba\u015flamas\u0131 ve D\u0131\u015f i\u015fleri Bakan\u0131 Ahmet Da\u011futo\u011fulu\u2019nun da Ak Parti Ba\u015fkan\u0131 ve T.C. Ba\u015fbakan\u0131 se\u00e7ilmesi ve TEN\u0130 B\u0130R T\u00dcRKL\u0130YE YARATMA M\u00dcCADELES\u0130N\u0130N F\u0130\u0130LEN BA\u015eLAMASI Bulgaristan\u2019\u0131 da alabildi\u011fine etkiledi. Soyda\u015flar\u0131m\u0131z ve Bulgaristanl\u0131 T\u00fcrk ve M\u00fcsl\u00fcmanlar\u0131 T\u00fcrkiye \u00f6rne\u011finde toplumu de\u011fi\u015ftirme, uzla\u015fma, anla\u015fma, i\u015f ekmek ve g\u00fcven yolunun se\u00e7imden ge\u00e7ti\u011fini art\u0131k iyi \u00f6\u011frendi.\u00a0 \u0130nsanlar\u0131m\u0131z demokraside se\u00e7imin \u00f6nemine inand\u0131. Soyda\u015flar aras\u0131ndaki aktiflik ve kat\u0131l\u0131m azmi buradan g\u00fc\u00e7 ald\u0131. T\u00fcrkiye\u2019nin olumlu \u00f6rneklerini, birikimlerini Bulgaristan2a ta\u015f\u0131yacak g\u00fcc\u00fcn kendileri oldu\u011funa da inand\u0131lar. Bununla beraber, yeni Ba\u015fbakan A. Davuto\u011fulu Kurultay konu\u015fmas\u0131nda Rodoplar\u0131 anmakla, insanlar\u0131m\u0131za selam g\u00f6ndermekle hepimizi y\u00fcreklendirdi ve arkam\u0131zda b\u00fcy\u00fck T\u00fcrkiye oldu\u011fu inanc\u0131m\u0131za g\u00fc\u00e7 katt\u0131. Bu bak\u0131ma, T\u00fcrkiye\u2019yi istemeyen, T\u00fcrkiye\u2019yi g\u00f6rmezlikten gelen ve hi\u00e7e sayan H\u00d6H lider ekibi, T\u00fcrk milletinin ortak b\u00fcy\u00fck at\u0131l\u0131m\u0131ndan kendini bir daha d\u0131\u015flam\u0131\u015f oldu. Bu durumda, bizim 10 ki\u015filik bir soyda\u015flar\u0131n se\u00e7ilmi\u015f temsilcilerinden olu\u015fan milletvekili ekibi olarak, H\u00d6H-DPS ba\u011fl\u0131l\u0131\u011f\u0131m\u0131z kalkt\u0131, uygun buldu\u011fumuz partinin i\u00e7inde \u00e7al\u0131\u015fmalar\u0131m\u0131z\u0131 s\u00fcrd\u00fcrebiliriz. Zaten kimseden bir bekledi\u011fimiz de yok. \u00a0\u00a0\u00a0\u00a0\u00a0\u00a0\u00a0\u00a0\u00a0\u00a0 <\/strong><\/p>\n<p>&nbsp;<\/p>\n<p><strong>Son S\u00f6zler<\/strong>:<\/p>\n<p>5 Ekim 2014 Kurban Bayram\u0131na rastlad\u0131. Hay\u0131rlara vesile olsun. Oyunuzu T\u00fcrkiye\u2019de yada Bulgaristan\u2019da kullan\u0131rken, dereye \u00e7\u00f6p atar gibi atmay\u0131n l\u00fctfen, dernek ba\u015fkanlar\u0131n\u0131n, se\u00e7im komisyonlar\u0131n\u0131n \u00f6\u011f\u00fctlerine, tavsiyelerine kulak veriniz. Biz bu i\u015flere birlikte ba\u015flad\u0131k ve birlikte olmaya devam edelim. M\u00fccadele ortakt\u0131, se\u00e7im hepimizindir.<\/p>\n<p>Ba\u015far\u0131 temennilerimle.<\/p>\n<p>&nbsp;<\/p>\n<p>Dr.Nedim B\u0130R\u0130NC\u0130<\/p><div id=\"bghab-3743870302\" class=\"bghab-icerik-icine-40-paragraf bghab-entity-placement\"><script async src=\"\/\/pagead2.googlesyndication.com\/pagead\/js\/adsbygoogle.js?client=ca-pub-6203283170189293\" crossorigin=\"anonymous\"><\/script><ins class=\"adsbygoogle\" style=\"display:block; text-align:center;\" data-ad-client=\"ca-pub-6203283170189293\" \ndata-ad-slot=\"7303146466\" \ndata-ad-layout=\"in-article\"\ndata-ad-format=\"fluid\" data-full-width-responsive=\"true\"><\/ins>\n<script> \n(adsbygoogle = window.adsbygoogle || []).push({}); \n<\/script>\n<\/div>\n<div id=\"bghab-1904274373\" class=\"bghab-yazi-altinda bghab-entity-placement\"><script async src=\"https:\/\/pagead2.googlesyndication.com\/pagead\/js\/adsbygoogle.js\"><\/script>\r\n<!-- bghaber-yaz\u0131-sonu -->\r\n<ins class=\"adsbygoogle\"\r\n     style=\"display:block\"\r\n     data-ad-client=\"ca-pub-6203283170189293\"\r\n     data-ad-slot=\"4222328180\"\r\n     data-ad-format=\"auto\"\r\n     data-full-width-responsive=\"true\"><\/ins>\r\n<script>\r\n     (adsbygoogle = window.adsbygoogle || []).push({});\r\n<\/script><\/div><br style=\"clear: both; display: block; float: none;\"\/>","protected":false},"excerpt":{"rendered":"<p>Politik hedefimiz Bulgaristan se\u00e7imlerinde Sofya parlamentosuna 10 milletvekili g\u00f6ndermektir. Se\u00e7imler, 5 Ekim 2014 g\u00fcn\u00fc, hem b\u00fct\u00fcn Bulgaristan\u2019da, hem de T\u00fcrkiye de aralar\u0131nda olmak\u00a0 \u00a0\u00fczere, d\u0131\u015f<\/p>\n","protected":false},"author":13,"featured_media":8403,"comment_status":"closed","ping_status":"closed","sticky":false,"template":"","format":"standard","meta":{"advanced_seo_description":"","jetpack_seo_html_title":"","jetpack_seo_noindex":false,"jetpack_seo_schema_type":"","_jetpack_newsletter_access":"","_jetpack_dont_email_post_to_subs":false,"_jetpack_newsletter_tier_id":0,"_jetpack_memberships_contains_paywalled_content":false,"_jetpack_feature_clip_id":0,"_jetpack_memberships_contains_paid_content":false,"footnotes":"","jetpack_post_was_ever_published":false},"categories":[6],"tags":[],"class_list":["post-11112","post","type-post","status-publish","format-standard","has-post-thumbnail","hentry","category-yorum"],"jetpack_sharing_enabled":true,"jetpack_likes_enabled":true,"jetpack-related-posts":[],"jetpack_shortlink":"https:\/\/wp.me\/pc2PfJ-2Te","jetpack_featured_media_url":"https:\/\/i0.wp.com\/www.bghaber.org\/bghaber\/wp-content\/uploads\/2013\/11\/nedim-birinci.jpg?fit=432%2C552&ssl=1","_links":{"self":[{"href":"https:\/\/www.bghaber.org\/bghaber\/wp-json\/wp\/v2\/posts\/11112","targetHints":{"allow":["GET"]}}],"collection":[{"href":"https:\/\/www.bghaber.org\/bghaber\/wp-json\/wp\/v2\/posts"}],"about":[{"href":"https:\/\/www.bghaber.org\/bghaber\/wp-json\/wp\/v2\/types\/post"}],"author":[{"embeddable":true,"href":"https:\/\/www.bghaber.org\/bghaber\/wp-json\/wp\/v2\/users\/13"}],"replies":[{"embeddable":true,"href":"https:\/\/www.bghaber.org\/bghaber\/wp-json\/wp\/v2\/comments?post=11112"}],"version-history":[{"count":0,"href":"https:\/\/www.bghaber.org\/bghaber\/wp-json\/wp\/v2\/posts\/11112\/revisions"}],"wp:featuredmedia":[{"embeddable":true,"href":"https:\/\/www.bghaber.org\/bghaber\/wp-json\/wp\/v2\/media\/8403"}],"wp:attachment":[{"href":"https:\/\/www.bghaber.org\/bghaber\/wp-json\/wp\/v2\/media?parent=11112"}],"wp:term":[{"taxonomy":"category","embeddable":true,"href":"https:\/\/www.bghaber.org\/bghaber\/wp-json\/wp\/v2\/categories?post=11112"},{"taxonomy":"post_tag","embeddable":true,"href":"https:\/\/www.bghaber.org\/bghaber\/wp-json\/wp\/v2\/tags?post=11112"}],"curies":[{"name":"wp","href":"https:\/\/api.w.org\/{rel}","templated":true}]}}