{"id":11110,"date":"2014-08-31T02:00:14","date_gmt":"2014-08-30T23:00:14","guid":{"rendered":"http:\/\/www.bghaber.org\/bghaber\/?p=11110"},"modified":"2014-09-03T14:16:47","modified_gmt":"2014-09-03T11:16:47","slug":"gozle-gorulmez-elle-tutulmaz","status":"publish","type":"post","link":"https:\/\/www.bghaber.org\/bghaber\/gozle-gorulmez-elle-tutulmaz\/","title":{"rendered":"G\u00f6zle G\u00f6r\u00fclmez, Elle Tutulmaz!"},"content":{"rendered":"<p>Vatan\u0131m\u0131z Bulgaristan\u2019da anadilimiz T\u00fcrk\u00e7emizle \u00f6zg\u00fcr d\u00fc\u015f\u00fcnce d\u00fczeyinin vard\u0131\u011f\u0131 noktay\u0131 (yeri)\u00a0 kimseye anlatam\u0131yorum. Y\u0131llardan beri ayn\u0131 yerde duruyoruz. Dipsiz \u00e7ukurda gibi\u2026<!--more--><\/p>\n<p>\u201c<strong>G\u00f6zle g\u00f6r\u00fcl\u00fcr, elle tutulmaz<\/strong>!\u201d \u2013 nedir o?<\/p>\n<p>\u201c<strong>Duman<\/strong>!\u201d ya da \u201c<strong>Sis<\/strong>!\u201d Bilebildik diye yerimizde s\u0131\u00e7rard\u0131k.<\/p>\n<p>Karb\u00fcrat\u00f6r\u00fc bo\u011fulmu\u015f bir araba olsayd\u0131k, aks\u0131r\u0131r \u00f6ks\u00fcr\u00fcr yerimizde s\u0131\u00e7rar, hayat \u0131\u015f\u0131\u011f\u0131 arard\u0131k\u2026<\/p>\n<p>T\u00fcrk\u00e7emiz, sis ve \u00e7ukurdaki araba aras\u0131nda fark yok.<\/p><div id=\"bghab-2887654760\" class=\"bghab-icerik-icine bghab-entity-placement\"><script async src=\"\/\/pagead2.googlesyndication.com\/pagead\/js\/adsbygoogle.js?client=ca-pub-6203283170189293\" crossorigin=\"anonymous\"><\/script><ins class=\"adsbygoogle\" style=\"display:block; text-align:center;\" data-ad-client=\"ca-pub-6203283170189293\" \ndata-ad-slot=\"7303146466\" \ndata-ad-layout=\"in-article\"\ndata-ad-format=\"fluid\" data-full-width-responsive=\"true\"><\/ins>\n<script> \n(adsbygoogle = window.adsbygoogle || []).push({}); \n<\/script>\n<\/div>\n<p>Birisi bo\u015fa s\u0131\u00e7r\u0131yor. \u00d6teki yerinde say\u0131yor.<\/p>\n<p>Totaliter d\u00f6nemde\u00a0 (1956\u20131989) Bulgaristan T\u00fcrklerinin ba\u015f\u0131na neler, neler geldi?<\/p>\n<p>Bu bir soru de\u011fil, durum tespitidir. Soru olsa herkes kendine g\u00f6re yan\u0131tlar, ortak noktalar hemen g\u00f6ze \u00e7arpard\u0131.<\/p>\n<p>Yetmi\u015fli y\u0131llarda T\u00fcrk\u00e7e bas\u0131na yasaklar kondu. Bir s\u00fcre sonra da T\u00fcrk\u00e7e konu\u015fma kanun d\u0131\u015f\u0131 ilan edildi. Bir s\u00fcre daha sonra T\u00fcrk\u00e7e konu\u015fanlara ceza kesildi. Bir toplumun ba\u015fl\u0131ca s\u00f6zl\u00fc ve yaz\u0131l\u0131 ileti\u015fim arac\u0131 dildir. Bir edebiyat\u0131n, bir k\u00fclt\u00fcr\u00fcn, sanat\u0131n ba\u015fl\u0131ca arac\u0131 dildir. Hayat dille dile gelir. Dilimiz geli\u015fmeden bunlardan hi\u00e7 biri geli\u015femez. Kendi arabam\u0131zda de\u011fil, belediye otob\u00fcs\u00fcnde yolculuk ederiz. Dil \u00f6ld\u00fc\u011f\u00fcnde ya\u015fam g\u00f6z yumar. Halk\u0131 k\u00f6relir, yok olur. Bu d\u00fcnyadan dillerini kaybettikleri i\u00e7in yok olan haklar \u00e7oktur. Her halk kendi \u00f6z diliyle ya\u015far. Bir dil ba\u015fka dillerin var olmas\u0131na engel olmaz. Hindistan\u2019da 656 dil var.<\/p>\n<p>Bas\u0131n yay\u0131n a\u00e7\u0131s\u0131ndan 1877 \u2013 78\u2019den beri Bulgaristan T\u00fcrkl\u00fc\u011f\u00fcn\u00fcn durumu hi\u00e7bir zaman bu kadar dibe vermemi\u015fti. Halen ele alacak bir gazete ve dergimiz, kap\u0131s\u0131 a\u00e7\u0131k bir\u00a0 T\u00fcrk K\u00fclt\u00fcr Merkezimiz yok.<\/p><div id=\"bghab-1322253857\" class=\"bghab-icerik-icine-10-paragraf bghab-entity-placement\"><script async src=\"\/\/pagead2.googlesyndication.com\/pagead\/js\/adsbygoogle.js?client=ca-pub-6203283170189293\" crossorigin=\"anonymous\"><\/script><ins class=\"adsbygoogle\" style=\"display:block; text-align:center;\" data-ad-client=\"ca-pub-6203283170189293\" \ndata-ad-slot=\"7303146466\" \ndata-ad-layout=\"in-article\"\ndata-ad-format=\"fluid\" data-full-width-responsive=\"true\"><\/ins>\n<script> \n(adsbygoogle = window.adsbygoogle || []).push({}); \n<\/script>\n<\/div>\n<p>Biz T\u00fcrk\u00e7emizin k\u00f6klerinin ka\u00e7 bin y\u0131l gerilere dayand\u0131\u011f\u0131n\u0131 bilmekte zorlansak da 27 as\u0131rl\u0131k edebiyat\u0131m\u0131z var. Bundan bin y\u0131l \u00f6nce bu topraklara kendi dilimizle ve k\u00fclt\u00fcr\u00fcm\u00fczle geldik. Bunu dedelerimizin dedelerine ve atalar\u0131m\u0131z\u0131n atalar\u0131na bor\u00e7luyuz. Ve bug\u00fcn T\u00fcrk\u00e7emizin yapraklar\u0131 solgundur ama can damarlar\u0131 \u00e7ok derinlerdedir ve her an yeniden f\u0131\u015fk\u0131rabilir.<\/p>\n<p>1950\u2019lerde k\u00f6yde her haneden bir yumurta toplan\u0131r, K\u0131rcaali\u2019de sat\u0131p bir T\u00fcrk\u00e7e gazete alal\u0131m diye k\u00f6y gen\u00e7leri n\u00f6bet tutard\u0131. Gazete cani odas\u0131nda N\u00fcvvab\u2019l\u0131 hoca taraf\u0131ndan sesle okunur ve haberler ek bilgilerle yorumlan\u0131rd\u0131.\u00a0 Biz bug\u00fcn bu durumdan da k\u00f6t\u00fcy\u00fcz.<\/p>\n<p>T\u00fcrkiye Cumhuriyeti\u2019nin yeni se\u00e7ilen Ba\u015fkan\u0131 Recep Tayyib Erdo\u011fan\u2019\u0131n geli\u015ftirdi\u011fi\u00a0 \u201c<strong>bar\u0131\u015f s\u00fcreci<\/strong>\u201d \u00fclkede ya\u015fayan t\u00fcm etniklerin, dil ve dinlerin, k\u00fclt\u00fcrel \u00f6zelliklerin ya\u015fama hakk\u0131na sayg\u0131 ve te\u015fvik verdi. G\u00fcney Do\u011fu\u2019da K\u00fcrt Enstit\u00fcs\u00fc a\u00e7an T\u00fcrkiye, Rom K\u00fclt\u00fcr ve Dil Y\u00fcksek Ara\u015ft\u0131rma Merkezleri etkinlikleri ba\u015flatt\u0131. D\u00fcnyan\u0131n en b\u00fcy\u00fck kozmopolit kenti \u0130stanbul y\u00f6re k\u00fclt\u00fcr geceleriyle ya\u015farken, hem\u015feri kona\u011f\u0131 d\u00fc\u011f\u00fcn salonlar\u0131 dolup bo\u015fal\u0131rken, \u201c<strong>Biz halk k\u00fclt\u00fcr\u00fc d\u00fczeyini a\u015ft\u0131k<\/strong>\u201d edas\u0131 savuranlar <strong>klasik sanat dallar\u0131nda g\u00f6n\u00fcl co\u015fturuyor<\/strong>. Piyanolar her gece kaval, fl\u00fct, ba\u011flama, yayl\u0131 tambura, davul, zurnal\u0131 t\u00fcrk\u00fc ve \u015fark\u0131m\u0131za renk kat\u0131yor. Ressam bayan sergileri g\u00f6z kama\u015ft\u0131r\u0131yor, hayaller uyand\u0131r\u0131yor.<\/p>\n<p>Biz, Bulgaristanl\u0131lar eskiden oldu\u011fu gibi \u015fimdi de sanat dallar\u0131nda nazl\u0131lardan nazl\u0131y\u0131z.\u00a0 \u201c<strong>Davulcuya k\u0131z verilmez<\/strong>!\u201d \u201c<strong>Zurnac\u0131 yuva kurmaz<\/strong>!\u201d \u201c<strong>Resim i\u015fi k\u0131z i\u015fi mi<\/strong>? gibi saplant\u0131lar\u0131m\u0131zdan bir t\u00fcrl\u00fc kopamad\u0131k. \u0130nce i\u015fleri hep ba\u015fkalar\u0131na iteledik. \u201c<strong>Bizim \u015fark\u0131m\u0131z i\u00e7imizdedir. Derin d\u00fcnyam\u0131z g\u00f6nl\u00fcm\u00fczd\u00fcr<\/strong>! Bu deyimler bizimdir. K\u0131na d\u00fc\u011f\u00fcn gecelerinde bir kol belde, \u00f6teki omuz d\u00fczeyinde oynar\u0131z. Ne birine dokunur, ne el kald\u0131r\u0131r\u0131z. Co\u015fkumuzu y\u00fcksek sesle ifade ederken yere bakar\u0131z, biz basarken hep k\u00f6klerimize basar\u0131z. Rumeli TV\u2019ye g\u00f6z\u00fcm kayd\u0131\u011f\u0131 oluyor. Son d\u00f6nem sanat\u00e7\u0131lar\u0131n alt \u00e7eneleri dik, \u00fcnikleri f\u0131rlam\u0131\u015f, sa\u011f ellerinde sopa gibi mikrofon dimdik g\u00f6kte\u2026.i\u00e7ten i\u00e7e bu bizden de\u011fil, diyorum. Biz d\u00fc\u015fman\u0131 el kald\u0131rmadan yenen soylardan oldu\u011fumuzdan sesiz konu\u015fur, s\u00f6yleneni anlar, anlad\u0131\u011f\u0131m\u0131z\u0131 unutmay\u0131z.<\/p>\n<p>Bu i\u015flerde bizdeki fa\u015fizm ve demokrasi d\u00f6nemlerinde de\u011fi\u015fen hi\u00e7bir \u015fey olmad\u0131.\u00a0 Asl\u0131nda de\u011fi\u015fiklik olsun diye bir \u015fey yapmad\u0131k. Hayat\u0131n sundu\u011fu yenilikleri uygun buldu\u011fumuzda \u00f6z\u00fcmsedik, uymayanlar\u0131 ret ettik.<\/p><div id=\"bghab-3036039656\" class=\"bghab-icerik-icine-15-paragraf bghab-entity-placement\"><script async src=\"\/\/pagead2.googlesyndication.com\/pagead\/js\/adsbygoogle.js?client=ca-pub-6203283170189293\" crossorigin=\"anonymous\"><\/script><ins class=\"adsbygoogle\" style=\"display:block; text-align:center;\" data-ad-client=\"ca-pub-6203283170189293\" \ndata-ad-slot=\"7303146466\" \ndata-ad-layout=\"in-article\"\ndata-ad-format=\"fluid\" data-full-width-responsive=\"true\"><\/ins>\n<script> \n(adsbygoogle = window.adsbygoogle || []).push({}); \n<\/script>\n<\/div>\n<p>Liderlikten ge\u00e7inen Ahmetlerin L\u00fctf\u00fclerin halk\u0131n nabz\u0131na \u015ferbet verdi\u011fini g\u00f6remedim. Ezilenlerin ve \u00fcsttekilerin ya\u015fam\u0131 birbirinden koptu. S\u00fcr\u00fcnenin halinden anlayan yok. Ana dilimize, halk k\u00fclt\u00fcr\u00fcm\u00fcze, sanat\u0131m\u0131za, yaz\u0131l\u0131 ve s\u00f6zl\u00fc edebiyat\u0131m\u0131za, \u00f6zg\u00fcn k\u00fclt\u00fcr\u00fcm\u00fcze kar\u015f\u0131 umursamaz, ilgisiz, vurdumduymaz tav\u0131rlar\u0131 s\u00fcr\u00fcyor. \u00c7eyrek as\u0131r bir \u015fey de\u011fi\u015fmedi. S\u00fcre\u00e7 k\u00f6t\u00fcye gidiyor. Liderler \u00f6zel se\u00e7ilmi\u015f, onlar anneler g\u00fcn\u00fc, babalar g\u00fcn\u00fc olmayan, Kurban ve \u015eeker Bayram\u0131 kutlamayan, ezan dinlemeyen, mevlit okutmayan, saza gitmeyen, konser dinlemeye vakit bulamayan, baleyi bald\u0131r bayram sanan, Noel Bayram\u0131 ile Y\u0131lba\u015f\u0131 kutlamalar\u0131 aras\u0131nda g\u00f6n\u00fcl e\u011fleyen tipler olarak, kopyalanm\u0131\u015f ve kavanozda korunan numunelerden se\u00e7melerimizdir. Bir ki\u015finin haf\u0131za ambar\u0131nda, duygu d\u00fcnyas\u0131nda k\u00fclt\u00fcre, sanata susam\u0131\u015fl\u0131k yoksa o ki\u015fi \u00f6z\u00fcrl\u00fc kopyad\u0131r. Bir ki\u015finin beden hareketlerinde, co\u015ftuk\u00e7a parlayan ya da solup s\u00f6nen bak\u0131\u015flar\u0131nda k\u00fclt\u00fcr \u00f6z\u00fc yoksa tohum \u00f6rne\u011fi alamazs\u0131n. Bir yaprak, iki yaprak, bir ba\u015fak iki ba\u015fak vermesini bekleyemezsin, \u00e7\u00fcnk\u00fc klonlu tipler do\u011frudan sapl\u0131, yaprakl\u0131 ve ba\u015fakl\u0131 do\u011fuyor. \u00d6yle ki, Ahmetler L\u00fctf\u00fcler gibi bizim topluma bir yerlerden d\u00fc\u015fseler bile dibini kaz\u0131p sulayamazs\u0131n, k\u00fclt\u00fcr ve sanat eserleriyle e\u011fitemezsin, \u00e7\u00fcnk\u00fc kopyan\u0131n haf\u0131zas\u0131nda k\u00fclt\u00fcr ve sanat zek\u00e2s\u0131 yoktur. Onun i\u00e7in konservatuarda bir T\u00fcrk veya M\u00fcsl\u00fcman \u00f6\u011frenci yok. K\u00fclt\u00fcrel \u00f6z\u00fcrl\u00fcler k\u00fclt\u00fcr\u00fcn geli\u015fmesinden rahats\u0131z olur. K\u00fclt\u00fcr onlar i\u00e7in gereksizdir. M\u00fcspette insan\u0131n hayat\u0131 karanl\u0131kta ba\u015flar ve karanl\u0131kta ge\u00e7er.\u00a0 K\u00fclt\u00fcrel karanl\u0131kta ge\u00e7en hayat ya\u015farlar. Etraf karanl\u0131k kafalar bulan\u0131kt\u0131r. <strong>Karanl\u0131kta hi\u00e7bir \u015fey g\u00f6zle g\u00f6r\u00fclmez, g\u00f6zle g\u00f6r\u00fclemeyen elle de tutulamaz!<\/strong> Karanl\u0131k bekleme yeridir. Beklenen \u015fafakt\u0131r, umut edilen <strong>mutlaka gelecektir.<\/strong><\/p>\n<p>Ahmet ikide bir, \u015fopar damar\u0131 tuttu\u011funda Apaz\u0131 ya da Slivneli Dukiyi davet eder, biraz do\u011fa\u00e7lama dinlerdi. \u015eimdi o da bitti. Vidin\u2019de bir dans\u00f6z, Burgaz\u2019da bir orkestra, \u015fair istemez, yazar istemez, tiyatro oyunu istemez, filarmoni istemez, T\u00fcrk k\u00fclt\u00fcr\u00fc istemez\u2026 \u00e7ok sevdi\u011fi yaln\u0131z bir \u015fey kald\u0131, Omar Arap Bankalar\u0131ndan dolarlar sayan makine orkestras\u0131n\u0131n ritmik sesi. Makineler saray karanl\u0131\u011f\u0131nda gece \u00e7al\u0131\u015f\u0131yor.<\/p>\n<p>Bizi etnik k\u00fclt\u00fcr karanl\u0131\u011f\u0131nda tutuyorlar. Karanl\u0131kta tutmalar\u0131n\u0131n nedenini biliyor musunuz? Gece karanl\u0131\u011f\u0131nda devlet d\u00fczeni g\u00fc\u00e7leri genelde uykudad\u0131r. B\u00fcrokrasi, gardiyanlar, polisler, okullar, k\u0131sacas\u0131 hayat\u0131m\u0131z\u0131 d\u00fczenleyen g\u00fc\u00e7ler uykudad\u0131r. Askerler erken yata\u011fa girer. Bask\u0131 ve ter\u00f6r elemanlar\u0131n\u0131n uyku sat\u0131 bellidir. Yat\u0131l\u0131 okullar, cezaevleri, toplama kamplar\u0131, hastaneler \u2026. Ki\u015finin istedi\u011fi saatte yatma hak ve \u00f6zg\u00fcrl\u00fc\u011f\u00fc yatmam\u0131z\u0131 ve uyumam\u0131z\u0131 ister. \u00c7iftler ayn\u0131 saate yata\u011fa girer. Avrupal\u0131 kent sakinleri feodal toplumda mumlar\u0131n\u0131 ayn\u0131 saatte s\u00f6nd\u00fcrmek zorundayd\u0131. D\u00fczen ve bask\u0131 g\u00fc\u00e7leri her zaman belirli bir uyku saatini zorunlu k\u0131lar. Bu belirli saatin erken bir saat olmas\u0131 ve uzad\u0131k\u00e7a uzamas\u0131 yine uyuyan insan\u0131n d\u00fc\u015f\u00fcnmedi\u011fi ger\u00e7e\u011finden kaynaklan\u0131r.<\/p>\n<p>T\u00fcm k\u00fclt\u00fcrler bize karanl\u0131\u011f\u0131n k\u00f6t\u00fc g\u00fc\u00e7lerle ili\u015fkili oldu\u011funu \u00f6\u011fretir. T\u00fcrk k\u00fclt\u00fcr\u00fc i\u00e7in oldu\u011fu kadar, Bulgar k\u00fclt\u00fcr\u00fc i\u00e7in ge\u00e7erlidir. Masallarda gece karanl\u0131\u011f\u0131ndan, gece ya\u015fayanlardan korkmam\u0131z gerekti\u011fi anlat\u0131lmad\u0131 m\u0131? Oysa hayat\u0131m\u0131z uyuklarken ya da uykuda ge\u00e7tik\u00e7e g\u00fcnd\u00fcz hayat\u0131m\u0131z k\u0131sal\u0131r ve anlams\u0131zla\u015f\u0131r. Ne var ki, gece ve g\u00fcnd\u00fcz hayat\u0131n\u0131 ya\u015fayan ki\u015filer hep ayn\u0131 ki\u015filerdir. Yani biziz.<\/p>\n<p>K\u00fclt\u00fcrel bak\u0131ma uyumam\u0131za \u00f6zen g\u00f6sterilen bir halk toplulu\u011fu oldu\u011fumuzdan, bize korkuyla bakmaya ba\u015flad\u0131lar. \u00c7\u00fcnk\u00fc geceler gebedir, sosyal egemenlik kurallar\u0131 ancak gece bozulur. Bir de gece d\u00fc\u015f g\u00f6rme zaman\u0131d\u0131r. Emeller g\u00f6zle g\u00f6r\u00fclmez, elle tutulmaz ortamlarda mayalan\u0131r ve g\u00fcn do\u011farken ger\u00e7ek olur!<\/p><div id=\"bghab-2174822020\" class=\"bghab-icerik-icine-20-paragraf bghab-entity-placement\"><script async src=\"\/\/pagead2.googlesyndication.com\/pagead\/js\/adsbygoogle.js?client=ca-pub-6203283170189293\" crossorigin=\"anonymous\"><\/script><ins class=\"adsbygoogle\" style=\"display:block; text-align:center;\" data-ad-client=\"ca-pub-6203283170189293\" \ndata-ad-slot=\"7303146466\" \ndata-ad-layout=\"in-article\"\ndata-ad-format=\"fluid\" data-full-width-responsive=\"true\"><\/ins>\n<script> \n(adsbygoogle = window.adsbygoogle || []).push({}); \n<\/script>\n<\/div>\n<p>&nbsp;<\/p>\n<p>Seyhan \u00d6ZG\u00dcR<\/p>\n<div id=\"bghab-945951112\" class=\"bghab-yazi-altinda bghab-entity-placement\"><script async src=\"https:\/\/pagead2.googlesyndication.com\/pagead\/js\/adsbygoogle.js\"><\/script>\r\n<!-- bghaber-yaz\u0131-sonu -->\r\n<ins class=\"adsbygoogle\"\r\n     style=\"display:block\"\r\n     data-ad-client=\"ca-pub-6203283170189293\"\r\n     data-ad-slot=\"4222328180\"\r\n     data-ad-format=\"auto\"\r\n     data-full-width-responsive=\"true\"><\/ins>\r\n<script>\r\n     (adsbygoogle = window.adsbygoogle || []).push({});\r\n<\/script><\/div><br style=\"clear: both; display: block; float: none;\"\/>","protected":false},"excerpt":{"rendered":"<p>Vatan\u0131m\u0131z Bulgaristan\u2019da anadilimiz T\u00fcrk\u00e7emizle \u00f6zg\u00fcr d\u00fc\u015f\u00fcnce d\u00fczeyinin vard\u0131\u011f\u0131 noktay\u0131 (yeri)\u00a0 kimseye anlatam\u0131yorum. Y\u0131llardan beri ayn\u0131 yerde duruyoruz. Dipsiz \u00e7ukurda gibi\u2026<\/p>\n","protected":false},"author":13,"featured_media":4520,"comment_status":"closed","ping_status":"closed","sticky":false,"template":"","format":"standard","meta":{"advanced_seo_description":"","jetpack_seo_html_title":"","jetpack_seo_noindex":false,"jetpack_seo_schema_type":"","_jetpack_newsletter_access":"","_jetpack_dont_email_post_to_subs":false,"_jetpack_newsletter_tier_id":0,"_jetpack_memberships_contains_paywalled_content":false,"_jetpack_feature_clip_id":0,"_jetpack_memberships_contains_paid_content":false,"footnotes":"","jetpack_post_was_ever_published":false},"categories":[6],"tags":[],"class_list":["post-11110","post","type-post","status-publish","format-standard","has-post-thumbnail","hentry","category-yorum"],"jetpack_sharing_enabled":true,"jetpack_likes_enabled":true,"jetpack-related-posts":[],"jetpack_shortlink":"https:\/\/wp.me\/pc2PfJ-2Tc","jetpack_featured_media_url":"https:\/\/i0.wp.com\/www.bghaber.org\/bghaber\/wp-content\/uploads\/2013\/07\/seyhan-001.jpg?fit=528%2C784&ssl=1","_links":{"self":[{"href":"https:\/\/www.bghaber.org\/bghaber\/wp-json\/wp\/v2\/posts\/11110","targetHints":{"allow":["GET"]}}],"collection":[{"href":"https:\/\/www.bghaber.org\/bghaber\/wp-json\/wp\/v2\/posts"}],"about":[{"href":"https:\/\/www.bghaber.org\/bghaber\/wp-json\/wp\/v2\/types\/post"}],"author":[{"embeddable":true,"href":"https:\/\/www.bghaber.org\/bghaber\/wp-json\/wp\/v2\/users\/13"}],"replies":[{"embeddable":true,"href":"https:\/\/www.bghaber.org\/bghaber\/wp-json\/wp\/v2\/comments?post=11110"}],"version-history":[{"count":0,"href":"https:\/\/www.bghaber.org\/bghaber\/wp-json\/wp\/v2\/posts\/11110\/revisions"}],"wp:featuredmedia":[{"embeddable":true,"href":"https:\/\/www.bghaber.org\/bghaber\/wp-json\/wp\/v2\/media\/4520"}],"wp:attachment":[{"href":"https:\/\/www.bghaber.org\/bghaber\/wp-json\/wp\/v2\/media?parent=11110"}],"wp:term":[{"taxonomy":"category","embeddable":true,"href":"https:\/\/www.bghaber.org\/bghaber\/wp-json\/wp\/v2\/categories?post=11110"},{"taxonomy":"post_tag","embeddable":true,"href":"https:\/\/www.bghaber.org\/bghaber\/wp-json\/wp\/v2\/tags?post=11110"}],"curies":[{"name":"wp","href":"https:\/\/api.w.org\/{rel}","templated":true}]}}