{"id":11107,"date":"2014-08-31T01:57:20","date_gmt":"2014-08-30T22:57:20","guid":{"rendered":"http:\/\/www.bghaber.org\/bghaber\/?p=11107"},"modified":"2014-09-03T14:15:12","modified_gmt":"2014-09-03T11:15:12","slug":"haysiyeti-olan-secim-yapmak-zorundadir","status":"publish","type":"post","link":"https:\/\/www.bghaber.org\/bghaber\/haysiyeti-olan-secim-yapmak-zorundadir\/","title":{"rendered":"Haysiyeti Olan Se\u00e7im Yapmak Zorundad\u0131r"},"content":{"rendered":"<p>Biz, yeni bir se\u00e7im yapmak zorunda oldu\u011fumuza i\u015faret ederken, H\u00d6H yada ba\u015fka bir partiye d\u00fc\u015fman oldu\u011fumuz anla\u015f\u0131lmas\u0131n l\u00fctfen. H\u00d6H partisini en az siz kadar seven, halk\u0131m\u0131z\u0131n bir politik partisi olmas\u0131 i\u00e7in en az her biriniz kadar m\u00fccadele etmi\u015f olan \u015ferefli ki\u015filer varsa, siz kadar bizleriz! Haklar\u0131m\u0131z\u0131 savunan, \u00f6zg\u00fcrl\u00fcklerimizi ya\u015fatan, bizim i\u00e7in politik m\u00fccadele veren bir partimiz olmas\u0131 tarih boyu en b\u00fcy\u00fck hedefimizdi.<!--more--><\/p>\n<p>Biz ezelden beri T\u00fcrk\u2019\u00fcz. Lakin 1877 \u2013 1878 y\u0131llar\u0131 Rus-Osmanl\u0131 Sava\u015f\u0131 sonucu, Osmanl\u0131 ya\u015fad\u0131\u011f\u0131m\u0131z topraklar\u0131 kaybetti. 3 Mart 1878 tarihinde (g\u00fcn\u00fcm\u00fczde Bulgaristan bu tarihi Milli Bayram olarak kutlar)\u00a0 \u0130stanbul Ye\u015fil k\u00f6yde imzalanan Anla\u015fma,\u00a0 uluslar aras\u0131 kabul g\u00f6rmeyince, Berlin Konferans\u0131 topland\u0131. Berlin Antla\u015fmas\u0131 imzaland\u0131. \u0130\u015fte burada, (1878 Berlin Konferans\u0131nda) Bulgar Prensli\u011fi do\u011fdu. Ve \u015fu ya da bu yolla \u00dc\u00e7\u00fcnc\u00fc Bulgar devletine hayat hakk\u0131 tan\u0131nd\u0131. 1908\u2019de Bulgaristan egemenli\u011fini ilan etti. O zaman bu topraklarda ya\u015fayan T\u00fcrk ahalisi BULGAR\u0130STAN T\u00dcRK\u00dc oldu. T\u00fcrl\u00fc tehditler, sald\u0131r\u0131lar, katliamlarla zorunlu g\u00f6\u00e7le \u00e7o\u011funluk durumundan az\u0131nl\u0131k durumuna d\u00fc\u015ft\u00fc. En b\u00fcy\u00fck hezimetlerimizden biri 1989 A\u011fustosu kitle g\u00f6\u00e7\u00fc oldu. 25 y\u0131l \u00f6nce par\u00e7alanmad\u0131k bir tek ailemiz kalmad\u0131. Biz T\u00fcrkiye\u2019ye keyfimizden gelmedik, S\u00fcr\u00fcm s\u00fcr\u00fcm s\u00fcr\u00fcnd\u00fcr\u00fclmeyen insan\u0131m\u0131z yoktur! Biz T\u00fcrkiye\u2019ye s\u0131cak ve konforlu evlerimizden, \u015firin k\u00f6ylerimizden, ma\u011frur kasabalar\u0131m\u0131zdan gelmedik, s\u00fcrg\u00fcnden, hapishanelerden, toplama kamplar\u0131ndan geldik. Biz g\u00f6\u00e7 etmedik, kovulup da geldik. Biz unutam\u0131yoruz. Siz de unutmay\u0131n, bir zahmet!<\/p>\n<p>Bulgaristan T\u00fcrkleri olarak 100 y\u0131l ya\u015fad\u0131\u011f\u0131m\u0131z Vatan topraklar\u0131m\u0131zda b\u0131rakt\u0131\u011f\u0131m\u0131z ve de\u011feri en y\u00fcksek olan nedir. Hi\u00e7 ku\u015fkusuz Hak ve \u00d6zg\u00fcrl\u00fckler Hareketimizdir. Bir halk olarak bir as\u0131rda politik bilince ula\u015f\u0131p kendi partimizi kurabilmemiz \u00e7ok b\u00fcy\u00fck bir erdemdir. Her az\u0131nl\u0131\u011f\u0131n politik partisi yoktur. Her milletin devlet kuramad\u0131\u011f\u0131 gibi her az\u0131nl\u0131k da politik \u00f6rg\u00fctlenmeyi ba\u015faramaz, yap\u0131land\u0131ramaz, iktidar yolunu bulamaz.<\/p>\n<p>Hak ve \u00d6zg\u00fcrl\u00fck Hareketi Bulgaristan T\u00fcrklerinin dip dalgas\u0131n\u0131n, halk psikolojisinin ruh ve beden olarak hareketlenmesinden ve May\u0131s 1989 Ayaklanmas\u0131ndan do\u011fmu\u015ftur. Bu isyan politik nitelikli bir hareketlenmeydi. Totaliter Bulgar devletine kar\u015f\u0131 ilk ba\u015fkald\u0131r\u0131yd\u0131, ba\u015far\u0131l\u0131 oldu Bulgar halk\u0131n\u0131n demokratik \u00f6nc\u00fcs\u00fc olan demokrat ayd\u0131nlar\u0131 da kendi sivil toplum \u00f6rg\u00fctleri \u00f6nc\u00fcl\u00fc\u011f\u00fcnde hareketlendi. 10 Kas\u0131m 1989\u2019da halka z\u00fcl\u00fcm eden totaliter iktidar\u0131 devirdi. 30 Aral\u0131k 1989\u2019da isimlerimizin geri verildi. Anadilimiz T\u00fcrk\u00e7emiz konu\u015fma ve yaz\u0131\u015fma olarak serbest b\u0131rak\u0131ld\u0131. Anadilimiz \u00fczerindeki yasaklar kald\u0131r\u0131ld\u0131. \u0130slam dininde ibadet, \u0130slam T\u00fcrk geleneklerine ve k\u00fclt\u00fcr\u00fcne g\u00f6re ya\u015fama haklar\u0131m\u0131z yeniden tan\u0131nd\u0131. Bu b\u00fcy\u00fck ba\u015far\u0131lar May\u0131s 1989 Ayaklanmam\u0131z\u0131n ve A\u011fustos 1989\u2019da bak\u0131\u015flar\u0131m\u0131z\u0131 Sofya\u2019dan Ankara\u2019ya \u00e7evirip bir g\u00f6\u00e7 seli olarak yeniden en kitlesel b\u00fct\u00fcnl\u00fck i\u00e7inde bir daha hareketlenmemizin hem sonucu hem de b\u00fcy\u00fck zaferidir. Biz, bug\u00fcn de kendilerine kar\u015f\u0131 d\u00fc\u015fmanl\u0131k duygusu beslemedi\u011fimiz ama f\u0131rsat\u00e7\u0131 ve bencil olduklar\u0131n\u0131 \u00e7ok iyi bildi\u011fimiz Bulgarlara, t\u00fcm Balkan halklar\u0131na, t\u00fcm Avrupa\u2019ya ve d\u00fcnyaya demokratik kamuoyuna hareketlenebilen, ayaklanabilen, \u00f6rg\u00fctlenebilen bilin\u00e7li cesur ve ba\u015f\u0131 dik bir halk toplulu\u011fu oldu\u011fumuzu g\u00f6sterebildik. Biz bu g\u00fc\u00e7l\u00fc k\u00fckremeyi Bulgaristan T\u00fcrkleri olarak, adlar\u0131 de\u011fi\u015ftirilmi\u015fler olarak, camileri kat\u0131lm\u0131\u015flar olarak, mezar ta\u015flar\u0131 y\u0131k\u0131lm\u0131\u015flar olarak ama kalplerindeki deha ile hi\u00e7bir yenilgi kabul etmeyen ruhlar\u0131 dipdiri olanlar olarak ger\u00e7ekle\u015ftirdik. Biz bu haysiyeti 25 y\u0131ldan beri ya\u015fatt\u0131k.<\/p>\n<p>1990 y\u0131l\u0131nda tam destek verdi\u011fimiz Hak ve \u00d6zg\u00fcrl\u00fckler Partisi kuruculu\u011funda hain bir tuza\u011fa d\u00fc\u015f\u00fcr\u00fcld\u00fc\u011f\u00fcm\u00fcz\u00fc sonradan anlad\u0131k, bo\u015f bulunduk, aldat\u0131ld\u0131\u011f\u0131m\u0131z\u0131 kabul ediyoruz.<\/p><div id=\"bghab-1380739624\" class=\"bghab-icerik-icine bghab-entity-placement\"><script async src=\"\/\/pagead2.googlesyndication.com\/pagead\/js\/adsbygoogle.js?client=ca-pub-6203283170189293\" crossorigin=\"anonymous\"><\/script><ins class=\"adsbygoogle\" style=\"display:block; text-align:center;\" data-ad-client=\"ca-pub-6203283170189293\" \ndata-ad-slot=\"7303146466\" \ndata-ad-layout=\"in-article\"\ndata-ad-format=\"fluid\" data-full-width-responsive=\"true\"><\/ins>\n<script> \n(adsbygoogle = window.adsbygoogle || []).push({}); \n<\/script>\n<\/div>\n<p>Hi\u00e7bir yanl\u0131\u015f\u0131n d\u00fczeltilmesine ge\u00e7 de\u011fildir. Hainleri partimiz H\u00d6H\u2019\u00fcn y\u00f6netiminden \u00e7ekilmeye zorlamak ana baba \u00f6devimiz, T\u00fcrk kimli\u011fini koruma vazifemiz, benli\u011fimizi ya\u015fatma davam\u0131z oldu.<\/p>\n<p>Biz bu defa 5 Ekimde oyumuzu sivil toplum \u00f6rg\u00fctlerimizin i\u015faret etti\u011fi partiye vermekle yeni bir se\u00e7im pampaya karar al\u0131yoruz. Haysiyeti olan her soyda\u015f yeni bir se\u00e7im yapmak zorundad\u0131r. Birlik ve beraberli\u011fimizi bozmadan, demokrasi kurallar\u0131na uyarak hainlere dersimizi verip yolumuza devam edelim. Se\u00e7im yapma hakk\u0131 en do\u011fal ve insan haklar\u0131m\u0131zdan biridir. T\u00fcrkl\u00fck ve M\u00fcsl\u00fcmanl\u0131\u011fa sad\u0131k kalmam\u0131z\u0131n en k\u0131sa, en emin en do\u011fru yolu 5 Ekim 2014\u2019te yeni bir se\u00e7im yaparak,\u00a0 \u00f6z\u00fcm\u00fcze ihanet edenlere ders vermekten ge\u00e7iyor. Ba\u015far\u0131n\u0131z kutlu olsun!<\/p>\n<p>&nbsp;<\/p>\n<p>&nbsp;<\/p>\n<p>Alpay D\u0130N\u00c7ER<\/p>\n<div id=\"bghab-1846552999\" class=\"bghab-yazi-altinda bghab-entity-placement\"><script async src=\"https:\/\/pagead2.googlesyndication.com\/pagead\/js\/adsbygoogle.js\"><\/script>\r\n<!-- bghaber-yaz\u0131-sonu -->\r\n<ins class=\"adsbygoogle\"\r\n     style=\"display:block\"\r\n     data-ad-client=\"ca-pub-6203283170189293\"\r\n     data-ad-slot=\"4222328180\"\r\n     data-ad-format=\"auto\"\r\n     data-full-width-responsive=\"true\"><\/ins>\r\n<script>\r\n     (adsbygoogle = window.adsbygoogle || []).push({});\r\n<\/script><\/div><br style=\"clear: both; display: block; float: none;\"\/>","protected":false},"excerpt":{"rendered":"<p>Biz, yeni bir se\u00e7im yapmak zorunda oldu\u011fumuza i\u015faret ederken, H\u00d6H yada ba\u015fka bir partiye d\u00fc\u015fman oldu\u011fumuz anla\u015f\u0131lmas\u0131n l\u00fctfen. H\u00d6H partisini en az siz kadar seven,<\/p>\n","protected":false},"author":13,"featured_media":11108,"comment_status":"closed","ping_status":"closed","sticky":false,"template":"","format":"standard","meta":{"advanced_seo_description":"","jetpack_seo_html_title":"","jetpack_seo_noindex":false,"jetpack_seo_schema_type":"","_jetpack_newsletter_access":"","_jetpack_dont_email_post_to_subs":false,"_jetpack_newsletter_tier_id":0,"_jetpack_memberships_contains_paywalled_content":false,"_jetpack_feature_clip_id":0,"_jetpack_memberships_contains_paid_content":false,"footnotes":"","jetpack_post_was_ever_published":false},"categories":[6],"tags":[],"class_list":["post-11107","post","type-post","status-publish","format-standard","has-post-thumbnail","hentry","category-yorum"],"jetpack_sharing_enabled":true,"jetpack_likes_enabled":true,"jetpack-related-posts":[],"jetpack_shortlink":"https:\/\/wp.me\/pc2PfJ-2T9","jetpack_featured_media_url":"https:\/\/i0.wp.com\/www.bghaber.org\/bghaber\/wp-content\/uploads\/2014\/08\/Resim-002.jpg?fit=400%2C544&ssl=1","_links":{"self":[{"href":"https:\/\/www.bghaber.org\/bghaber\/wp-json\/wp\/v2\/posts\/11107","targetHints":{"allow":["GET"]}}],"collection":[{"href":"https:\/\/www.bghaber.org\/bghaber\/wp-json\/wp\/v2\/posts"}],"about":[{"href":"https:\/\/www.bghaber.org\/bghaber\/wp-json\/wp\/v2\/types\/post"}],"author":[{"embeddable":true,"href":"https:\/\/www.bghaber.org\/bghaber\/wp-json\/wp\/v2\/users\/13"}],"replies":[{"embeddable":true,"href":"https:\/\/www.bghaber.org\/bghaber\/wp-json\/wp\/v2\/comments?post=11107"}],"version-history":[{"count":0,"href":"https:\/\/www.bghaber.org\/bghaber\/wp-json\/wp\/v2\/posts\/11107\/revisions"}],"wp:featuredmedia":[{"embeddable":true,"href":"https:\/\/www.bghaber.org\/bghaber\/wp-json\/wp\/v2\/media\/11108"}],"wp:attachment":[{"href":"https:\/\/www.bghaber.org\/bghaber\/wp-json\/wp\/v2\/media?parent=11107"}],"wp:term":[{"taxonomy":"category","embeddable":true,"href":"https:\/\/www.bghaber.org\/bghaber\/wp-json\/wp\/v2\/categories?post=11107"},{"taxonomy":"post_tag","embeddable":true,"href":"https:\/\/www.bghaber.org\/bghaber\/wp-json\/wp\/v2\/tags?post=11107"}],"curies":[{"name":"wp","href":"https:\/\/api.w.org\/{rel}","templated":true}]}}