{"id":10950,"date":"2014-08-06T23:39:55","date_gmt":"2014-08-06T20:39:55","guid":{"rendered":"http:\/\/www.bghaber.org\/bghaber\/?p=10950"},"modified":"2014-08-06T23:39:55","modified_gmt":"2014-08-06T20:39:55","slug":"cibanbasi-akiyor","status":"publish","type":"post","link":"https:\/\/www.bghaber.org\/bghaber\/cibanbasi-akiyor\/","title":{"rendered":"\u00c7\u0131banba\u015f\u0131 Ak\u0131yor"},"content":{"rendered":"<p><strong>Dr.Nedim B\u0130R\u0130NC\u0130<\/strong><\/p>\n<p><strong>\u0130ri S\u0131\u00e7anlar De\u011firmenden Ka\u00e7\u0131yor.<\/strong><\/p>\n<p><strong>Ahmet Do\u011fan Bulgaristan\u2019\u0131 terk etti.<\/strong><\/p>\n<p><strong>Bankac\u0131 Tsvetan Vasilev\u2019i tutuklamak i\u00e7in k\u0131rm\u0131z\u0131 b\u00fclten \u00e7\u0131kard\u0131. <\/strong><\/p>\n<p><strong>Milletvekili Delyan Peevski Ahmet Do\u011fan\u2019\u0131n kay\u0131ts\u0131z o\u011fullar\u0131ndan biriymi\u015f.<\/strong><\/p><div id=\"bghab-3823494510\" class=\"bghab-icerik-icine bghab-entity-placement\"><script async src=\"\/\/pagead2.googlesyndication.com\/pagead\/js\/adsbygoogle.js?client=ca-pub-6203283170189293\" crossorigin=\"anonymous\"><\/script><ins class=\"adsbygoogle\" style=\"display:block; text-align:center;\" data-ad-client=\"ca-pub-6203283170189293\" \ndata-ad-slot=\"7303146466\" \ndata-ad-layout=\"in-article\"\ndata-ad-format=\"fluid\" data-full-width-responsive=\"true\"><\/ins>\n<script> \n(adsbygoogle = window.adsbygoogle || []).push({}); \n<\/script>\n<\/div>\n<p>&nbsp;<\/p>\n<p>Bir y\u0131ldan beri a\u011fr\u0131s\u0131 s\u0131z\u0131s\u0131 kesilmeyen Sofya h\u00fck\u00fcmeti da\u011f\u0131ld\u0131 yani \u00e7\u0131banba\u015f\u0131 patlad\u0131, iyice irinle\u015fmi\u015fti, ak\u0131yor da ak\u0131yor. K\u0131smetse 5 Ekime kadar savar da toplum huzura kavu\u015fur,\u00a0 her \u015fey yerli yerini bulur, patatesler tohumluklar aras\u0131ndan \u00e7\u00fcr\u00fckler ayr\u0131l\u0131r ve yeni d\u00f6nemde i\u015fler yoluna girmeye ba\u015flar. Bu bir umut, Cumhurba\u015fkan\u0131 Rosen Plevneliev\u2019in deme\u00e7lerine bak\u0131l\u0131rsa ve milletvekilleri denizden d\u00f6n\u00fcp b\u00fct\u00e7e ve sa\u011fl\u0131k kasas\u0131 yasa de\u011fi\u015fikli\u011fi yapmazsa , 3 aydan sonra Bulgaristan maliyesi \u00e7\u00f6kecek ve devlet b\u00fcy\u00fck zarar g\u00f6recektir.<\/p>\n<p>&nbsp;<\/p>\n<p>Daha \u00f6nce ba\u015f\u0131m\u0131za gelmedi\u011finden ve bu konuda leh\u00e7emizde geli\u015fmi\u015f s\u00f6z ve deyimler olmad\u0131\u011f\u0131ndan irinle\u015fmeyle, \u00e7\u00fcr\u00fck patateslerle ve pansumanla anlatmaya \u00e7al\u0131\u015ft\u0131\u011f\u0131m\u0131z hasta olay\u0131n <strong>ger\u00e7ek y\u00fcz\u00fcn\u00fc \u00f6\u011frenince \u00fcz\u00fclmemek elde de\u011fil<\/strong>, \u00e7\u00fcnk\u00fc sonu sonunda Bulgaristan bizim Vatan\u0131m\u0131zd\u0131r.<\/p>\n<p>&nbsp;<\/p>\n<p>Anla\u015f\u0131lan defteri d\u00fcr\u00fclen h\u00fck\u00fcmet, yerine \u0131s\u0131namadan, bir ya\u015f\u0131n\u0131 doldurunca d\u00fc\u015ft\u00fc. Zaten 2013\u2019\u00fcn Haziran\u0131nda mal\u00ee i\u015fler oligar\u015fisine en iyi hizmeti kim verebilir aray\u0131\u015f\u0131 i\u00e7inde kurumu\u015ftu. O zaman \u201c<strong>daha iyi hizmet\u00e7i bulunma<\/strong>\u201d yar\u0131\u015f\u0131na 2 y\u00fcksek maliyeci \u00f6n plana \u00e7\u0131km\u0131\u015ft\u0131. Biri, eski Ba\u015fbakan \u0130van Kostov h\u00fck\u00fcmetlerde maliye bakan\u0131 ve son y\u0131llarda Ulusal ve D\u00fcnya Ekonomisi \u00dcniversitesi (UNSS) Finans Dekanl\u0131\u011f\u0131 Ba\u015fkan\u0131 olan Plamen Ore\u015farski\u2019ydi. O, i\u015fine pek \u0131s\u0131namad\u0131. Yerli yabanc\u0131 oligar\u015fi zenginlerini birbirine d\u00fc\u015f\u00fcrmeyeyim gayretine girdi. Bir y\u0131ll\u0131k ba\u015fbakanl\u0131k s\u00fcresinde eski maliye bakan\u0131 ve ba\u015fbakan \u0130v. Kostov\u2019u mali dan\u0131\u015fman olarak kulland\u0131. Bir y\u0131lda ne yap\u0131lmamas\u0131 gerekirse yapt\u0131lar ve iktidar finans batakl\u0131\u011f\u0131na sapland\u0131. Sepetteki yumurtalar k\u0131r\u0131ld\u0131. Kabinenin her ad\u0131m\u0131 muhalefet taraf\u0131ndan ate\u015fle kar\u015f\u0131land\u0131.<\/p>\n<p>&nbsp;<\/p>\n<p>Pl. Ore\u015farski\u2019nin Ba\u015fbakan olmas\u0131na kar\u015f\u0131 direk olarak ba\u015fkald\u0131ranlardan biri 33 ya\u015f\u0131ndaki H\u00d6H milletvekili, ileti\u015fim ara\u00e7lar\u0131 patronu Delyan Peevski oldu. Peevski, ona \u201c<strong>Ben senden daha zenginim, ba\u015fbakan ben olaca\u011f\u0131m!<\/strong>\u201d dedi. Fakat s\u00f6z ge\u00e7iremedi. K\u00fcstahl\u0131yla kald\u0131.\u00a0 Peevski\u2019nin daha \u00f6nce Bulgar tarihinde g\u00f6r\u00fclmeyen y\u00fczs\u00fczl\u00fc\u011f\u00fc biz T\u00fcrkler i\u00e7in hay\u0131r i\u015fine alamet de\u011fildi. Kulis ard\u0131ndan (saraydan) onun iplerini \u00e7eken \u201c<strong>Mafya Ba\u015f\u0131 Ahmet Do\u011fan\u2019\u0131n k\u00fcstah gencin babas\u0131 oldu\u011fu anla\u015f\u0131l\u0131nca ortam yat\u0131\u015ft\u0131.\u201d Yalan\u0131n ortaya \u00e7\u0131kmas\u0131na hem Bulgarlar hem de T\u00fcrkler g\u00fcld\u00fc. <\/strong><\/p>\n<p>&nbsp;<\/p>\n<p>Bulgaristan politikas\u0131n\u0131 her g\u00fcn kar\u0131\u015ft\u0131ran Peevski\u2019nin A.Do\u011fan\u2019\u0131n \u015f\u0131mar\u0131k o\u011flu oldu\u011fu ortaya \u00e7\u0131k\u0131nca \u201clider\u201d dayanamad\u0131, saray\u0131o terk etti ve \u0130svi\u00e7re\u2019nin \u201c<strong>Zuk<\/strong>\u201d \u015fehrine yerle\u015fti.. \u015eu d\u00f6nem \u201c<strong>Sey\u015fel Adalar\u0131nda<\/strong>\u201d g\u00f6bek k\u0131zart\u0131yor. \u015eu s\u0131k\u0131nt\u0131l\u0131 g\u00fcnlerde, \u00e7aresizlik i\u00e7inde <strong>H\u00d6H \/ BSP \/ \u201cAtaka\u201d art\u0131k birbiriyle konu\u015fmaz oldu. S\u0131ra yenilgilerden her birinin hesab\u0131n\u0131 verecek olan en ba\u015fta A. Do\u011fan\u2019d\u0131r. <\/strong>Su\u00e7lular \u00fclkeden ka\u00e7\u0131yor. Stan\u0131\u015fev Br\u00fcksel\u2019e s\u0131\u011f\u0131nd\u0131. Nikolay Barekov da Br\u00fckseli boylad\u0131. Son d\u00f6nemde Bulgaristan\u2019da en \u00e7ok kullan\u0131lan terim \u201c<strong>\u015eEYTANLAR ve \u015eEYTALIKLAR<\/strong>\u201d d\u0131r.<\/p><div id=\"bghab-957234369\" class=\"bghab-icerik-icine-10-paragraf bghab-entity-placement\"><script async src=\"\/\/pagead2.googlesyndication.com\/pagead\/js\/adsbygoogle.js?client=ca-pub-6203283170189293\" crossorigin=\"anonymous\"><\/script><ins class=\"adsbygoogle\" style=\"display:block; text-align:center;\" data-ad-client=\"ca-pub-6203283170189293\" \ndata-ad-slot=\"7303146466\" \ndata-ad-layout=\"in-article\"\ndata-ad-format=\"fluid\" data-full-width-responsive=\"true\"><\/ins>\n<script> \n(adsbygoogle = window.adsbygoogle || []).push({}); \n<\/script>\n<\/div>\n<p>&nbsp;<\/p>\n<p>Haziran 2013\u2019te Ba\u015fbakan koltu\u011funa oturmak isteyen 2. maliyeci, bankac\u0131 Tsvetan Vasilev\u2019ti. Bug\u00fcn art\u0131k Avrupa Birli\u011fi \u00fclkelerinde k\u0131rm\u0131z\u0131 b\u00fcltenle aran\u0131yor. 3 aydan beri Avusturya\u2019da gizlendi\u011fi ortaya \u00e7\u0131kt\u0131. Bu h\u00fck\u00fcmetin d\u00fc\u015fmesine somut neden D. Peevski ile onun kavgas\u0131 oldu. Peevski bir bas\u0131n a\u00e7\u0131klamas\u0131nda \u015funlar\u0131 a\u00e7\u0131klad\u0131:\u201dBir\u00e7ok ba\u015fka Bulgaristan vatanda\u015f\u0131 gibi Ts. Vasilev de devleti y\u00f6netme bi\u00e7imini kabul etmiyordu. Onun inanc\u0131na g\u00f6re, devletin yeni politik tasar\u0131mlara ihtiyac\u0131 var. Vasilev kendini ba\u015fbakan rol\u00fcnde g\u00f6rd\u00fc. Zengin oldu\u011fundan dolay\u0131 her \u015feyi yapabilece\u011fine inanm\u0131\u015ft\u0131. Y\u00f6netti\u011fi Korporatif Ticaret Bankas\u0131ndan (KTB) 3.5 00\u00a0000\u00a0000 (\u00fc\u00e7 bu\u00e7uk milyar leva)\u00a0 \u00e7ald\u0131. \u00dclkenin t\u00fcm mal\u00ee i\u015fler sistemi deprem ge\u00e7iriyor. Kay\u0131plara kar\u0131\u015fan paralar\u0131n 2 360\u00a0000 (iki milyon \u00fc\u00e7 y\u00fcz altm\u0131\u015f bin levas\u0131) <strong>Vejdi Ra\u015fidov\u2019un<\/strong> oldu\u011fu anla\u015f\u0131ld\u0131. O, o\u011flu Vad\u0131m\u2019i, gelinini ve torunlar\u0131n\u0131 Alp Da\u011flar\u0131nda Tirol b\u00f6lgesinde bir otel sahibi yapt\u0131. Gen\u00e7leri Avrupa\u2019ya g\u00f6nderdi. TV\u2019de yak\u0131nmalar\u0131 bitmiyor.<\/p>\n<p>&nbsp;<\/p>\n<p><strong>Korporatif Ticaret Bankas\u0131\u2019n\u0131n (KTB) bo\u015falt\u0131l\u0131p \u00e7\u00f6kertilmesi.<\/strong><\/p>\n<p>Banka (KTB) b\u00fcnyesine, hesaplar\u0131 ayn\u0131 bankada olan ve mali i\u015fleri bankan\u0131n g\u00f6revlileri taraf\u0131ndan y\u00f6netilen 350 \u015firket ba\u011fland\u0131. Biriken ki\u015fisel mevduat, maa\u015flar, emekli gelirleri, kira gelirleri, ticaret kazan\u00e7lar\u0131 bu 350 \u015firkete hep kredi olarak da\u011f\u0131t\u0131ld\u0131. Banka kontrol\u00fcndeki bu \u015firketler kredi zengini oldu. Onlar, paray\u0131 yat\u0131r\u0131m ya da ticarette i\u015fleteceklerine, <strong>tefeci-faizci tezg\u00e2h\u0131nda dokumaya ba\u015flad\u0131.<\/strong> Kredileri toplama art\u0131k tamamen imk\u00e2ns\u0131zla\u015ft\u0131. Ekonomik hayat durup dondu. Birka\u00e7 ki\u015fi \u00e7al\u0131\u015ft\u0131ran i\u015fyerleri maa\u015f \u00f6deyemiyor. Sonu\u00e7ta, i\u00e7i bo\u015falm\u0131\u015f olan en b\u00fcy\u00fck \u00f6zel Bulgar bankas\u0131 beyaz bayrak dikti. Halk\u0131n tasarruflar\u0131 el de\u011fi\u015ftirdi. Meclis d\u0131\u015f bor\u00e7 al\u0131p \u00e7\u00f6k\u00fc\u015f\u00fc durdurma konusunu g\u00f6r\u00fc\u015ft\u00fc ama karar alamadan da\u011f\u0131ld\u0131. Yeni h\u00fck\u00fcmetin kurulmas\u0131 Kas\u0131m 2014\u2019i bulursa, mali i\u015flerde i\u015fin i\u00e7inden \u00e7\u0131k\u0131lmas\u0131 g\u00fc\u00e7 olur.<\/p>\n<p>&nbsp;<\/p>\n<p><strong>Do\u011fan\u2019\u0131n o\u011fluna g\u00f6re, <\/strong>\u00a0\u201cKTB <strong>bankas\u0131 i\u00e7ten \u00e7\u00f6kertildi. <\/strong><\/p>\n<p>Kay\u0131p paran\u0131n <strong>300 Milyon Euro\u2019su\u00a0 H\u00d6H\u2019 e yak\u0131n \u015firketlere verildi.\u201d <\/strong><\/p><div id=\"bghab-2435028094\" class=\"bghab-icerik-icine-15-paragraf bghab-entity-placement\"><script async src=\"\/\/pagead2.googlesyndication.com\/pagead\/js\/adsbygoogle.js?client=ca-pub-6203283170189293\" crossorigin=\"anonymous\"><\/script><ins class=\"adsbygoogle\" style=\"display:block; text-align:center;\" data-ad-client=\"ca-pub-6203283170189293\" \ndata-ad-slot=\"7303146466\" \ndata-ad-layout=\"in-article\"\ndata-ad-format=\"fluid\" data-full-width-responsive=\"true\"><\/ins>\n<script> \n(adsbygoogle = window.adsbygoogle || []).push({}); \n<\/script>\n<\/div>\n<p>&nbsp;<\/p>\n<p><strong>Bu a\u00e7\u0131klamas\u0131ndaki inci:<\/strong><\/p>\n<p>&nbsp;<\/p>\n<p>2013 Haziran\u0131\u2019nda Ba\u015fbakan olmak isteyen \u00fc\u00e7\u00fcnc\u00fc ki\u015fi Kooperatif Ticaret Bankas\u0131 (KTB) sahibi Tsvetan Vasilev\u2019ti. Peevski\u2019nin anlatt\u0131\u011f\u0131na g\u00f6re, <strong>Pl. Ore\u015farski Bakanlar Kuruluna yaln\u0131z girip \u00e7\u0131kt\u0131. Haziran 2013 ve Temmuz 2014 d\u00f6neminde Bulgaristan\u2019\u0131 biz Ts. Vasilev ile ikimiz y\u00f6nettik. <\/strong>(Bu t\u00fcmceyi 26 Temmuz 2014 tarihli 24 Saat gazetesindendir.)<\/p>\n<p>&nbsp;<\/p>\n<p>D. Peevski \u00e7ok \u00f6nemli \u015fu a\u00e7\u0131klamada daha bulundu:<\/p>\n<p>&nbsp;<\/p>\n<p>1)\u00a0\u00a0\u00a0\u00a0\u00a0 Beni Ulusal G\u00fcvenlik Devlet Ajans\u0131 (<strong>DANS<\/strong>) Ba\u015fkanl\u0131\u011f\u0131na \u015fu ki\u015filer atad\u0131:<\/p>\n<p>a)\u00a0\u00a0\u00a0\u00a0\u00a0 Hak ve \u00d6zg\u00fcrl\u00fckler Partisi H\u00d6H \/DPD Partisi Ba\u015fkan\u0131 L\u00fctf\u00fc Mestan;<\/p><div id=\"bghab-707851419\" class=\"bghab-icerik-icine-20-paragraf bghab-entity-placement\"><script async src=\"\/\/pagead2.googlesyndication.com\/pagead\/js\/adsbygoogle.js?client=ca-pub-6203283170189293\" crossorigin=\"anonymous\"><\/script><ins class=\"adsbygoogle\" style=\"display:block; text-align:center;\" data-ad-client=\"ca-pub-6203283170189293\" \ndata-ad-slot=\"7303146466\" \ndata-ad-layout=\"in-article\"\ndata-ad-format=\"fluid\" data-full-width-responsive=\"true\"><\/ins>\n<script> \n(adsbygoogle = window.adsbygoogle || []).push({}); \n<\/script>\n<\/div>\n<p>b)\u00a0\u00a0\u00a0\u00a0\u00a0 Sosyalist Parti Ba\u015fkan\u0131 BSP Ba\u015fkan\u0131 Sergey Stan\u0131\u015fev ve<\/p>\n<p>c)\u00a0\u00a0\u00a0\u00a0\u00a0\u00a0 Ba\u015fbakan Plamen Ore\u015farski.<\/p>\n<p>d)\u00a0\u00a0\u00a0\u00a0\u00a0 Ku\u015fkusuz bu i\u015fin ard\u0131ndaki g\u00f6lge babas\u0131 A. Do\u011fan\u2019d\u0131.<\/p>\n<p>&nbsp;<\/p>\n<p><strong>\u00c7IBANBA\u015eI AKIYOR.<\/strong><\/p>\n<p><strong>\u00a0\u00a0\u00a0\u00a0\u00a0\u00a0\u00a0\u00a0 \u00a0\u00a0\u00a0\u00a0\u00a0\u00a0\u00a0\u00a0\u00a0\u00a0\u00a0\u00a0\u00a0\u00a0\u00a0\u00a0\u00a0\u00a0\u00a0\u00a0\u00a0 <\/strong><\/p>\n<p>Peevski\u2019nin kendi itiraflar\u0131na g\u00f6re,\u00a0 \u015fimdi hala elinde tutmaya devam etti\u011fi \u201c<strong>Telegraf<\/strong>\u201d, \u201c<strong>Monitor<\/strong> ve \u201c<strong>Politika<\/strong>\u201d gazeteleri ile \u201c<strong>TV-7<\/strong>\u201d program\u0131n\u0131 (KTB) bankas\u0131ndan yani Ts. Vasilev\u2019ten ald\u0131\u011f\u0131 paralarla ele ge\u00e7irdi.<\/p><div id=\"bghab-1955480550\" class=\"bghab-icerik-icine-25-paragraf bghab-entity-placement\"><script async src=\"\/\/pagead2.googlesyndication.com\/pagead\/js\/adsbygoogle.js?client=ca-pub-6203283170189293\" crossorigin=\"anonymous\"><\/script><ins class=\"adsbygoogle\" style=\"display:block; text-align:center;\" data-ad-client=\"ca-pub-6203283170189293\" \ndata-ad-slot=\"7303146466\" \ndata-ad-layout=\"in-article\"\ndata-ad-format=\"fluid\" data-full-width-responsive=\"true\"><\/ins>\n<script> \n(adsbygoogle = window.adsbygoogle || []).push({}); \n<\/script>\n<\/div>\n<p>&nbsp;<\/p>\n<p>Bulgar bas\u0131n\u0131na g\u00f6re, H\u00d6H ile BSP\u2019yi temsil eden bu iki zenginin aras\u0131n\u0131n a\u00e7\u0131lmas\u0131 \u00f6nce mali alanda k\u0131z\u0131\u015ft\u0131. \u015eiddetli kap\u0131\u015fma Rusya\u2019n\u0131n \u201c<strong>G\u00fcney Ak\u0131m<\/strong>\u201d gaz boru hatt\u0131 konusunda Bulgar bankalar\u0131na aktarmay\u0131 \u00f6ng\u00f6rd\u00fc\u011f\u00fc 3 milyar leva ile de ilgilidir. Ganimetin payla\u015f\u0131lmas\u0131nda taraflar birbirine b\u0131\u00e7ak \u00e7ekti. H\u00fck\u00fcmet d\u00fc\u015ft\u00fc. \u015eimdi L\u00fctf\u00fc Mestan ile Sergey Stani\u015fev\u2019in konu\u015fmad\u0131klar\u0131 gibi Delyan Peevski ile Tsvetan vasilev de birbirini g\u00f6rmek istemiyorlar.<\/p>\n<p>&nbsp;<\/p>\n<p>\u00dcstelik Ts. Vasilev,\u00a0 H\u00d6H milletvekili D. Peevski\u2019yi \u00f6ld\u00fcrtmeye azmetti. Ba\u015f\u0131 i\u00e7in 500\u00a0000 (be\u015f y\u00fcz bin) Euro fiyat kesti. Tabancalar\u0131n patlamadan kubura girmesi bir ay zaman ald\u0131.<\/p>\n<p>&nbsp;<\/p>\n<p>Tehdit ard\u0131na gizlenmek istenen ger\u00e7ek \u015fuydu:<\/p>\n<p>(KTB) bankas\u0131 kazd\u0131\u011f\u0131 kuyuya kendi d\u00fc\u015ft\u00fc. \u015eu anda bankay\u0131 kurtaracak i\u015fler bir mekanizma bulunamad\u0131. Kaybolan para b\u00fct\u00e7enin % 15\u2019ine e\u015fittir. Leva &#8211; D\u00f6viz de\u011fer e\u015fitli\u011fini sabit tutan\u00a0 (bordo) da tehlikeye girdi. KTB m\u00fc\u015fterilerine tasarruflar\u0131n\u0131z\u0131n \u00fcst\u00fcne bir bardak so\u011fuk su i\u00e7iniz dedi\u011fi an <strong>ULUSAL AYAKLANMA <\/strong>kap\u0131dad\u0131r.<\/p>\n<p>&nbsp;<\/p>\n<p><strong>\u0130flas olay\u0131 politik sahneyi ve g\u00fc\u00e7ler dengesini allak bullak etti:\u00a0\u00a0\u00a0\u00a0\u00a0\u00a0\u00a0\u00a0\u00a0\u00a0\u00a0\u00a0\u00a0\u00a0 <\/strong><\/p><div id=\"bghab-277219232\" class=\"bghab-icerik-icine-30-paragraf bghab-entity-placement\"><script async src=\"\/\/pagead2.googlesyndication.com\/pagead\/js\/adsbygoogle.js?client=ca-pub-6203283170189293\" crossorigin=\"anonymous\"><\/script><ins class=\"adsbygoogle\" style=\"display:block; text-align:center;\" data-ad-client=\"ca-pub-6203283170189293\" \ndata-ad-slot=\"7303146466\" \ndata-ad-layout=\"in-article\"\ndata-ad-format=\"fluid\" data-full-width-responsive=\"true\"><\/ins>\n<script> \n(adsbygoogle = window.adsbygoogle || []).push({}); \n<\/script>\n<\/div>\n<p>&nbsp;<\/p>\n<ol>\n<li>Bulgaristan Sosyalist Partisi (BSP) kurultay\u0131 topland\u0131. S.Stani\u015fev\u2019in BSP Ba\u015fkanl\u0131\u011f\u0131ndan ayr\u0131ld\u0131. Parti i\u00e7i gerginlik artt\u0131. Daha \u015fiddetli zonklayan<\/li>\n<\/ol>\n<p>BSP-\u00c7\u0131banba\u015f\u0131 48. kurultayda biraz akt\u0131. Kurultayda T\u00fcrk delegeler konu\u015fmad\u0131. Parti ba\u015fkanl\u0131\u011f\u0131na 2. turda (Meclis Ba\u015fkan\u0131) Mihail Mihov se\u00e7ildi. Modern sol politikalar\u0131n art\u0131k sol kolu yukar\u0131 kald\u0131r\u0131p yumruk s\u0131kmakla y\u00fcr\u00fct\u00fclemeyece\u011fi bir daha g\u00f6r\u00fcld\u00fc. BSP i\u00e7ten i\u00e7e kaynamaya devam ediyor. Partiden ayr\u0131lan gruplar partile\u015fseler de se\u00e7men aras\u0131nda ilgi g\u00f6rm\u00fcyor.<\/p>\n<p>&nbsp;<\/p>\n<p>2.1.Nikolay Barekov\u2019un \u201c<strong>Sans\u00fcrs\u00fcz Bulgaristan<\/strong>\u201d Partisi de da\u011f\u0131l\u0131yor. Barekov\u2019un batak banka ba\u015fkan\u0131 Ts. Vasilev\u2019in bankas\u0131ndan her ay imzas\u0131z en az 300\u00a0000 (\u00fc\u00e7<\/p>\n<p>y\u00fcz bin) leva ald\u0131\u011f\u0131 ortaya \u00e7\u0131kt\u0131. Bankan\u0131n iflas\u0131 6 (alt\u0131) ayl\u0131k yeni partiyi \u00e7\u00f6kertti.<\/p>\n<p>&nbsp;<\/p>\n<p>2.2. \u00c7orap s\u00f6k\u00fc\u011f\u00fc, \u201c<strong>Sans\u00fcrs\u00fcz Bulgaristan<\/strong>\u201d\u0131 tescil ettirmek \u00fczere Sofya \u015eehir Mahkemesi\u2019ne sunulan T\u00fcz\u00fc\u011f\u00fcn, kurucu kurultayda kabul edilen <strong>Demokratik T\u00fcz\u00fck<\/strong> olmay\u0131p, Barekov\u2019a \u00e7ok \u00f6zel otoriter haklar sa\u011flayan <strong>ba\u015fka bir T\u00fcz\u00fck<\/strong> oldu\u011fu a\u00e7\u0131kland\u0131\u011f\u0131nda h\u0131zland\u0131 ve ulusal boyut ald\u0131. Bu partiyi kurduran da A. Do\u011fan\u2019d\u0131r. Nedeni, \u0131rk\u00e7\u0131 bir olu\u015fum olan\u00a0 \u201cAtaka\u201d partisi itibars\u0131zla\u015f\u0131nca, T\u00fcrklerer, \u0130slama ve GERB Ba\u015fkan\u0131 B. Borisov\u2019a kuduz k\u00f6pek gibi havlatmak i\u00e7in kuruldu. Se\u00e7im arifesinde \u00f6nce \u201cAtaka\u201d ile \u201cSans\u00fcrs\u00fcz Bulgaristan\u201d sepetlendi\u011fine g\u00f6re, GERB partisine \u00e7amur atacak ki\u015fi ve kurum kalmad\u0131.<\/p>\n<p>&nbsp;<\/p>\n<p>2.3.Bu geli\u015fmelerin seyrinde Barekov AB milletvekili se\u00e7ildi ve Bulgaristan\u2019dan ka\u00e7mak i\u00e7in ayakkab\u0131lar\u0131n\u0131 ba\u011fl\u0131yor.<\/p><div id=\"bghab-470873789\" class=\"bghab-icerik-icine-35-paragraf bghab-entity-placement\"><script async src=\"\/\/pagead2.googlesyndication.com\/pagead\/js\/adsbygoogle.js?client=ca-pub-6203283170189293\" crossorigin=\"anonymous\"><\/script><ins class=\"adsbygoogle\" style=\"display:block; text-align:center;\" data-ad-client=\"ca-pub-6203283170189293\" \ndata-ad-slot=\"7303146466\" \ndata-ad-layout=\"in-article\"\ndata-ad-format=\"fluid\" data-full-width-responsive=\"true\"><\/ins>\n<script> \n(adsbygoogle = window.adsbygoogle || []).push({}); \n<\/script>\n<\/div>\n<p>&nbsp;<\/p>\n<p>Bu geli\u015fmeler aynas\u0131nda sarka\u00e7 yerinden pek oynamad\u0131. Kamuoyu ajan dosyalar\u0131n\u0131 tam d\u00fcrm\u00fc\u015fken, iflas eden KTB bankas\u0131 i\u00e7indeki kredici dosyalar\u0131n\u0131n a\u00e7\u0131lmas\u0131 \u0131srar\u0131 aktifle\u015fti. Halk dilimizdeki \u201c<strong>fazla ka\u015f\u0131nma yara olur<\/strong>\u201d de\u011fimi an\u0131msand\u0131. Bug\u00fcn yan yana konsa 15 km uzun olan ajan dosyalar\u0131ndan pek bir \u015fey \u00e7\u0131kmasa da, \u00e7\u0131banba\u015f\u0131 akarken, irin i\u00e7inde inci arayanlar var. Bir halk\u0131n her evlad\u0131 ajan ya da katil olamaz! Hitler bile Einstein\u2019i, Hofmann\u2019\u0131 ve daha baz\u0131 Yahudileri \u00f6ld\u00fcrmemi\u015fti. Ajanlar\u0131 tasnif eden, kim devleti i\u00e7in, kim devleti ve halk\u0131na kar\u015f\u0131, ulusu yok etmeye \u00e7al\u0131\u015fm\u0131\u015f gibi temel konulara a\u00e7\u0131kl\u0131k getirilmesini isteyenler hakl\u0131d\u0131r. Halka ve devlete ihanet etmi\u015f olanlar, Anayasa ve yasalar\u0131 hi\u00e7e sayanlar, yarg\u0131y\u0131 rafa kald\u0131ranlar gizlendikleri inlerden \u00e7\u0131kmak zorundad\u0131r. Kirli su temiz suyu hala g\u00f6t\u00fcr\u00fcyor. Bu ne zamana kadar b\u00f6yle devam edebilir? Durum dayan\u0131lmaz olunca, i<strong>ri fareler \u2013 Ahmet Do\u011fan, Sergey Stani\u015fev, Nikolay Barekov, Tsetan Vasilev ve daha bir\u00e7oklar\u0131 Bulgaristan\u2019\u0131 terk edip ka\u00e7\u0131yor.<\/strong> 25 y\u0131ll\u0131k \u00e7\u00f6k\u00fc\u015f\u00fcn \u201ckahramanlar\u0131\u201d ka\u00e7acak m\u0131!? Yok olu\u015f dosyas\u0131 b\u00f6yle mi kapanacak?\u00a0 Sokaklar bombo\u015f, \u00fclkede insan kalmam\u0131\u015f. Vatan\u0131 terk edenler i\u00e7lerinde mimlenmi\u015flik ve su\u00e7luluk korkusu ta\u015f\u0131yorlar ki, hi\u00e7biri geri d\u00f6nmek istemiyor.<\/p>\n<p>&nbsp;<\/p>\n<p>Konumuzun biraz d\u0131\u015f\u0131na \u00e7\u0131karak, 25 y\u0131l sonra olsa da,\u00a0 kimin muhbir, kimin gammazc\u0131, kimin karalay\u0131c\u0131, kimin k\u0131\u015fk\u0131rt\u0131c\u0131, kimin ihanet\u00e7i oldu\u011funa bir daha bakal\u0131m. \u0130ngilizceden gelen intelligence yani (casusluk) teriminin \u00f6z\u00fcn\u00fc a\u00e7al\u0131m. Burada her \u015feyden \u00f6nce, anadilimiz T\u00fcrk\u00e7emize istihbarata ili\u015fkin kavramlar\u0131n Osmanl\u0131cadan sonra de\u011fi\u015fik dillerden girdi\u011finden belle\u011fimizde biraz terim kar\u0131\u015f\u0131kl\u0131\u011f\u0131 oldu\u011fu kan\u0131s\u0131nday\u0131m.<\/p>\n<p>\u0130kinci D\u00fcnya Sava\u015f\u0131ndan sonra kurulan ve almanca ad\u0131 \u201cNahrichtenagentur\u201d \u2013 (Haber Toplama Ajans\u0131) olan casusluk ajans\u0131, faaliyetini haber toplama terimi ard\u0131na gizlemi\u015fti.<\/p>\n<p>&nbsp;<\/p>\n<p>Sosyalist Bulgaristan, bu i\u015fi konu kom\u015fu ve yerli yabanc\u0131 insanlarla ilgili gerekli gereksiz, ulusal g\u00fcvenlik i\u00e7in hi\u00e7bir tehlike ula\u015ft\u0131rmayan bilgiler toplamaya indirgemi\u015fti. Gizli polis i\u015fleri Devlet G\u00fcvenli\u011fi \u201cDS\u201d ad\u0131 alt\u0131na s\u0131\u011f\u0131nd\u0131. Totaliter d\u00f6nemde muhbirlik, gammazlama, k\u00f6t\u00fcleme v.b. k\u0131l\u0131flar\u0131na girmi\u015ftir ki,\u00a0 neticede insanlar\u0131n birbirlerinden so\u011fumalar\u0131, dostluklar\u0131n bozulmas\u0131, kom\u015fuluk duvarlar\u0131n\u0131n y\u0131k\u0131lmas\u0131 gibi sonu\u00e7lar do\u011furdu. Giderek aileler par\u00e7aland\u0131 ve g\u00f6\u00e7ler oldu. Sinsi ve k\u00f6t\u00fc ama\u00e7l\u0131 kullan\u0131lan bilgiler bir\u00e7ok karde\u015fimizin y\u0131llarca s\u00fcrg\u00fcn ve zindanlar\u0131 boylamas\u0131na yol a\u00e7t\u0131. Bu asla istenmeyen bir etkinlik oldu\u011fu kadar, devlet eliyle \u00f6rg\u00fctlendi\u011fi i\u00e7in ailesine, soyuna, etnik k\u00f6kenlerine, halk toplulu\u011fu bilincine ve ulusal kimli\u011fimize ihanet eden, y\u00f6netici olarak ba\u015f\u0131m\u0131za sar\u0131lan tipler do\u011furdu. Bu kililer ki\u015fisel menfaatlerini T\u00fcrkl\u00fck \u00e7\u0131karlar\u0131m\u0131z\u0131n \u00f6n\u00fcne koydu. Onlar, T\u00fcrkl\u00fc\u011f\u00fc \u00e7\u00f6kerten ter\u00f6rle soy k\u0131r\u0131m\u0131na hizmet ettiler. Asl\u0131nda bu gibi k\u00f6t\u00fcl\u00fckleri yapmak i\u00e7in insan\u0131n ne zeki ne de ak\u0131ll\u0131 olmas\u0131 gerekir. Bir tek vicdan\u0131n\u0131 satmas\u0131 yeterlidir. Zeki ve ak\u0131ll\u0131 olan insano\u011fullu karde\u015fine k\u00f6t\u00fcl\u00fck yapmaz, soyuna ihanet etmez, birlik ve b\u00fct\u00fcnl\u00fck bozucusu olamaz. Bu ger\u00e7eklikte \u201c<strong>T\u00fcrk\u2019ten hain olmaz<\/strong>!\u201d de\u011fiminin k\u00f6kleri \u00e7ok derindir. Muhbirlik s\u00fcr\u00fcnen insanlar\u0131n i\u015fidir. Halk\u0131m\u0131z her zaman dimdik ayakta kalmay\u0131 ba\u015farm\u0131\u015ft\u0131r. Bu anlamda, 25 y\u0131ldan sonra da olsa yaram\u0131zdan irin akmaya ba\u015flad\u0131, umudumuz yaran\u0131n savmas\u0131, k\u00f6kten aklan\u0131p paklanmakt\u0131r.<\/p>\n<p>&nbsp;<\/p>\n<p>Bir de,\u00a0 \u015fu \u0130ngilizceden dilimize ge\u00e7en, <strong>casusluk<\/strong> kavram\u0131na bakal\u0131m. Kavram kar\u0131\u015f\u0131kl\u0131\u011f\u0131n\u0131 mutlaka a\u015fmam\u0131z gerekir. \u0130ntelligence yani casusluk terimi, <strong>\u00e7ok zeki, \u00f6ng\u00f6rebilen, zek\u00e2s\u0131n\u0131 akl\u0131yla y\u00f6nlendirip hedef ve strateji belirleyen 20\u201330 y\u0131l \u00f6ncesini a\u00e7\u0131k\u00e7a g\u00f6rebilen insanlar i\u00e7in kullan\u0131l\u0131r ve bir \u00f6vg\u00fc niteli\u011fini dile gelir.<\/strong> Bulgarcada zek\u00e2 s\u00f6z\u00fc ayr\u0131 bir terim olarak yok gibidir, olsa da kullan\u0131l\u0131\u015f\u0131 a\u00e7\u0131k anlaml\u0131 olmay\u0131p g\u00fcncel kullan\u0131m\u0131 seyrek ve ifadesizdir. Belki de bu \u00e7ekingenlik \u201c<strong>zeki adamdan korkmal\u0131<\/strong>\u201d de\u011fiminde gizlenir. \u00d6rne\u011fin Bulgar istihbarat\u0131 \u201cDS\u201d generalleri A. Do\u011fan\u2019\u0131 Rus d\u0131\u015f istihbarat\u0131 KGB\u2019ye \u00f6nerirken kendisi hakk\u0131nda sunduklar\u0131 hal terc\u00fcmesinde \u201c<strong>mudriy<\/strong>\u201d s\u00f6z\u00fcn\u00fc kullanm\u0131\u015ft\u0131r. Rus dilinde \u201c<strong>mudriy<\/strong>\u201d \u2013 ba\u015fkalar\u0131n\u0131n bilgeli\u011fine sahip olan ki\u015filer i\u00e7in kullan\u0131lan bir \u00f6vg\u00fc s\u00f6z\u00fcd\u00fcr. Ku\u015fkusuz bu da tart\u0131\u015fma kap\u0131s\u0131 a\u00e7an bir kavramd\u0131r. \u00c7\u00fcnk\u00fc ana dili T\u00fcrk\u00e7e olmayan, ana dilini bilmeyen, etni\u011finin \u00f6zg\u00fcn halk k\u00fclt\u00fcr\u00fcn\u00fc, edebiyat\u0131n\u0131, dinini, sanat\u0131n\u0131 tan\u0131mayan bir ki\u015fi ne kadar \u201c<strong>mudriy\u201d \u2013 bilge<\/strong>\u201d olursa olsun, zek\u00e2s\u0131nda onun kimlik k\u00f6klerinden gelen bir T\u00fcrk ve T\u00fcrkl\u00fck sahibi olmas\u0131 beklenemez. Bunun b\u00f6yle olmas\u0131 do\u011fald\u0131r. Ondan T\u00fcrk kimli\u011fi ve k\u00fclt\u00fcr\u00fcne yarar beklemek bo\u015f bir umuttur. \u0130\u015fte bizim 25 y\u0131ldan beri i\u00e7inde bocalad\u0131\u011f\u0131m\u0131z \u00e7eli\u015fki budur. \u00d6nce onun ad\u0131 \u201c<strong>Ahmet<\/strong>\u201d oldu\u011fundan bizden bilip toptan aldand\u0131k. Onu bizden biri sand\u0131k. Mahpushanelerde yatmas\u0131n\u0131 asl\u0131 sand\u0131k ve bir daha aldand\u0131k. A. Do\u011fan \u00f6rne\u011finde ismin \u00f6z de\u011fil, bi\u00e7im, \u015fekil, simge ifade etti\u011fi bilincine inemedik. Bulgar propagandas\u0131ndan etkilendik. 100 y\u0131l hi\u00e7bir T\u00fcrk\u00fc \u00f6vmeyen Bulgar radyo ve TV\u2019si birden bire \u201csokol\u201d (do\u011fan) deyince etkilendik. Yalanc\u0131 propaganda etkisi alt\u0131nda kald\u0131k. Sahte s\u00f6ylediklerini, hain birini bize \u201clider\u201d olarak kakalay\u0131p dayatt\u0131klar\u0131n\u0131 \u00e7\u00f6zemedik. Kavak a\u011fac\u0131ndan meyve bekledik. K\u0131z\u0131lc\u0131klar\u0131n nar portakal toplayaca\u011f\u0131m\u0131z\u0131 umduk. Asl\u0131nda b\u00fct\u00fcn mesele bizim, bize Bulgarlar taraf\u0131ndan sunulan algoritmay\u0131, (Ahmet bilmecesini)\u00a0 \u00e7\u00f6zemememizden, uyu\u015fuklu\u011fumuzdan, uyanamamam\u0131zdan kaynakland\u0131. Bizden zeki davran\u0131p bizi aldatarak uyutanlara k\u0131zmam\u0131za ve \u00f6fkelenmemize gerek yok. Biz bize hediye edilen kuma\u015f\u0131n y\u00fcz ve tersy\u00fcz\u00fcn\u00fc birbirinden ay\u0131ramad\u0131k. D\u00fc\u011f\u00fcnde bayramda on y\u00fcz\u00fcn\u00fc, kirlendi\u011finde ters y\u00fcz\u00fcn\u00fc giyeriz dedik, kendimizi aldatt\u0131k, oyalad\u0131k, kand\u0131r\u0131ld\u0131k\u2026 \u00c7eyrek as\u0131r b\u00f6yle ge\u00e7ti. Olay budur. Ama \u015fimdi bu sosyo-politik b\u00fcnyeden har\u0131l har\u0131l irin ak\u0131yor. \u00c7\u0131banba\u015f\u0131 nihayet patlad\u0131. \u0130ri s\u0131\u00e7anlar de\u011firmenden ka\u00e7\u0131yor.<\/p><div id=\"bghab-4035745284\" class=\"bghab-icerik-icine-40-paragraf bghab-entity-placement\"><script async src=\"\/\/pagead2.googlesyndication.com\/pagead\/js\/adsbygoogle.js?client=ca-pub-6203283170189293\" crossorigin=\"anonymous\"><\/script><ins class=\"adsbygoogle\" style=\"display:block; text-align:center;\" data-ad-client=\"ca-pub-6203283170189293\" \ndata-ad-slot=\"7303146466\" \ndata-ad-layout=\"in-article\"\ndata-ad-format=\"fluid\" data-full-width-responsive=\"true\"><\/ins>\n<script> \n(adsbygoogle = window.adsbygoogle || []).push({}); \n<\/script>\n<\/div>\n<p>&nbsp;<\/p>\n<p>\u015eu son geli\u015fmelere bir de (H\u00d6H &#8211; DPS) a\u00e7\u0131s\u0131ndan bakal\u0131m. 30 Temmuz g\u00fcn\u00fc L\u00fctf\u00fc Mestan h\u00fck\u00fcmet kurma teklifini Cumhurba\u015fkan\u0131 Plevneliev\u2019e geri \u00e7evirdi. \u201cDevleti Bakanlar Kurulu\u2019ndan daha \u00e7ok severiz!\u201d dedi. Bu devletin yak\u0131n ge\u00e7mi\u015fte bizi ezdi\u011fini, \u015fimdi de en do\u011fal haklar\u0131m\u0131z\u0131 vermedi\u011fini, tamamen unuttu. Onu dinlerken bir de \u201c<strong>Bayram de\u011fil seyran de\u011fil kaynanam beni neden \u00f6pt\u00fc<\/strong>\u201d s\u00f6z\u00fc geldi akl\u0131ma, \u00e7\u00fcnk\u00fc GERB ile H\u00d6H aras\u0131nda Meclis Genel Kurulunda ad\u0131m ad\u0131m yak\u0131nla\u015fma var. H\u00d6H hakk\u0131nda \u201c<strong>\u00e7\u0131karc\u0131\u201d, \u201ckand\u0131r\u0131c\u0131<\/strong>\u201d gibi s\u00f6zler i\u015fitiliyor. D\u00fcn S. Stani\u015fev\u2019le \u00f6p\u00fc\u015fen L. Mestan bug\u00fcn B. Borisov\u2019un kuca\u011f\u0131na m\u0131 oturmaya haz\u0131rlan\u0131yor. Bilinmez art\u0131k ama g\u00fcn\u00fcn sorusu budur.<\/p>\n<p>&nbsp;<\/p>\n<p><strong>Olay\u0131 \u00f6zetleyen bir masalla bitirmek istiyorum<\/strong>:<\/p>\n<p><strong>KURBA \u0130LE BAYKU\u015e<\/strong><\/p>\n<p>Bir leylek her g\u00fcn dereye inip g\u00f6l kurba\u011falardan birini kald\u0131r\u0131p gidermi\u015f.<\/p>\n<p>Her g\u00fcn bir tane, ard\u0131ndan bir tane daha derken kurba\u011falar azalmaya ba\u015flay\u0131nca, kar\u015f\u0131ki a\u011fac\u0131n kovu\u011fundan bakan bayku\u015fa sormu\u015flar:<\/p><div id=\"bghab-2749994439\" class=\"bghab-icerik-icine-45-paragraf bghab-entity-placement\"><script async src=\"\/\/pagead2.googlesyndication.com\/pagead\/js\/adsbygoogle.js?client=ca-pub-6203283170189293\" crossorigin=\"anonymous\"><\/script><ins class=\"adsbygoogle\" style=\"display:block; text-align:center;\" data-ad-client=\"ca-pub-6203283170189293\" \ndata-ad-slot=\"7303146466\" \ndata-ad-layout=\"in-article\"\ndata-ad-format=\"fluid\" data-full-width-responsive=\"true\"><\/ins>\n<script> \n(adsbygoogle = window.adsbygoogle || []).push({}); \n<\/script>\n<\/div>\n<p>&nbsp;<\/p>\n<p>&#8211;\u00a0\u00a0\u00a0\u00a0\u00a0\u00a0\u00a0\u00a0\u00a0 <strong>Bu gidi\u015f, gidi\u015f de\u011fil. Leylek bizi bitirecek! Ne yapal\u0131m?<\/strong><\/p>\n<p>&#8211;\u00a0\u00a0\u00a0\u00a0\u00a0\u00a0\u00a0\u00a0\u00a0 <strong>\u00dcz\u00fclecek bir \u015fey yok. Hepiniz ellerinizle ve ayaklar\u0131n\u0131zla birbirinize <\/strong><\/p>\n<p><strong>S\u0131ms\u0131k\u0131 \u00f6r\u00fcl\u00fcn. Hepinizi birden kald\u0131ramaz. Birbirinizden kopmad\u0131k\u00e7a size hi\u00e7bir \u015fey yapamaz. <\/strong>Cevab\u0131n\u0131 veren bayku\u015f kendinden memnun \u00f6tm\u00fc\u015f ve kurba\u011falar\u0131 izlemeye devam etmi\u015f\u2026<\/p>\n<p>&nbsp;<\/p>\n<p>Ertesi g\u00fcn kocaman bir leylek inmi\u015f ve kurba\u011falardan birini al\u0131nca hepsi y\u00fckselmeye ba\u015flam\u0131\u015f. O an biri:<\/p>\n<p>&#8211;\u00a0\u00a0 \u201c<strong>Hani kald\u0131ramayacakt\u0131<\/strong>?\u201d demi\u015f bayku\u015fa.<\/p><div id=\"bghab-3365108107\" class=\"bghab-icerik-icine-50-paragraf bghab-entity-placement\"><script async src=\"\/\/pagead2.googlesyndication.com\/pagead\/js\/adsbygoogle.js?client=ca-pub-6203283170189293\" crossorigin=\"anonymous\"><\/script><ins class=\"adsbygoogle\" style=\"display:block; text-align:center;\" data-ad-client=\"ca-pub-6203283170189293\" \ndata-ad-slot=\"7303146466\" \ndata-ad-layout=\"in-article\"\ndata-ad-format=\"fluid\" data-full-width-responsive=\"true\"><\/ins>\n<script> \n(adsbygoogle = window.adsbygoogle || []).push({}); \n<\/script>\n<\/div>\n<p>Bayku\u015fun cevab\u0131 \u015fu olmu\u015f:<\/p>\n<p>&#8211;\u00a0\u00a0\u00a0\u00a0\u00a0\u00a0\u00a0\u00a0\u00a0 <strong>Ah bir bilseniz ben hepinizden kurtulmay\u0131 ne zamandan beri istiyorum! <\/strong><\/p>\n<p><strong>\u00a0<\/strong><\/p>\n<p><strong>Bu masal derin anlaml\u0131. <\/strong><\/p>\n<p>Bir leylek olan BSP partisinin yerini bir bayku\u015f olan GERB partisi al\u0131rsa, bizimle ne olur?<\/p>\n<p>&#8211;<\/p><div id=\"bghab-3339420767\" class=\"bghab-icerik-icine-55-paragraf bghab-entity-placement\"><script async src=\"\/\/pagead2.googlesyndication.com\/pagead\/js\/adsbygoogle.js?client=ca-pub-6203283170189293\" crossorigin=\"anonymous\"><\/script><ins class=\"adsbygoogle\" style=\"display:block; text-align:center;\" data-ad-client=\"ca-pub-6203283170189293\" \ndata-ad-slot=\"7303146466\" \ndata-ad-layout=\"in-article\"\ndata-ad-format=\"fluid\" data-full-width-responsive=\"true\"><\/ins>\n<script> \n(adsbygoogle = window.adsbygoogle || []).push({}); \n<\/script>\n<\/div>\n<p>Yorumlamak istemiyorum. En iyi yorumcu zamand\u0131r. Bakmadan g\u00f6remeyiz. Siz d\u00fc\u015f\u00fcn\u00fcn. Biz vatan\u0131m\u0131zdan topluca kovulmu\u015f insanlar\u0131z. Ayn\u0131 \u00e7ekiyi \u00e7ekenler ayn\u0131 zek\u00e2ya sahiptir. Bu arada kolektif zek\u00e2 diye bir \u015fey yoktur. Herkes kendi sonucuna kendisi varmal\u0131d\u0131r. Biz bug\u00fcn s\u00fcr\u00fcn\u00fcyoruz derken, s\u00fcr\u00fcnen s\u00fcr\u00fcnenin halinden anlar, demek istiyorum. \u00c7ekimiz, ortak gelece\u011fimiz ayn\u0131d\u0131r. Kutlu olsun! \u0130rin s\u00f6k\u00fcld\u00fc ak\u0131yor, iri fareler de\u011firmenden ka\u00e7\u0131yor.<\/p>\n<div id=\"bghab-2156772563\" class=\"bghab-yazi-altinda bghab-entity-placement\"><script async src=\"https:\/\/pagead2.googlesyndication.com\/pagead\/js\/adsbygoogle.js\"><\/script>\r\n<!-- bghaber-yaz\u0131-sonu -->\r\n<ins class=\"adsbygoogle\"\r\n     style=\"display:block\"\r\n     data-ad-client=\"ca-pub-6203283170189293\"\r\n     data-ad-slot=\"4222328180\"\r\n     data-ad-format=\"auto\"\r\n     data-full-width-responsive=\"true\"><\/ins>\r\n<script>\r\n     (adsbygoogle = window.adsbygoogle || []).push({});\r\n<\/script><\/div><br style=\"clear: both; display: block; float: none;\"\/>","protected":false},"excerpt":{"rendered":"<p>Dr.Nedim B\u0130R\u0130NC\u0130 \u0130ri S\u0131\u00e7anlar De\u011firmenden Ka\u00e7\u0131yor. Ahmet Do\u011fan Bulgaristan\u2019\u0131 terk etti. Bankac\u0131 Tsvetan Vasilev\u2019i tutuklamak i\u00e7in k\u0131rm\u0131z\u0131 b\u00fclten \u00e7\u0131kard\u0131. Milletvekili Delyan Peevski Ahmet Do\u011fan\u2019\u0131n kay\u0131ts\u0131z<\/p>\n","protected":false},"author":13,"featured_media":0,"comment_status":"closed","ping_status":"closed","sticky":false,"template":"","format":"standard","meta":{"advanced_seo_description":"","jetpack_seo_html_title":"","jetpack_seo_noindex":false,"jetpack_seo_schema_type":"","_jetpack_newsletter_access":"","_jetpack_dont_email_post_to_subs":false,"_jetpack_newsletter_tier_id":0,"_jetpack_memberships_contains_paywalled_content":false,"_jetpack_feature_clip_id":0,"_jetpack_memberships_contains_paid_content":false,"footnotes":"","jetpack_post_was_ever_published":false},"categories":[6],"tags":[],"class_list":["post-10950","post","type-post","status-publish","format-standard","hentry","category-yorum"],"jetpack_sharing_enabled":true,"jetpack_likes_enabled":true,"jetpack-related-posts":[],"jetpack_shortlink":"https:\/\/wp.me\/pc2PfJ-2QC","jetpack_featured_media_url":"","_links":{"self":[{"href":"https:\/\/www.bghaber.org\/bghaber\/wp-json\/wp\/v2\/posts\/10950","targetHints":{"allow":["GET"]}}],"collection":[{"href":"https:\/\/www.bghaber.org\/bghaber\/wp-json\/wp\/v2\/posts"}],"about":[{"href":"https:\/\/www.bghaber.org\/bghaber\/wp-json\/wp\/v2\/types\/post"}],"author":[{"embeddable":true,"href":"https:\/\/www.bghaber.org\/bghaber\/wp-json\/wp\/v2\/users\/13"}],"replies":[{"embeddable":true,"href":"https:\/\/www.bghaber.org\/bghaber\/wp-json\/wp\/v2\/comments?post=10950"}],"version-history":[{"count":0,"href":"https:\/\/www.bghaber.org\/bghaber\/wp-json\/wp\/v2\/posts\/10950\/revisions"}],"wp:attachment":[{"href":"https:\/\/www.bghaber.org\/bghaber\/wp-json\/wp\/v2\/media?parent=10950"}],"wp:term":[{"taxonomy":"category","embeddable":true,"href":"https:\/\/www.bghaber.org\/bghaber\/wp-json\/wp\/v2\/categories?post=10950"},{"taxonomy":"post_tag","embeddable":true,"href":"https:\/\/www.bghaber.org\/bghaber\/wp-json\/wp\/v2\/tags?post=10950"}],"curies":[{"name":"wp","href":"https:\/\/api.w.org\/{rel}","templated":true}]}}