{"id":10946,"date":"2014-08-06T23:32:09","date_gmt":"2014-08-06T20:32:09","guid":{"rendered":"http:\/\/www.bghaber.org\/bghaber\/?p=10946"},"modified":"2014-08-06T23:32:09","modified_gmt":"2014-08-06T20:32:09","slug":"gundondu-partisi","status":"publish","type":"post","link":"https:\/\/www.bghaber.org\/bghaber\/gundondu-partisi\/","title":{"rendered":"G\u00fcnd\u00f6nd\u00fc Partisi"},"content":{"rendered":"<p>BGSAM<\/p>\n<p>Sizin oralarda g\u00fcnd\u00f6nd\u00fc (ay\u00e7i\u00e7e\u011fi) ekilir mi bilmem. Bizde tarla dolusu g\u00fcnd\u00f6nd\u00fc a\u00e7ar.<\/p>\n<p>G\u00fcnd\u00f6nd\u00fc i\u015finde birka\u00e7 \u00f6nemli nokta vard\u0131r. \u00c7ekirde\u011fi toplan\u0131p ambara girmeden g\u00fcnd\u00f6nd\u00fc hi\u00e7bir i\u015fe yaramaz. Romanya ve Moldova\u2019da g\u00fcnd\u00f6nd\u00fcler a\u00e7t\u0131\u011f\u0131nda ar\u0131lar tarlalara ak\u0131n eder. Oralarda sar\u0131 bal \u00e7ok me\u015fhurdur. Ham ya\u011f kokulu oldu\u011fundan bal\u0131 bizde pek tutulmaz. Konuk sofras\u0131na konmaz yani misafire tatt\u0131r\u0131lmaz. Bizde bu y\u00fczden ar\u0131lar g\u00fcnd\u00f6nd\u00fc otla\u011f\u0131na sal\u0131nmaz, pazarda g\u00fcnd\u00f6nd\u00fc bal\u0131 sat\u0131lmaz.<\/p>\n<p>Amac\u0131m size G\u00fcnd\u00f6nd\u00fc gibi d\u00f6nen Hak ve \u00d6zg\u00fcrl\u00fckler Hareketi Partisini anlatmakt\u0131r. O,<\/p>\n<p>1990\u2019da topraktan \u00e7\u0131kt\u0131\u011f\u0131nda dimdik uzayacak, bir iki \u00e7apadan sonra da iri g\u00f6me\u00e7 ba\u011flayacak havas\u0131 olu\u015ftu. \u00d6nce H\u00d6H partisi lider kadrosundan kimse \u015f\u00fcphelenmemi\u015fti. \u00c7\u00fcnk\u00fc topra\u011f\u0131n alt\u0131 karanl\u0131kt\u0131r. Tohumlar karanl\u0131kta patlar ve biter. Hi\u00e7 kimde tohumlar\u0131n de\u011fi\u015ftirildi\u011fini d\u00fc\u015f\u00fcnemedi. Halk\u0131m\u0131z tarlas\u0131na m\u0131s\u0131r ekmi\u015f, ama tohumlar patlayan m\u0131s\u0131r tohumuyla de\u011fi\u015ftirilmi\u015fti. \u0130lk kaz\u0131mda, ikinci kaz\u0131mda yapraklar hep ayn\u0131 oldu\u011fundan kimse bir \u015fey anlayamad\u0131. Gizli polis halk\u0131n evlatlar\u0131n\u0131 simgeleyen m\u0131s\u0131r tohumlar\u0131n\u0131n yerine polis ajan\u0131 olan patlayan m\u0131s\u0131r tohumlar\u0131yla yeralt\u0131nda gizlice de\u011fi\u015ftirerek, Bulgaristan M\u00fcsl\u00fcmanlar\u0131n\u0131 25 y\u0131l aldatabildi.<\/p><div id=\"bghab-107785898\" class=\"bghab-icerik-icine bghab-entity-placement\"><script async src=\"\/\/pagead2.googlesyndication.com\/pagead\/js\/adsbygoogle.js?client=ca-pub-6203283170189293\" crossorigin=\"anonymous\"><\/script><ins class=\"adsbygoogle\" style=\"display:block; text-align:center;\" data-ad-client=\"ca-pub-6203283170189293\" \ndata-ad-slot=\"7303146466\" \ndata-ad-layout=\"in-article\"\ndata-ad-format=\"fluid\" data-full-width-responsive=\"true\"><\/ins>\n<script> \n(adsbygoogle = window.adsbygoogle || []).push({}); \n<\/script>\n<\/div>\n<p>Bilirsiniz, m\u0131s\u0131r eksen birinci ve ikinci \u00e7apada seyreltilir, burada tohumlar s\u0131radan de\u011fi\u015ftirilmi\u015f oldu\u011fundan ne kadar seyreltsen de tarlada kalan hep onlar\u0131nd\u0131.<\/p>\n<p>Bu y\u00fczden <strong>g\u00fcnd\u00f6nd\u00fc<\/strong> dedim. \u00c7\u00fcnk\u00fc \u00e7apalan\u0131rken seyreltilmez, nas\u0131l bittiyse \u00f6yle uzar g\u00fcne\u015fe do\u011fru. H\u00d6H partisi ilk y\u0131llarda \u201c<strong>hakt\u0131r<\/strong>\u201d, \u201c<strong>h\u00fcrriyettir<\/strong>\u201d derken daha g\u00f6me\u00e7 ba\u011flamadan b\u00fcy\u00fck b\u00fcy\u00fck yapraklarla ye\u015ferdi. Demek istedi\u011fim hayvanlar\u0131n koklamad\u0131\u011f\u0131 kocaman yapraklar, kocaman g\u00f6me\u00e7 yapar umudu do\u011fdu. Bizi, hepimizi \u201c<strong>asl\u0131 olmayan laflarla<\/strong>\u201d kand\u0131rd\u0131. Sonu\u00e7 ortada. Hayat\u0131m\u0131zla hi\u00e7bir ilgisi olmayan, bizi yava\u015f yava\u015f\u00a0 yok etme politikas\u0131n\u0131 ger\u00e7ekle\u015ftirmeyi ama\u00e7layan \u201cBulgar Etnik Program\u0131\u201d yumurtlad\u0131 ki, 25 y\u0131l yerimizde sayd\u0131k. Bir k\u00f6yde bir T\u00fcrk Okulu a\u00e7\u0131lmad\u0131, bir okuma yurdu \u00e7al\u0131\u015ft\u0131r\u0131lmad\u0131, bir gazete \u00e7\u0131kar\u0131lmad\u0131, bir radyo c\u0131zlamad\u0131. Fiskos hepsi yalan\u2026<\/p>\n<p><strong>Bilirsiniz insanlar\u0131m\u0131z k\u0131s\u0131r hayvan\u0131, \u00e7i\u00e7ek d\u00f6ken meyve vermeyen a\u011f\u0131c\u0131 tutmaz<\/strong>.<\/p>\n<p>Biz bu H\u00d6H \u2013 DPS kalpazanl\u0131\u011f\u0131n\u0131 \u00e7ok sabrettik. Ben bu yaz\u0131mda, H\u00d6H partisini 1990\u2019larda yani ilk y\u0131llar\u0131nda Bulgaristan\u2019da T\u00fcrkl\u00fck boyu ye\u015ferdi\u011fi i\u00e7in ve sap\u0131 dimdik e\u011filip b\u00fck\u00fclmeden boy att\u0131\u011f\u0131ndan dolay\u0131 g\u00fcnd\u00f6nd\u00fc ile mukayese ettim. Daha dikkatli bak\u0131ld\u0131\u011f\u0131nda, bu partinin ilk 10 y\u0131l\u0131nda kimsenin tarlaya giremedi\u011fini hat\u0131rlay\u0131n. Kap\u0131 a\u00e7\u0131k, insanlar\u0131m\u0131z hep Vatandan kovuldu. \u00c7\u00fcnk\u00fc devletin ajan bek\u00e7ileri namuslu ve onurlu karde\u015flerimizi H\u00d6H politik tarlas\u0131na hi\u00e7 b\u0131rakmad\u0131lar. \u00c7apalama ve seyreltme i\u015flerini gizli polis te\u015fkilat\u0131n\u0131n merkez ve yerel kadrolar\u0131 (subaylar) yapt\u0131\u011f\u0131ndan, kendileri istenmeyen k\u00f6kleri \u00e7apas\u0131z susuz b\u0131rakt\u0131lar, kurutup tarla d\u0131\u015f\u0131na att\u0131lar. Hatta bir\u00e7oklar\u0131n\u0131 T\u00fcrkiye\u2019ye ve daha bir o kadar\u0131n\u0131 da Bat\u0131 Avrupa \u00fclkelerine kovdular. \u015eimdi Ahmet Do\u011fan\u2019\u0131n o\u011flu Dan\u00e7o Peevskli TV programlar\u0131ndan Benatova gibi gazeteciler, Avrupa \u00fclkelerinde Pazar gezip reportaj yaparken, \u201c<strong>Siz geri d\u00f6necek misiniz<\/strong>? Sorusunu soruyorlar. H\u00d6H i\u00e7inde bir korku var ki art\u0131yor, \u201c<strong>G\u00f6\u00e7menler y\u0131llard\u0131r para pul biriktiriyor, gelip de bizi \u00e7\u00f6pe atar m\u0131<\/strong>?\u201d korkusu yay\u0131l\u0131yor. Okuma yazma \u00f6\u011frenmesi engellenen bir halk\u0131n d\u00fc\u015f\u00fcnmesi mukayese ile de ba\u015flar, buras\u0131 ile oras\u0131n\u0131 k\u0131yaslayanlar, ekmek paras\u0131 bulmakta g\u00fc\u00e7l\u00fck \u00e7eken karde\u015flerimizin ger\u00e7ek durumunu, zorluklar\u0131n\u0131 g\u00f6r\u00fcyorlar. \u201c<strong>Lafla peynir gemisi y\u00fcr\u00fctmenin olanaks\u0131zl\u0131\u011f\u0131n\u0131 g\u00f6rmeyen kalmad\u0131!\u201d.<\/strong><\/p>\n<p>Yaz\u0131m\u0131 g\u00fcnd\u00f6nd\u00fc yerine yaln\u0131z m\u0131s\u0131rla \u00f6rg\u00fctleseydim, politik analizde, baharda ve yaz aylar\u0131nda m\u0131s\u0131r tarlas\u0131 olarak ye\u015feren ovada bir tek s\u00fct ba\u015fak m\u0131s\u0131r\u0131 bile olmad\u0131\u011f\u0131n\u0131, b\u00fct\u00fcn ba\u015faklar\u0131n patlayan m\u0131s\u0131r oldu\u011funu g\u00f6recektiniz. Demek istedi\u011fim, Hak ve \u00d6zg\u00fcrl\u00fckler Partisi 25 y\u0131ldan beri i\u015fe yarayan bir i\u015f yapmad\u0131. Kaynat\u0131lacak ya da k\u00f6ze s\u00fcr\u00fclecek d\u00f6rt m\u0131s\u0131r ko\u00e7an\u0131 bile yeti\u015ftiremedi.<\/p><div id=\"bghab-3061072861\" class=\"bghab-icerik-icine-10-paragraf bghab-entity-placement\"><script async src=\"\/\/pagead2.googlesyndication.com\/pagead\/js\/adsbygoogle.js?client=ca-pub-6203283170189293\" crossorigin=\"anonymous\"><\/script><ins class=\"adsbygoogle\" style=\"display:block; text-align:center;\" data-ad-client=\"ca-pub-6203283170189293\" \ndata-ad-slot=\"7303146466\" \ndata-ad-layout=\"in-article\"\ndata-ad-format=\"fluid\" data-full-width-responsive=\"true\"><\/ins>\n<script> \n(adsbygoogle = window.adsbygoogle || []).push({}); \n<\/script>\n<\/div>\n<p>Bulgaristan T\u00fcrk ve M\u00fcsl\u00fcmanlar\u0131n\u0131n do\u011fal ve evrensel insan haklar\u0131n\u0131, \u00f6zg\u00fcn haklar\u0131n\u0131, \u00f6zg\u00fcrl\u00fcklerini, anadil hakk\u0131n\u0131, \u00f6zg\u00fcn T\u00fcrk-\u0130slam k\u00fclt\u00fcrel sentezini, geleneksel T\u00fcrk \u00f6rf ve adetlerini, yerle\u015fik spesifik T\u00fcrk ya\u015fam tarz\u0131n\u0131, di\u011fer etniklerle ve ana ulusla etkile\u015fim bi\u00e7imlerini geli\u015ftirerek zenginle\u015ftirecek art\u0131k bir kadro bile kalmad\u0131\u011f\u0131n\u0131 yaz\u0131yorum. Biz T\u00fcrk\u2019\u00fcz, bir b\u00fcy\u00fck etnik topluluk oldu\u011fumuzdan\u00a0 ba\u015fka bir ulusun dili, dini ve k\u00fclt\u00fcr\u00fcyle ya\u015famam\u0131z imkans\u0131zd\u0131r.<\/p>\n<p>T\u00fcrk k\u00fclt\u00fcr\u00fc ta\u015f\u0131y\u0131c\u0131s\u0131 olmayan ama bu i\u015ften para al\u0131p emeklilik y\u0131llar\u0131n\u0131 dolduranlar aras\u0131nda H\u00d6H Genel Ba\u015fkan\u0131 L\u00fctf\u00fc Mestan\u2019\u0131n olmad\u0131\u011f\u0131 iddiam do\u011frudur. \u00d6nce Ahmet ard\u0131ndan L\u00fctf\u00fc bilmedikleri i\u015flerle u\u011fra\u015farak, Bulgar devletini oldu\u011fu gibi T\u00fcrk etnik az\u0131nl\u0131\u011f\u0131 da oyal\u0131yor. Ba\u015fka bir de\u011fi\u015fle ne i\u015f yap\u0131l\u0131rsa yap\u0131ls\u0131n, nas\u0131l raporlar verilirse verilsin, biz m\u0131s\u0131r \u00fcretmek istiyoruz, tarlam\u0131zdan ne ekmeklik ne de yemlim m\u0131s\u0131r toplayabiliyoruz.\u00a0 Her yer bizim i\u015fimize yaramayan patlayan m\u0131s\u0131r var.<\/p>\n<p>Ba\u015fka bir anlat\u0131mla yakla\u015f\u0131yorum. H\u00d6H partisi \u015fu g\u00f6nlerde yani 2014 y\u0131l\u0131n\u0131n 5 Ekim parlamento se\u00e7imlerinden \u00f6ncesi kadrosuz de\u011fildir. \u00dclkenin il ve il\u00e7e merkezlerinde y\u00fcksek maa\u015fl\u0131 devlet g\u00f6revlisi olarak atanm\u0131\u015f 500 adet H\u00d6H \/ DPS <strong>ana kadrosu<\/strong> var. Ne ki bu kadrolar se\u00e7menin nabz\u0131n\u0131 tutsa da, ne vicdan, ne haf\u0131za, ne bilin\u00e7, ne niyet ve ne de hedef olarak bu ki\u015filer bizden de\u011fildir. Onlar patlayan m\u0131s\u0131r \u00fcreticileridir. Biz ise, ekmeklik m\u0131s\u0131r \u00fcretiyoruz. M\u0131s\u0131r \u00fcretimi artt\u0131 kand\u0131rmac\u0131s\u0131yla bizi bitirmek istiyorlar.<\/p>\n<p>Burada s\u00f6z\u00fc edilenler H\u00d6H \/ DPS taraf\u0131ndan yeti\u015ftirilen T\u00fcrk ya da Pomak kadrolar de\u011fil,\u00a0 genelde eski polis ve subaylar aras\u0131ndan se\u00e7ilmi\u015f sad\u0131k elemanlard\u0131r. Devletin g\u00fcvendi\u011fi ki\u015filerdir. H\u00d6H \/DPS dalavereci y\u00f6netimine sad\u0131k ki\u015filerdir. Bu kadrolar H\u00d6H davas\u0131na engel olmak i\u00e7in g\u00f6revlendirmi\u015flerdir. Ruhlar\u0131 gizli polise ba\u011fl\u0131 ki\u015filerdir. \u015eu d\u00f6nemde kendi ceplerine parac\u0131k doldurmakla me\u015fguld\u00fcrler. Sat\u0131lm\u0131\u015f, sab\u0131kal\u0131, yarg\u0131s\u0131 kesinle\u015fmi\u015f hapis ka\u00e7a\u011f\u0131 milletvekili, mafya u\u015fa\u011f\u0131 ve oligar\u015fi yama\u011f\u0131 Sofya\u2019da devlet dairelerinde konakl\u0131 y\u00f6netim kadrolar\u0131 d\u0131\u015f\u0131nda i\u015fba\u015f\u0131nda, aile ge\u00e7indirebilecek yasal geliri olan H\u00d6H kadrosu yoktur. Bu kadrolar anlatmak istedi\u011fim patlayan m\u0131s\u0131rdand\u0131r. Ama bize ekmeklik ve yemlik m\u0131s\u0131r laz\u0131m, patlayan de\u011fil. T\u00fcrk, Pomak ve M\u00fcsl\u00fcman \u00c7ingen se\u00e7menle bu kadrolar\u0131n aras\u0131nda hi\u00e7bir ili\u015fki, ba\u011flant\u0131, yard\u0131m arama yolu yoktur. H\u00d6H \/DPS partisi halk\u0131m\u0131zdan tamamen kopmu\u015ftur. Yani bize gerekli olan ekmeklik m\u0131s\u0131rd\u0131r, H\u00d6H\u2019 \u00fcn politik tarlas\u0131ndan toplanan ise yaln\u0131z patlayan m\u0131s\u0131rd\u0131r. \u0130\u015fimize yaramayan bir \u00fcr\u00fcnd\u00fcr. H\u00d6H y\u00f6netimi Bulgaristan T\u00fcrklerinden tamamen kopmu\u015ftur.<\/p>\n<p>Yazd\u0131klar\u0131m\u0131n politik anlat\u0131m\u0131 \u015f\u00f6yledir: H\u00d6H\/DPS s\u00f6z\u00fcm ona \u201clideri\u201d A. Do\u011fan 1990\u2019l\u0131 y\u0131llar\u0131n ba\u015f\u0131nda \u201c<strong>BULGAR ETN\u0130K MODEL\u0130<\/strong>\u201d diye bir \u015fey icat etti. Hi\u00e7bir T\u00fcrk ve Pomak\u2019\u0131 hi\u00e7bir \u015feycik hizmeti dokunmayan zaman\u0131n\u0131 doldurmu\u015f ve \u00e7\u00f6p kutusunda duran bu modelin a\u00e7\u0131klamas\u0131 \u015fudur:<\/p><div id=\"bghab-1391855457\" class=\"bghab-icerik-icine-15-paragraf bghab-entity-placement\"><script async src=\"\/\/pagead2.googlesyndication.com\/pagead\/js\/adsbygoogle.js?client=ca-pub-6203283170189293\" crossorigin=\"anonymous\"><\/script><ins class=\"adsbygoogle\" style=\"display:block; text-align:center;\" data-ad-client=\"ca-pub-6203283170189293\" \ndata-ad-slot=\"7303146466\" \ndata-ad-layout=\"in-article\"\ndata-ad-format=\"fluid\" data-full-width-responsive=\"true\"><\/ins>\n<script> \n(adsbygoogle = window.adsbygoogle || []).push({}); \n<\/script>\n<\/div>\n<p>BULGAR G\u0130ZL\u0130 POL\u0130S\u0130 T\u00dcRKLER\u0130 VE POMAKLARI EZMEYE, ER\u0130TMEYE, AS\u0130M\u0130LE ETMEYE VE BULGARLA\u015eTIRMAYA DEVAM ETMEK \u0130\u00c7\u0130N B\u0130R S\u00d6ZDE T\u00dcRK PART\u0130S\u0130 KURDU. BU PART\u0130 HAK VE \u00d6ZG\u00dcRL\u00dcKLER PART\u0130S\u0130 OLARAK 24 YILDAN BER\u0130 T\u00dcKLER\u0130, POMAKLARI VE M\u00dcSL\u00dcMAN \u00c7\u0130NGENELER\u0130 Ezerken ALDATIYOR, ULUSALCI POL\u0130T\u0130KALARDA KULLANIYOR, S\u0130YASETE YEM ED\u0130YOR. BU PART\u0130 \u0130LE T\u00dcRK VE M\u00dcSL\u00dcMAN N\u00dcFUS ARASINDA H\u0130\u00c7 B\u0130R BA\u011eLANTI VE MENFAAT ORTAKLI\u011eI YOKTUR VE OLAMAZ. BU PART\u0130 T\u00dcKLER\u0130N VE POMAKLARIN T\u00dcM M\u00dcSL\u00dcMANLARIN MENFAATLER\u0130N\u0130 S\u00d6M\u00dcRMEK, KEND\u0130 YARARINA ALET ETMEK, HALKIMIN H\u0130\u00c7 B\u0130R HAKKINI TANIMAMAK \u0130\u00c7\u0130N KURULMU\u015eTUR. BU PART\u0130N\u0130N SAHTE Y\u00d6NET\u0130C\u0130LER\u0130 D\u00dcNYANIN VE T\u00dcRK\u0130YEN\u0130N G\u00d6Z\u00dcNE K\u00dcL ATIYORLAR. \u201c<strong>BULGAR ETN\u0130K MODEL\u0130\u201d YASAKLANMALIDIR<\/strong>, \u00c7\u00dcNK\u00dc H\u0130\u00c7 B\u0130R \u0130\u015eE YARAMADI\u011eI G\u0130B\u0130 ZAMANINI DOLDURMU\u015e VE AVRUPA B\u0130RL\u0130\u011e\u0130 YASALARINA TERS D\u00dc\u015eM\u00dc\u015eT\u00dcR. BULGAR\u0130STAN\u2019DA ULUSAL VE ETN\u0130K HALK TOPLULUKLARI SORUNLARININ DEMOKRAT\u0130K VE HALKA YARARLI \u00c7\u00d6Z\u00dcM\u00dcNE ENGELD\u0130R.<\/p>\n<p>Ger\u00e7ek durum g\u00fcnd\u00f6nd\u00fc \u00f6rne\u011finde \u015f\u00f6yle ortaya \u00e7\u0131kt\u0131. Biz G\u00fcnd\u00f6nd\u00fc Partisi Hak ve \u00d6zg\u00fcrl\u00fckler Hareketi g\u00fcne\u015fi aramak i\u00e7in yani 5 Ekim 2014 se\u00e7imlerinden sonra yeni iktidar ortakl\u0131\u011f\u0131 bulmak i\u00e7in, ba\u015f\u0131n\u0131 kald\u0131rd\u0131\u011f\u0131 ana kadar da hep \u201c<strong>ikiy\u00fczl\u00fc, ihanet\u00e7i, d\u00f6nekti<\/strong>\u201d ama siz bunu anlamak istemediniz. Kimse dirse\u011fin alt\u0131nda kol olmad\u0131\u011f\u0131n\u0131 g\u00f6stermek istemez. Kimse i\u00e7 y\u00fcz\u00fcn\u00fc a\u00e7mak istemez. Evet, H\u00d6H partisini olu\u015fturan siz siniz, ama aldat\u0131lm\u0131\u015fl\u0131\u011f\u0131n\u0131z\u0131 tan\u0131mak, itiraf etmek istemeyen de sizsiniz, sizdiniz. Ger\u00e7ekleri i\u015fittik\u00e7e, bu nedenle,\u00a0 hep b\u0131y\u0131k alt\u0131ndan g\u00fcl\u00fcmsediniz, hatta alay ettiniz. Say\u0131lar\u0131 her g\u00fcn artan okurlar\u0131m\u0131z bize inanmaya ba\u015flayana kadar zamsan gerekti.\u00a0 \u00c7\u00fcnk\u00fc g\u00fcnd\u00f6nd\u00fc ba\u015f\u0131n\u0131 (pete\u011fini) kald\u0131rana kadar k\u00f6k\u00fcne bak\u0131yordu. \u0130nsan\u0131m\u0131z da, \u201c<strong>k\u00f6k\u00fcne bakt\u0131k\u00e7a akl\u0131 ba\u015f\u0131na gelir, hayattan dersini al\u0131r<\/strong>\u201d zihniyetine kap\u0131ld\u0131.\u00a0 Bir \u015fey deyemedik, bekledik ve i\u015fte <strong>G\u00dcND\u00d6ND\u00dc BA\u015eINI KALDIRDI<\/strong>. Ve kime d\u00f6nd\u00fc?!<\/p>\n<p>D\u00fcn, bizim G\u00fcnd\u00f6nd\u00fc kafal\u0131 L\u00fctf\u00fc,\u00a0 Bulgaristan Sosyalist Partisi (BSP) ye bak\u0131yordu.\u00a0 Stani\u015fev ile Mestan \u00f6p\u00fc\u015f\u00fcyordu. Hani can ci\u011ferdiler! Hani yaln\u0131z analar\u0131 T\u00fcrk ve Bulgar kad\u0131n\u0131yd\u0131! Babalar\u0131 birdi! Ne oldu? G\u00fcnd\u00f6nd\u00fc ba\u015fl\u0131 Mestan GERB partisi Ba\u015fkan\u0131 B. Borisov\u2019un kuca\u011f\u0131na oturuverdi. O hi\u00e7 bilmedi\u011fi ve anlamad\u0131\u011f\u0131 i\u015flere bula\u015ft\u0131.<\/p>\n<p>\u201c<strong>Kahve diplomasi<\/strong>\u201d<\/p>\n<p>Avrupa diplomasi tarihine kahve Osmanl\u0131\u2019n\u0131n gerileme d\u00f6nemini ba\u015flatan Viyana Ku\u015fatmas\u0131 (XVI. as\u0131r) esnas\u0131nda, Sultan\u0131n diplomatlar\u0131 ile Avusturya Kral\u0131n\u0131n sefirleri aras\u0131nda \u015fehrin i\u00e7inden ge\u00e7en dev Tuna\u2019n\u0131n adac\u0131klar\u0131ndaki saraylar\u0131n birinde ba\u015flam\u0131\u015ft\u0131r. Avusturyal\u0131lar o zamana kadar kahvenin ne kokusunu ne de tad\u0131n\u0131 bilmiyordu. \u00c7ok be\u011fenmi\u015fler ve i\u015fleri uzatarak ara s\u0131na T\u00fcrk kahvesi sefas\u0131 ya\u015fayal\u0131m karar\u0131n\u0131 gizlice alm\u0131\u015flard\u0131. Bunu \u0130ngiliz Oksford \u00dcniversitesinde savunulan bir doktora tezinde okudum.<\/p><div id=\"bghab-575569754\" class=\"bghab-icerik-icine-20-paragraf bghab-entity-placement\"><script async src=\"\/\/pagead2.googlesyndication.com\/pagead\/js\/adsbygoogle.js?client=ca-pub-6203283170189293\" crossorigin=\"anonymous\"><\/script><ins class=\"adsbygoogle\" style=\"display:block; text-align:center;\" data-ad-client=\"ca-pub-6203283170189293\" \ndata-ad-slot=\"7303146466\" \ndata-ad-layout=\"in-article\"\ndata-ad-format=\"fluid\" data-full-width-responsive=\"true\"><\/ins>\n<script> \n(adsbygoogle = window.adsbygoogle || []).push({}); \n<\/script>\n<\/div>\n<p>Osmanl\u0131n\u0131n 400 y\u0131ll\u0131k \u00e7\u00f6k\u00fc\u015f d\u00f6nemi asl\u0131nda kahve diplomasi \u00e7a\u011f\u0131d\u0131r. Tarihimizin en verimsiz as\u0131rlar\u0131d\u0131r. Belki de bu esastan olacak, bizim orada \u00c7elekler k\u00f6y\u00fcne bir defas\u0131nda d\u00fc\u011f\u00fcne davet edilmi\u015ftim. Bizde ortaya yat\u0131r\u0131lan davul \u00fczerinde demir paralar\u0131n t\u0131ng\u0131rt\u0131s\u0131n\u0131n hemen ard\u0131ndan kahveler gelir. O y\u0131llarda ra\u011fbette olan \u00e7avdar kahvesiydi. A\u00e7\u0131lan konu hep \u201c<strong>\u015eu Osmanl\u0131y\u0131 nas\u0131l i\u00e7ip bitirdilerdi?<\/strong>\u201d \u0130bi\u015flerin Mehmet day\u0131 \u201c<strong>\u015eekerli kahveyle i\u00e7tiler<\/strong>\u201d cevab\u0131n\u0131 yap\u0131\u015ft\u0131rd\u0131. Herkes \u015f\u00f6yle bir duvara tavana bak\u0131n\u0131rken, sanki yukardan biri ya bu i\u015f tam \u00f6yledir,\u00a0 deyecekmi\u015f gibi bir hava olu\u015furdu. Ard\u0131ndan \u00d6mer a\u011falar\u0131n \u00d6mer aga \u201c<strong>Evet kahveyle i\u00e7ip bitirdile<\/strong>r\u201d diye ekledi. Kahvenin k\u00f6p\u00fc\u011f\u00fc sesli \u00e7ekildikten sonra \u00d6mer aga Top\u00e7ular\u0131n Yusuf\u2019un Yemenden d\u00f6n\u00fc\u015fte \u201c<strong>Arap Kahvesi<\/strong>\u201d getirdi\u011fini hat\u0131rlat\u0131r ve kendinden memnun \u201c\u00c7avdar Kahvesi\u201dnden bir yudum daha al\u0131rd\u0131. Bizde Osmanl\u0131 boyunca \u201c\u00e7avdar kahvesi\u201d i\u00e7ilmi\u015ftir, \u015fimdi en makbul\u00fc olan <strong>Mehmet Efendi Kahvesine<\/strong> ge\u00e7ilemeden \u201c<strong>ekspreso<\/strong>\u201d ya atland\u0131. Yani hakiki T\u00fcrk Kahvesi tad\u0131 evlerimize girip dilimize dama\u011f\u0131m\u0131za yap\u0131\u015famad\u0131.<\/p>\n<p>&nbsp;<\/p>\n<p>\u015eimdiki \u015fu Borisov &#8211; Mestan kahve sohbetleri XXI. y\u00fczy\u0131l boyunca s\u00fcrerse, bu i\u015fe ne \u015feker ne kahve dayan\u0131r. Ne de kaymak kal\u0131r. Biz T\u00fcrk olarak iyice eriyip biteriz. Zaten Mestan Rus klasik \u00c7ehov gibi \u201cke\u00e7i sakal\u0131\u201d salm\u0131\u015f, bize kime benzetecek pek belli de\u011fil. 2 y\u0131lda tek bir \u015fey icat etti. Kahve muhabbeti. Uzarsa i\u015fimize gelmez. Bu bir oyun ama Mestan\u2019da bu oyunu anlayacak ne zeka ne de dan\u0131\u015fman var!!!<\/p>\n<p>Olan hep ters oluyor. Ekmeklik m\u0131s\u0131r ektik patlayan m\u0131s\u0131r toplad\u0131k. Hak ve \u00d6zg\u00fcrl\u00fck dedik anadilsiz ve \u00f6z k\u00fclt\u00fcrs\u00fcz kald\u0131k. T\u00fcrk partisi (H\u00d6H) kurduk, Bulgar polisi partisi \u00e7\u0131kt\u0131. Do\u011fuya baks\u0131n, T\u00fcrkiye\u2019yi g\u00f6rs\u00fcn diye Ay\u00e7i\u00e7e\u011fi ektik, bir Stani\u015fev\u2019e bir Borisov\u2019a bakan g\u00fcnd\u00f6nd\u00fc bitti.<\/p>\n<p>Son g\u00fcnlerde bir ger\u00e7ek daha kabak \u00e7i\u00e7e\u011fi gibi a\u00e7t\u0131. \u015eu Kas\u0131m Dal\u2019 Ahmet ajanm\u0131\u015f, bilmezdim falan masallar\u0131yla T\u00fcrkiye\u2019den para koparay\u0131m diye yeni parti kurdu. Yeni se\u00e7imleri y\u00fczde y\u00fcz kazanamayaca\u011f\u0131n\u0131 anlayan B. Borisov tutturmas\u0131n m\u0131:\u00a0 Ben \u015fu \u201c<strong>Reformcu Blok<\/strong>\u201dtan yani Kasim Dal\u2019dan ayr\u0131lmam diye. Ne olacak \u015fimdi? <strong>Borisov bir koltukta iki T\u00fcrk karpuzu ta\u015f\u0131yabilecek mi<\/strong>? Olabilir ya bu d\u00fcnyada de\u011fi\u015fmeyen bir \u015fey yok. Boyko\u2019ya \u201c<strong>T\u00fcrk partileri art\u0131k kabakla\u015ft\u0131, ikisi de \u00e7edikli, bir koltukta ta\u015f\u0131yabilirsin<\/strong>,\u201d demi\u015f olabilirler. Zaten onun T\u00fcrk ve M\u00fcsl\u00fcmanlar konusunda hi\u00e7bir \u015fey yapmaya niyeti yok. Kabaklar\u0131 koltuk alt\u0131na al\u0131r, kesilip \u00e7ekirdeklerinin ekilmesine engel olur ve d\u00f6rt y\u0131lda \u00e7ekirdekler \u00e7\u00fcr\u00fcs\u00fcn ve \u015fu T\u00fcrk i\u015flerinden iyice kurtulal\u0131m diye bekler. Son hedef bu de\u011fil mi? G\u00fcnd\u00f6nd\u00fc partisinin bize faydas\u0131 i\u015fte bu kadar. Kas\u0131m Dal\u2019a gelince, dana anas\u0131n\u0131n yolunca y\u00fcr\u00fcr. \u015ea\u015f\u0131lacak bir \u015fey yok. Ahmet \u201c<strong>Baham adalar\u0131nda<\/strong>\u201d, o\u011flu Dan\u00e7o Beevski i\u015flerin ba\u015f\u0131nda, L\u00fctf\u00fc Mestan sol sa\u011f derken ne yapaca\u011f\u0131n\u0131 iyice \u015fa\u015f\u0131rm\u0131\u015f!!! Yeni bir Kurultay toplay\u0131p d\u00f6neklerin \u201cliderlerin\u201d, \u00e7otanaklar\u0131n, evlatl\u0131klar\u0131n, 5. 6. 7. kar\u0131lar\u0131n vs. hepsini politika \u00e7\u00f6p\u00fcne atma zaman\u0131 gelmedi mi? Ne Krall\u0131k, ne Sultanl\u0131k zaman\u0131nday\u0131z! Biz Balkanlar\u0131n en zeki insanlar\u0131y\u0131z. Tarihte hak etti\u011fimiz yeri birlikte bulal\u0131m.<\/p>\n<div id=\"bghab-1350553903\" class=\"bghab-yazi-altinda bghab-entity-placement\"><script async src=\"https:\/\/pagead2.googlesyndication.com\/pagead\/js\/adsbygoogle.js\"><\/script>\r\n<!-- bghaber-yaz\u0131-sonu -->\r\n<ins class=\"adsbygoogle\"\r\n     style=\"display:block\"\r\n     data-ad-client=\"ca-pub-6203283170189293\"\r\n     data-ad-slot=\"4222328180\"\r\n     data-ad-format=\"auto\"\r\n     data-full-width-responsive=\"true\"><\/ins>\r\n<script>\r\n     (adsbygoogle = window.adsbygoogle || []).push({});\r\n<\/script><\/div><br style=\"clear: both; display: block; float: none;\"\/>","protected":false},"excerpt":{"rendered":"<p>BGSAM Sizin oralarda g\u00fcnd\u00f6nd\u00fc (ay\u00e7i\u00e7e\u011fi) ekilir mi bilmem. Bizde tarla dolusu g\u00fcnd\u00f6nd\u00fc a\u00e7ar. G\u00fcnd\u00f6nd\u00fc i\u015finde birka\u00e7 \u00f6nemli nokta vard\u0131r. \u00c7ekirde\u011fi toplan\u0131p ambara girmeden g\u00fcnd\u00f6nd\u00fc hi\u00e7bir<\/p>\n","protected":false},"author":13,"featured_media":6093,"comment_status":"closed","ping_status":"closed","sticky":false,"template":"","format":"standard","meta":{"advanced_seo_description":"","jetpack_seo_html_title":"","jetpack_seo_noindex":false,"jetpack_seo_schema_type":"","_jetpack_newsletter_access":"","_jetpack_dont_email_post_to_subs":false,"_jetpack_newsletter_tier_id":0,"_jetpack_memberships_contains_paywalled_content":false,"_jetpack_feature_clip_id":0,"_jetpack_memberships_contains_paid_content":false,"footnotes":"","jetpack_post_was_ever_published":false},"categories":[6],"tags":[],"class_list":["post-10946","post","type-post","status-publish","format-standard","has-post-thumbnail","hentry","category-yorum"],"jetpack_sharing_enabled":true,"jetpack_likes_enabled":true,"jetpack-related-posts":[],"jetpack_shortlink":"https:\/\/wp.me\/pc2PfJ-2Qy","jetpack_featured_media_url":"https:\/\/i0.wp.com\/www.bghaber.org\/bghaber\/wp-content\/uploads\/2013\/09\/1-logo-yk.jpg?fit=552%2C531&ssl=1","_links":{"self":[{"href":"https:\/\/www.bghaber.org\/bghaber\/wp-json\/wp\/v2\/posts\/10946","targetHints":{"allow":["GET"]}}],"collection":[{"href":"https:\/\/www.bghaber.org\/bghaber\/wp-json\/wp\/v2\/posts"}],"about":[{"href":"https:\/\/www.bghaber.org\/bghaber\/wp-json\/wp\/v2\/types\/post"}],"author":[{"embeddable":true,"href":"https:\/\/www.bghaber.org\/bghaber\/wp-json\/wp\/v2\/users\/13"}],"replies":[{"embeddable":true,"href":"https:\/\/www.bghaber.org\/bghaber\/wp-json\/wp\/v2\/comments?post=10946"}],"version-history":[{"count":0,"href":"https:\/\/www.bghaber.org\/bghaber\/wp-json\/wp\/v2\/posts\/10946\/revisions"}],"wp:featuredmedia":[{"embeddable":true,"href":"https:\/\/www.bghaber.org\/bghaber\/wp-json\/wp\/v2\/media\/6093"}],"wp:attachment":[{"href":"https:\/\/www.bghaber.org\/bghaber\/wp-json\/wp\/v2\/media?parent=10946"}],"wp:term":[{"taxonomy":"category","embeddable":true,"href":"https:\/\/www.bghaber.org\/bghaber\/wp-json\/wp\/v2\/categories?post=10946"},{"taxonomy":"post_tag","embeddable":true,"href":"https:\/\/www.bghaber.org\/bghaber\/wp-json\/wp\/v2\/tags?post=10946"}],"curies":[{"name":"wp","href":"https:\/\/api.w.org\/{rel}","templated":true}]}}