{"id":10942,"date":"2014-08-05T17:15:42","date_gmt":"2014-08-05T14:15:42","guid":{"rendered":"http:\/\/www.bghaber.org\/bghaber\/?p=10942"},"modified":"2019-07-10T18:02:58","modified_gmt":"2019-07-10T16:02:58","slug":"tarimda-yeni-subvansiyon-semasi","status":"publish","type":"post","link":"https:\/\/www.bghaber.org\/bghaber\/tarimda-yeni-subvansiyon-semasi\/","title":{"rendered":"Tar\u0131mda yeni s\u00fcbvansiyon \u015femas\u0131"},"content":{"rendered":"<p>Br\u00fcksel\u2019de sunulmas\u0131 gereken son s\u00fcre dolmadan \u00f6nce h\u00fck\u00fcmet 2014 -2020 d\u00f6neminde tar\u0131m alan\u0131nda s\u00fcbvansiyonlar\u0131n payla\u015f\u0131m\u0131na ait \u015femay\u0131 onaylad\u0131.\u0130stifa eden Tar\u0131m Bakan\u0131 Dimit\u0131r Grekov\u2019un s\u00f6zlerine g\u00f6re \u015fema olduk\u00e7a adil. De\u011fi\u015fikliklerin amac\u0131 \u00e7ift\u00e7ilere sa\u011flanan destekler aras\u0131nda b\u00fcy\u00fck farkl\u0131klar\u0131 ortadan kald\u0131rmak. <!--more--><a href=\"https:\/\/i0.wp.com\/www.bghaber.org\/bghaber\/wp-content\/uploads\/2013\/05\/tarla.jpg\"><img data-recalc-dims=\"1\" loading=\"lazy\" decoding=\"async\" class=\"alignleft size-medium wp-image-1492\" src=\"https:\/\/i0.wp.com\/www.bghaber.org\/bghaber\/wp-content\/uploads\/2013\/05\/tarla-300x177.jpg?resize=300%2C177\" alt=\"tarla-arazi\" width=\"300\" height=\"177\" srcset=\"https:\/\/i0.wp.com\/www.bghaber.org\/bghaber\/wp-content\/uploads\/2013\/05\/tarla.jpg?resize=300%2C177&amp;ssl=1 300w, https:\/\/i0.wp.com\/www.bghaber.org\/bghaber\/wp-content\/uploads\/2013\/05\/tarla.jpg?w=325&amp;ssl=1 325w\" sizes=\"auto, (max-width: 300px) 100vw, 300px\" \/><\/a>\u015eimdiye kadar nas\u0131ld\u0131? Arazi ba\u015f\u0131na do\u011frudan \u00f6demelerin yakla\u015f\u0131k %80\u2019i tar\u0131m \u00fcreticilerinin %4-5\u2019nin eline ge\u00e7ti. Bak\u0131n neler meydana \u00e7\u0131kt\u0131? Bulgaristan ve Romanya\u2019da AB \u00fclkelerine k\u0131yasla \u00e7ok az say\u0131da fakat \u00e7ok b\u00fcy\u00fck dev \u00e7iftlikler varken, di\u011ferleri \u00e7ok ufak hem de \u00e7ok say\u0131da. Ve tabii ki b\u00f6yle bir durumda \u00f6demeler de pek adil \u015fikilde da\u011f\u0131t\u0131lmad\u0131.<\/p>\n<p>\u0130\u015fte bu sorunun giderilmesi i\u00e7in Bulgar h\u00fck\u00fcmeti AB s\u00fcbvansiyonlar\u0131n tavan\u0131n\u0131 belirledi. Yani bir \u00e7ift\u00e7inin alabilece\u011fi en fazla para 300 bin Avro olarak s\u0131n\u0131rland\u0131. \u00c7ift\u00e7i ba\u015f\u0131na sa\u011flanan 150 -300 bin Avro\u2019luk yard\u0131mlar ise %5 azalt\u0131lacak. Yeni \u015femaya gore 300 dekar toprak sahipleri ek oalrak dekar ba\u015f\u0131na 15 leva alacak, toplam yard\u0131m 45 leva oluyor. Yani en \u00e7ok rastlanan bu 300 dekarl\u0131k \u00e7iftlikler en karl\u0131 bu i\u015ften. \u015eimdi tabi gene sahtekarlar harekete ge\u00e7ti. Hemen arazilerini 300 dekara indirmeye ba\u015flad\u0131lar. Son bilgilere g\u00f6re y\u0131l ba\u015f\u0131ndan bu yana 30 hektara kadar arazi sahipleri 16 bin artm\u0131\u015f.<\/p>\n<p>En ufak \u00e7it\u00e7ilere 0.5 -3 hektarl\u0131k tarla sahipleri i\u00e7in y\u0131lda ek olarak 1250 Avro destek \u00f6neriliyor. Tar\u0131m toplulu\u011funun bir k\u0131sm\u0131na g\u00f6re b\u00f6yle bir destek k\u00fc\u00e7\u00fck \u00e7iftliklerin ayakta kalmalar\u0131n\u0131 sa\u011flayacak, ancak kendilerini geli\u015ftirme yerine ayn\u0131 seviyede kalmalar\u0131n\u0131 te\u015fvik edecek. Baz\u0131lar\u0131 ise bunu se\u00e7im \u00f6ncesi oy sat\u0131n alma tekni\u011fi olarak g\u00f6rd\u00fc. Bundan dolay\u0131 bir terim uygulanacak- \u201caktif \u00e7it\u00e7i\u201d. Yani tar\u0131m \u00fcreticisi olarak kayd\u0131n olacak ve tora\u011f\u0131n en az y\u00fczde 50\u2019sini i\u015flemelidir. Gelirinin en az\u0131ndan \u00fc\u00e7te birini tar\u0131m sayesinde sa\u011flamal\u0131d\u0131r.<\/p>\n<p>Bundan ba\u015fka \u015fimdiye kadar k\u00fc\u00e7\u00fcmsenen sekt\u00f6rlere yard\u0131m verilecek. Mesela meyve, sebze \u00fcretimi ve hayvanc\u0131l\u0131kla u\u011fra\u015fanlara. Protein k\u00fclt\u00fcrleri \u00fcretimine de %2 s\u00fcbvansiyon ayr\u0131lacak. Bio \u00fcretimi , kovanc\u0131l\u0131k , eterik k\u00fclt\u00fcrlere daha fazla ilgi g\u00f6sterilecek.<\/p>\n<p>Yeni \u015femada bir ba\u015fka \u00f6ncelik de gen\u00e7 \u00e7if\u00e7iler olacak. Gen\u00e7 \u00e7ift\u00e7ilere destek sadece Bulgaristan\u2019\u0131n de\u011fil b\u00fct\u00fcn AB i\u00e7in ciddi bir sorundur. 2015 y\u0131l\u0131nda 40 ya\u015f\u0131na kadar \u00e7ift\u00e7ilere verilecek yard\u0131m %25 art\u0131r\u0131lacak. Bulgaristan\u2019da ilk 30 hektar i\u00e7in ge\u00e7erli olacak.<\/p><div id=\"bghab-1746899656\" class=\"bghab-icerik-icine bghab-entity-placement\"><script async src=\"\/\/pagead2.googlesyndication.com\/pagead\/js\/adsbygoogle.js?client=ca-pub-6203283170189293\" crossorigin=\"anonymous\"><\/script><ins class=\"adsbygoogle\" style=\"display:block; text-align:center;\" data-ad-client=\"ca-pub-6203283170189293\" \ndata-ad-slot=\"7303146466\" \ndata-ad-layout=\"in-article\"\ndata-ad-format=\"fluid\" data-full-width-responsive=\"true\"><\/ins>\n<script> \n(adsbygoogle = window.adsbygoogle || []).push({}); \n<\/script>\n<\/div>\n<p>Bulgaristan\u2019\u0131n do\u011frudan s\u00fcbvansiyon b\u00fct\u00e7esi 2014 -2020 d\u00f6neminde 5,3 milyar Avro\u2019ya var\u0131yor. Asl\u0131nda \u00fclkemizin toplam tar\u0131m b\u00fct\u00e7esi 7 bu\u00e7uk milyar Avro. Eski AB \u00fcyelerine bakarsak bize \u00e7ok daha az para veriliyor. Bulgar tar\u0131m \u00fcr\u00fcnlerinin d\u00fc\u015f\u00fck rekabetg\u00fcc\u00fc bundan kaynaklan\u0131yor.<\/p>\n<p>&nbsp;<\/p>\n<p>BNR<\/p>\n<div id=\"bghab-3644006257\" class=\"bghab-yazi-altinda bghab-entity-placement\"><script async src=\"https:\/\/pagead2.googlesyndication.com\/pagead\/js\/adsbygoogle.js\"><\/script>\r\n<!-- bghaber-yaz\u0131-sonu -->\r\n<ins class=\"adsbygoogle\"\r\n     style=\"display:block\"\r\n     data-ad-client=\"ca-pub-6203283170189293\"\r\n     data-ad-slot=\"4222328180\"\r\n     data-ad-format=\"auto\"\r\n     data-full-width-responsive=\"true\"><\/ins>\r\n<script>\r\n     (adsbygoogle = window.adsbygoogle || []).push({});\r\n<\/script><\/div><br style=\"clear: both; display: block; float: none;\"\/>","protected":false},"excerpt":{"rendered":"<p>Br\u00fcksel\u2019de sunulmas\u0131 gereken son s\u00fcre dolmadan \u00f6nce h\u00fck\u00fcmet 2014 -2020 d\u00f6neminde tar\u0131m alan\u0131nda s\u00fcbvansiyonlar\u0131n payla\u015f\u0131m\u0131na ait \u015femay\u0131 onaylad\u0131.\u0130stifa eden Tar\u0131m Bakan\u0131 Dimit\u0131r Grekov\u2019un s\u00f6zlerine g\u00f6re<\/p>\n","protected":false},"author":29,"featured_media":1492,"comment_status":"closed","ping_status":"closed","sticky":false,"template":"","format":"standard","meta":{"advanced_seo_description":"","jetpack_seo_html_title":"","jetpack_seo_noindex":false,"jetpack_seo_schema_type":"","_jetpack_newsletter_access":"","_jetpack_dont_email_post_to_subs":false,"_jetpack_newsletter_tier_id":0,"_jetpack_memberships_contains_paywalled_content":false,"_jetpack_feature_clip_id":0,"_jetpack_memberships_contains_paid_content":false,"footnotes":"","jetpack_post_was_ever_published":false},"categories":[9],"tags":[30],"class_list":["post-10942","post","type-post","status-publish","format-standard","has-post-thumbnail","hentry","category-ekonomi","tag-bulgaristan"],"jetpack_sharing_enabled":true,"jetpack_likes_enabled":true,"jetpack-related-posts":[],"jetpack_shortlink":"https:\/\/wp.me\/pc2PfJ-2Qu","jetpack_featured_media_url":"https:\/\/i0.wp.com\/www.bghaber.org\/bghaber\/wp-content\/uploads\/2013\/05\/tarla.jpg?fit=325%2C192&ssl=1","_links":{"self":[{"href":"https:\/\/www.bghaber.org\/bghaber\/wp-json\/wp\/v2\/posts\/10942","targetHints":{"allow":["GET"]}}],"collection":[{"href":"https:\/\/www.bghaber.org\/bghaber\/wp-json\/wp\/v2\/posts"}],"about":[{"href":"https:\/\/www.bghaber.org\/bghaber\/wp-json\/wp\/v2\/types\/post"}],"author":[{"embeddable":true,"href":"https:\/\/www.bghaber.org\/bghaber\/wp-json\/wp\/v2\/users\/29"}],"replies":[{"embeddable":true,"href":"https:\/\/www.bghaber.org\/bghaber\/wp-json\/wp\/v2\/comments?post=10942"}],"version-history":[{"count":0,"href":"https:\/\/www.bghaber.org\/bghaber\/wp-json\/wp\/v2\/posts\/10942\/revisions"}],"wp:featuredmedia":[{"embeddable":true,"href":"https:\/\/www.bghaber.org\/bghaber\/wp-json\/wp\/v2\/media\/1492"}],"wp:attachment":[{"href":"https:\/\/www.bghaber.org\/bghaber\/wp-json\/wp\/v2\/media?parent=10942"}],"wp:term":[{"taxonomy":"category","embeddable":true,"href":"https:\/\/www.bghaber.org\/bghaber\/wp-json\/wp\/v2\/categories?post=10942"},{"taxonomy":"post_tag","embeddable":true,"href":"https:\/\/www.bghaber.org\/bghaber\/wp-json\/wp\/v2\/tags?post=10942"}],"curies":[{"name":"wp","href":"https:\/\/api.w.org\/{rel}","templated":true}]}}