{"id":10940,"date":"2014-08-05T16:47:12","date_gmt":"2014-08-05T13:47:12","guid":{"rendered":"http:\/\/www.bghaber.org\/bghaber\/?p=10940"},"modified":"2019-07-10T18:02:58","modified_gmt":"2019-07-10T16:02:58","slug":"kapikule-yolunda-tir-kuyrugu-tarih-olacak","status":"publish","type":"post","link":"https:\/\/www.bghaber.org\/bghaber\/kapikule-yolunda-tir-kuyrugu-tarih-olacak\/","title":{"rendered":"Kap\u0131kule yolunda TIR kuyru\u011fu tarih olacak"},"content":{"rendered":"<p>Kap\u0131kule S\u0131n\u0131r Kap\u0131s\u0131\u2019na giden uluslararas\u0131 yolda olu\u015fan TIR kuyru\u011fu tarih olacak. T\u00fcrkiye ihracat\u0131n\u0131n \u00f6nemli bir b\u00f6l\u00fcm\u00fc kara g\u00fcmr\u00fck kap\u0131lar\u0131 \u00fczerinden yap\u0131l\u0131yor. Y\u00fczlerce TIR, T\u00fcrkiye\u2019nin farkl\u0131 illerinden ald\u0131\u011f\u0131 y\u00fck\u00fc Avrupa \u00fclkelerine ta\u015f\u0131yor. Avrupa ge\u00e7i\u015flerde ise en fazla Kap\u0131kule S\u0131n\u0131r Kap\u0131s\u0131 ve Kapitan Andreevo g\u00fcmr\u00fc\u011f\u00fcnden yap\u0131l\u0131yor. <!--more--><a href=\"https:\/\/i0.wp.com\/www.bghaber.org\/bghaber\/wp-content\/uploads\/2014\/02\/TIR.jpg\"><img data-recalc-dims=\"1\" loading=\"lazy\" decoding=\"async\" class=\"alignleft size-medium wp-image-8893\" src=\"https:\/\/i0.wp.com\/www.bghaber.org\/bghaber\/wp-content\/uploads\/2014\/02\/TIR-300x187.jpg?resize=300%2C187\" alt=\"TIR\" width=\"300\" height=\"187\" srcset=\"https:\/\/i0.wp.com\/www.bghaber.org\/bghaber\/wp-content\/uploads\/2014\/02\/TIR.jpg?resize=300%2C187&amp;ssl=1 300w, https:\/\/i0.wp.com\/www.bghaber.org\/bghaber\/wp-content\/uploads\/2014\/02\/TIR.jpg?w=462&amp;ssl=1 462w\" sizes=\"auto, (max-width: 300px) 100vw, 300px\" \/><\/a>G\u00fcnde ortalama bu kap\u0131lar\u0131ndan 600 ile 800 aras\u0131nda de\u011fi\u015fen TIR ge\u00e7iyor. Bulgaristan g\u00fcmr\u00fc\u011f\u00fcndeki yava\u015f al\u0131mlar, g\u00fcmr\u00fck kap\u0131lar\u0131ndaki teknik ar\u0131zalar ve s\u00fcr\u00fcc\u00fclerin dinlenmek istemeleri gibi nedenlerden dolay\u0131 Kap\u0131kule yolunda zaman zaman uzun TIR kuyru\u011fu olu\u015fuyor.<br \/>\nKap\u0131kule yolunda olu\u015fan ara\u00e7 kuyru\u011funun sona erdirilmesi i\u00e7in bir \u00e7al\u0131\u015fma ba\u015flat\u0131ld\u0131. Konuyla ilgili bir a\u00e7\u0131klama yapan Edirne Valisi Dursun Ali \u015eahin, 2-3 y\u0131ldan bu yana TIR park\u0131 \u00e7al\u0131\u015fmas\u0131n\u0131n yap\u0131ld\u0131\u011f\u0131n\u0131 ve bu kapsamda 150 d\u00f6n\u00fcml\u00fck alan\u0131n temininin sa\u011fland\u0131\u011f\u0131n\u0131 s\u00f6yledi.<br \/>\nProjenin \u00c7evre ve \u015eehircilik Bakanl\u0131\u011f\u0131 taraf\u0131ndan onayland\u0131\u011f\u0131n\u0131 belirten \u015eahin, \u201cBayramdan sonra TIR park\u0131n\u0131n y\u00fcr\u00fcrl\u00fc\u011fe girmesiyle yurt d\u0131\u015f\u0131na \u00e7\u0131k\u0131\u015fta art\u0131k yol boyunca park etti\u011fini ve kuyru\u011fu kesinlikle g\u00f6rmeyece\u011fiz. TIR\u2019lar\u0131n parklara girmesiyle kuyruklar tarih olacak. TIR s\u00fcr\u00fcc\u00fcleri i\u00e7in de \u00f6nemlidir. Orada zaruri ihtiya\u00e7lar\u0131n\u0131 temin i\u00e7in tesislerin olmas\u0131 i\u00e7in, medeni ihtiya\u00e7lar\u0131n\u0131 \u00e7ok uygun bir fiyata giderecek ve dinlenmeleri sa\u011flanm\u0131\u015f olacakt\u0131r.\u201d diye konu\u015ftu.<\/p>\n<p>&nbsp;<\/p>\n<p>C\u0130HAN<\/p>\n<div id=\"bghab-4151676611\" class=\"bghab-yazi-altinda bghab-entity-placement\"><script async src=\"https:\/\/pagead2.googlesyndication.com\/pagead\/js\/adsbygoogle.js\"><\/script>\r\n<!-- bghaber-yaz\u0131-sonu -->\r\n<ins class=\"adsbygoogle\"\r\n     style=\"display:block\"\r\n     data-ad-client=\"ca-pub-6203283170189293\"\r\n     data-ad-slot=\"4222328180\"\r\n     data-ad-format=\"auto\"\r\n     data-full-width-responsive=\"true\"><\/ins>\r\n<script>\r\n     (adsbygoogle = window.adsbygoogle || []).push({});\r\n<\/script><\/div><br style=\"clear: both; display: block; float: none;\"\/>","protected":false},"excerpt":{"rendered":"<p>Kap\u0131kule S\u0131n\u0131r Kap\u0131s\u0131\u2019na giden uluslararas\u0131 yolda olu\u015fan TIR kuyru\u011fu tarih olacak. T\u00fcrkiye ihracat\u0131n\u0131n \u00f6nemli bir b\u00f6l\u00fcm\u00fc kara g\u00fcmr\u00fck kap\u0131lar\u0131 \u00fczerinden yap\u0131l\u0131yor. Y\u00fczlerce TIR, T\u00fcrkiye\u2019nin farkl\u0131<\/p>\n","protected":false},"author":29,"featured_media":8893,"comment_status":"closed","ping_status":"closed","sticky":false,"template":"","format":"standard","meta":{"advanced_seo_description":"","jetpack_seo_html_title":"","jetpack_seo_noindex":false,"jetpack_seo_schema_type":"","_jetpack_newsletter_access":"","_jetpack_dont_email_post_to_subs":false,"_jetpack_newsletter_tier_id":0,"_jetpack_memberships_contains_paywalled_content":false,"_jetpack_feature_clip_id":0,"_jetpack_memberships_contains_paid_content":false,"footnotes":"","jetpack_post_was_ever_published":false},"categories":[5],"tags":[],"class_list":["post-10940","post","type-post","status-publish","format-standard","has-post-thumbnail","hentry","category-yasam"],"jetpack_sharing_enabled":true,"jetpack_likes_enabled":true,"jetpack-related-posts":[],"jetpack_shortlink":"https:\/\/wp.me\/pc2PfJ-2Qs","jetpack_featured_media_url":"https:\/\/i0.wp.com\/www.bghaber.org\/bghaber\/wp-content\/uploads\/2014\/02\/TIR.jpg?fit=462%2C288&ssl=1","_links":{"self":[{"href":"https:\/\/www.bghaber.org\/bghaber\/wp-json\/wp\/v2\/posts\/10940","targetHints":{"allow":["GET"]}}],"collection":[{"href":"https:\/\/www.bghaber.org\/bghaber\/wp-json\/wp\/v2\/posts"}],"about":[{"href":"https:\/\/www.bghaber.org\/bghaber\/wp-json\/wp\/v2\/types\/post"}],"author":[{"embeddable":true,"href":"https:\/\/www.bghaber.org\/bghaber\/wp-json\/wp\/v2\/users\/29"}],"replies":[{"embeddable":true,"href":"https:\/\/www.bghaber.org\/bghaber\/wp-json\/wp\/v2\/comments?post=10940"}],"version-history":[{"count":0,"href":"https:\/\/www.bghaber.org\/bghaber\/wp-json\/wp\/v2\/posts\/10940\/revisions"}],"wp:featuredmedia":[{"embeddable":true,"href":"https:\/\/www.bghaber.org\/bghaber\/wp-json\/wp\/v2\/media\/8893"}],"wp:attachment":[{"href":"https:\/\/www.bghaber.org\/bghaber\/wp-json\/wp\/v2\/media?parent=10940"}],"wp:term":[{"taxonomy":"category","embeddable":true,"href":"https:\/\/www.bghaber.org\/bghaber\/wp-json\/wp\/v2\/categories?post=10940"},{"taxonomy":"post_tag","embeddable":true,"href":"https:\/\/www.bghaber.org\/bghaber\/wp-json\/wp\/v2\/tags?post=10940"}],"curies":[{"name":"wp","href":"https:\/\/api.w.org\/{rel}","templated":true}]}}