{"id":10936,"date":"2014-08-05T16:44:07","date_gmt":"2014-08-05T13:44:07","guid":{"rendered":"http:\/\/www.bghaber.org\/bghaber\/?p=10936"},"modified":"2019-07-10T18:02:58","modified_gmt":"2019-07-10T16:02:58","slug":"kristalina-georgieva-tekrar-bulgaristan-avrupa-komiseri-adayi","status":"publish","type":"post","link":"https:\/\/www.bghaber.org\/bghaber\/kristalina-georgieva-tekrar-bulgaristan-avrupa-komiseri-adayi\/","title":{"rendered":"Kristalina Georgieva tekrar Bulgaristan Avrupa Komiseri aday\u0131"},"content":{"rendered":"<p>Bug\u00fcn yeni ge\u00e7ici h\u00fck\u00fcmeti a\u00e7\u0131klayan Cumhurba\u015fkan\u0131 Rosen Plevneliev, teknokratlar h\u00fck\u00fcmetinin geni\u015f kapsaml\u0131 bir destek g\u00f6recek Avrupa Komisyonu Komiseri olmaya lay\u0131k bir aday g\u00f6sterece\u011fini belirtti. Bu g\u00f6reve Bulgaristan\u2019\u0131n aday\u0131n\u0131n eski Avrupa Komisyonu Komiseri Kristalina Georgieva olaca\u011f\u0131n\u0131 bildirdi. <!--more--><\/p>\n<p><a href=\"https:\/\/i0.wp.com\/www.bghaber.org\/bghaber\/wp-content\/uploads\/2014\/08\/kristalina-georgieva.jpg\"><img data-recalc-dims=\"1\" loading=\"lazy\" decoding=\"async\" class=\"alignleft size-medium wp-image-10938\" src=\"https:\/\/i0.wp.com\/www.bghaber.org\/bghaber\/wp-content\/uploads\/2014\/08\/kristalina-georgieva-248x300.jpg?resize=248%2C300\" alt=\"kristalina-georgieva\" width=\"248\" height=\"300\" srcset=\"https:\/\/i0.wp.com\/www.bghaber.org\/bghaber\/wp-content\/uploads\/2014\/08\/kristalina-georgieva.jpg?resize=248%2C300&amp;ssl=1 248w, https:\/\/i0.wp.com\/www.bghaber.org\/bghaber\/wp-content\/uploads\/2014\/08\/kristalina-georgieva.jpg?w=414&amp;ssl=1 414w\" sizes=\"auto, (max-width: 248px) 100vw, 248px\" \/><\/a>Ge\u00e7ici h\u00fck\u00fcmetin g\u00f6revlerinden birinin Georgieva\u2019n\u0131n adayl\u0131\u011f\u0131n\u0131 kald\u0131rmas\u0131 olaca\u011f\u0131n\u0131 duyurdu.<\/p>\n<p>Cumhurba\u015fkan\u0131, \u201cTekrar diyalog s\u00fcrecine ba\u015flamam\u0131z gerekir. Ge\u00e7ici h\u00fck\u00fcmet Bulgaristan\u2019\u0131n Avrupa Birli\u011fi ile 2014-2020 d\u00f6nemine ili\u015fkin i\u015fbirli\u011fi s\u00f6zle\u015fmesini sonland\u0131r\u0131p imzalayacak\u201d diye kaydetti.<\/p>\n<p>Prof. Georgi Blizna\u015fki\u2019nin Ba\u015fbakan olaca\u011f\u0131 ge\u00e7ici h\u00fck\u00fcmetin de \u00f6nceki Plamen Ore\u015farski h\u00fck\u00fcmeti gibi Georgieva\u2019n\u0131n Avrupa Komisyonu D\u0131\u015fi\u015flerinden Sorumlu Komiserlik adayl\u0131\u011f\u0131n\u0131 destekleyece\u011fi belli oldu. Fakat \u015fu ana kadar Bulgaristan Avrupa Komisyonu\u2019na komiser adayl\u0131\u011f\u0131 ba\u015fvurusunda bulunmam\u0131\u015ft\u0131.<\/p>\n<p>&nbsp;<\/p>\n<p>K\u0131rcaali Haber<\/p><div id=\"bghab-877792286\" class=\"bghab-icerik-icine bghab-entity-placement\"><script async src=\"\/\/pagead2.googlesyndication.com\/pagead\/js\/adsbygoogle.js?client=ca-pub-6203283170189293\" crossorigin=\"anonymous\"><\/script><ins class=\"adsbygoogle\" style=\"display:block; text-align:center;\" data-ad-client=\"ca-pub-6203283170189293\" \ndata-ad-slot=\"7303146466\" \ndata-ad-layout=\"in-article\"\ndata-ad-format=\"fluid\" data-full-width-responsive=\"true\"><\/ins>\n<script> \n(adsbygoogle = window.adsbygoogle || []).push({}); \n<\/script>\n<\/div>\n<div id=\"bghab-739478855\" class=\"bghab-yazi-altinda bghab-entity-placement\"><script async src=\"https:\/\/pagead2.googlesyndication.com\/pagead\/js\/adsbygoogle.js\"><\/script>\r\n<!-- bghaber-yaz\u0131-sonu -->\r\n<ins class=\"adsbygoogle\"\r\n     style=\"display:block\"\r\n     data-ad-client=\"ca-pub-6203283170189293\"\r\n     data-ad-slot=\"4222328180\"\r\n     data-ad-format=\"auto\"\r\n     data-full-width-responsive=\"true\"><\/ins>\r\n<script>\r\n     (adsbygoogle = window.adsbygoogle || []).push({});\r\n<\/script><\/div><br style=\"clear: both; display: block; float: none;\"\/>","protected":false},"excerpt":{"rendered":"<p>Bug\u00fcn yeni ge\u00e7ici h\u00fck\u00fcmeti a\u00e7\u0131klayan Cumhurba\u015fkan\u0131 Rosen Plevneliev, teknokratlar h\u00fck\u00fcmetinin geni\u015f kapsaml\u0131 bir destek g\u00f6recek Avrupa Komisyonu Komiseri olmaya lay\u0131k bir aday g\u00f6sterece\u011fini belirtti. Bu<\/p>\n","protected":false},"author":29,"featured_media":10938,"comment_status":"closed","ping_status":"closed","sticky":false,"template":"","format":"standard","meta":{"advanced_seo_description":"","jetpack_seo_html_title":"","jetpack_seo_noindex":false,"jetpack_seo_schema_type":"","_jetpack_newsletter_access":"","_jetpack_dont_email_post_to_subs":false,"_jetpack_newsletter_tier_id":0,"_jetpack_memberships_contains_paywalled_content":false,"_jetpack_feature_clip_id":0,"_jetpack_memberships_contains_paid_content":false,"footnotes":"","jetpack_post_was_ever_published":false},"categories":[1,4],"tags":[],"class_list":["post-10936","post","type-post","status-publish","format-standard","has-post-thumbnail","hentry","category-haberler","category-siyaset"],"jetpack_sharing_enabled":true,"jetpack_likes_enabled":true,"jetpack-related-posts":[],"jetpack_shortlink":"https:\/\/wp.me\/pc2PfJ-2Qo","jetpack_featured_media_url":"https:\/\/i0.wp.com\/www.bghaber.org\/bghaber\/wp-content\/uploads\/2014\/08\/kristalina-georgieva.jpg?fit=414%2C500&ssl=1","_links":{"self":[{"href":"https:\/\/www.bghaber.org\/bghaber\/wp-json\/wp\/v2\/posts\/10936","targetHints":{"allow":["GET"]}}],"collection":[{"href":"https:\/\/www.bghaber.org\/bghaber\/wp-json\/wp\/v2\/posts"}],"about":[{"href":"https:\/\/www.bghaber.org\/bghaber\/wp-json\/wp\/v2\/types\/post"}],"author":[{"embeddable":true,"href":"https:\/\/www.bghaber.org\/bghaber\/wp-json\/wp\/v2\/users\/29"}],"replies":[{"embeddable":true,"href":"https:\/\/www.bghaber.org\/bghaber\/wp-json\/wp\/v2\/comments?post=10936"}],"version-history":[{"count":0,"href":"https:\/\/www.bghaber.org\/bghaber\/wp-json\/wp\/v2\/posts\/10936\/revisions"}],"wp:featuredmedia":[{"embeddable":true,"href":"https:\/\/www.bghaber.org\/bghaber\/wp-json\/wp\/v2\/media\/10938"}],"wp:attachment":[{"href":"https:\/\/www.bghaber.org\/bghaber\/wp-json\/wp\/v2\/media?parent=10936"}],"wp:term":[{"taxonomy":"category","embeddable":true,"href":"https:\/\/www.bghaber.org\/bghaber\/wp-json\/wp\/v2\/categories?post=10936"},{"taxonomy":"post_tag","embeddable":true,"href":"https:\/\/www.bghaber.org\/bghaber\/wp-json\/wp\/v2\/tags?post=10936"}],"curies":[{"name":"wp","href":"https:\/\/api.w.org\/{rel}","templated":true}]}}