{"id":10564,"date":"2014-06-28T16:36:33","date_gmt":"2014-06-28T13:36:33","guid":{"rendered":"http:\/\/www.bghaber.org\/bghaber\/?p=10564"},"modified":"2014-07-03T11:51:24","modified_gmt":"2014-07-03T08:51:24","slug":"bulgaristanda-erken-secimler-5-ekimde-yapilacak","status":"publish","type":"post","link":"https:\/\/www.bghaber.org\/bghaber\/bulgaristanda-erken-secimler-5-ekimde-yapilacak\/","title":{"rendered":"Bulgaristan&#8217;da Erken Se\u00e7imler 5 Ekim&#8217;de Yap\u0131lacak"},"content":{"rendered":"<p><span style=\"color: #000000;\">Bulgaristan&#8217;da erken genel se\u00e7imler 5 Ekim&#8217;de olacak. Parlamentodaki g\u00f6r\u00fc\u015fmelerde bu tarih \u00fczerinde uzla\u015fan muhalefet ve iktidar partiler, daha \u00f6nce 12 Ekim ve 28 Eyl\u00fcl tarihleri \u00fczerinde d\u00fc\u015f\u00fcnce beyan etmi\u015fti.\u00a0<\/span><span style=\"color: #000000;\">Kanuna g\u00f6re 5 A\u011fustos&#8217;a kadar Cumhurba\u015fkan\u0131 Rosen Plevneliev&#8217;in parlamentoyu feshedip se\u00e7im tarihini belirlemesi gerekiyor.<\/span><!--more--><\/p>\n<p><a href=\"https:\/\/i0.wp.com\/www.bghaber.org\/bghaber\/wp-content\/uploads\/2013\/04\/secim.jpg\"><img data-recalc-dims=\"1\" loading=\"lazy\" decoding=\"async\" class=\"alignleft size-thumbnail wp-image-261\" src=\"https:\/\/i0.wp.com\/www.bghaber.org\/bghaber\/wp-content\/uploads\/2013\/04\/secim-150x150.jpg?resize=150%2C150\" alt=\"secim\" width=\"150\" height=\"150\" srcset=\"https:\/\/i0.wp.com\/www.bghaber.org\/bghaber\/wp-content\/uploads\/2013\/04\/secim.jpg?resize=150%2C150&amp;ssl=1 150w, https:\/\/i0.wp.com\/www.bghaber.org\/bghaber\/wp-content\/uploads\/2013\/04\/secim.jpg?resize=65%2C65&amp;ssl=1 65w\" sizes=\"auto, (max-width: 150px) 100vw, 150px\" \/><\/a>BSP lideri Sergey Stani\u015fev, g\u00f6r\u00fc\u015fme sonunda erken se\u00e7imlerin 5 Ekim\u2019de yap\u0131lmas\u0131 i\u00e7in Cumhurba\u015fkan\u0131 Rosen Plevneliev\u2019e teklifte bulunacaklar\u0131n\u0131 s\u00f6yledi. Stani\u015fev, g\u00f6r\u00fc\u015fmeye kat\u0131lan GERB, BSP ve DPS liderleri taraf\u0131ndan bu tarih konusunda mutabakata var\u0131ld\u0131\u011f\u0131n\u0131 kaydetti.<\/p>\n<p>Stani\u015fev, siyasi g\u00f6r\u00fc\u015fmelere kat\u0131lan partilerin, h\u00fck\u00fcmeti, yeni se\u00e7imler i\u00e7in yap\u0131lacak \u00e7al\u0131\u015fmalar konusunda destekleyece\u011fini s\u00f6yledi. Siyasi istikrar\u0131n sa\u011flanmas\u0131 ve \u00fclkenin \u00f6nceliklerinin belirlenmesi i\u00e7in siyasi g\u00f6r\u00fc\u015fmeler yap\u0131lmas\u0131 konusunda Cumhurba\u015fkan\u0131 ile Meclis Ba\u015fkan\u0131\u2019na sorumluluklar verildi\u011fini aktaran Stani\u015fev, g\u00f6r\u00fc\u015fmeye kat\u0131lan t\u00fcm siyasi partilerin \u00fclkedeki banka sisteminin istikrar\u0131n\u0131 garanti alt\u0131na almak i\u00e7in devletin t\u00fcm faaliyetlerini destekleme karar\u0131 ald\u0131\u011f\u0131n\u0131 kaydetti.<\/p>\n<p>GERB lideri Boyko Borisov, \u00fclkenin kurtar\u0131lmas\u0131 i\u00e7in yollar arand\u0131\u011f\u0131n\u0131 ve kurtar\u0131c\u0131 h\u00fck\u00fcmet konusunda konu\u015fuldu\u011funu s\u00f6yledi.<\/p>\n<div id=\"bghab-717908194\" class=\"bghab-yazi-altinda bghab-entity-placement\"><script async src=\"https:\/\/pagead2.googlesyndication.com\/pagead\/js\/adsbygoogle.js\"><\/script>\r\n<!-- bghaber-yaz\u0131-sonu -->\r\n<ins class=\"adsbygoogle\"\r\n     style=\"display:block\"\r\n     data-ad-client=\"ca-pub-6203283170189293\"\r\n     data-ad-slot=\"4222328180\"\r\n     data-ad-format=\"auto\"\r\n     data-full-width-responsive=\"true\"><\/ins>\r\n<script>\r\n     (adsbygoogle = window.adsbygoogle || []).push({});\r\n<\/script><\/div><br style=\"clear: both; display: block; float: none;\"\/>","protected":false},"excerpt":{"rendered":"<p>Bulgaristan&#8217;da erken genel se\u00e7imler 5 Ekim&#8217;de olacak. Parlamentodaki g\u00f6r\u00fc\u015fmelerde bu tarih \u00fczerinde uzla\u015fan muhalefet ve iktidar partiler, daha \u00f6nce 12 Ekim ve 28 Eyl\u00fcl tarihleri<\/p>\n","protected":false},"author":13,"featured_media":261,"comment_status":"closed","ping_status":"closed","sticky":false,"template":"","format":"standard","meta":{"advanced_seo_description":"","jetpack_seo_html_title":"","jetpack_seo_noindex":false,"jetpack_seo_schema_type":"","_jetpack_newsletter_access":"","_jetpack_dont_email_post_to_subs":false,"_jetpack_newsletter_tier_id":0,"_jetpack_memberships_contains_paywalled_content":false,"_jetpack_feature_clip_id":0,"_jetpack_memberships_contains_paid_content":false,"footnotes":"","jetpack_post_was_ever_published":false},"categories":[4],"tags":[30],"class_list":["post-10564","post","type-post","status-publish","format-standard","has-post-thumbnail","hentry","category-siyaset","tag-bulgaristan"],"jetpack_sharing_enabled":true,"jetpack_likes_enabled":true,"jetpack-related-posts":[],"jetpack_shortlink":"https:\/\/wp.me\/pc2PfJ-2Ko","jetpack_featured_media_url":"https:\/\/i0.wp.com\/www.bghaber.org\/bghaber\/wp-content\/uploads\/2013\/04\/secim.jpg?fit=216%2C160&ssl=1","_links":{"self":[{"href":"https:\/\/www.bghaber.org\/bghaber\/wp-json\/wp\/v2\/posts\/10564","targetHints":{"allow":["GET"]}}],"collection":[{"href":"https:\/\/www.bghaber.org\/bghaber\/wp-json\/wp\/v2\/posts"}],"about":[{"href":"https:\/\/www.bghaber.org\/bghaber\/wp-json\/wp\/v2\/types\/post"}],"author":[{"embeddable":true,"href":"https:\/\/www.bghaber.org\/bghaber\/wp-json\/wp\/v2\/users\/13"}],"replies":[{"embeddable":true,"href":"https:\/\/www.bghaber.org\/bghaber\/wp-json\/wp\/v2\/comments?post=10564"}],"version-history":[{"count":0,"href":"https:\/\/www.bghaber.org\/bghaber\/wp-json\/wp\/v2\/posts\/10564\/revisions"}],"wp:featuredmedia":[{"embeddable":true,"href":"https:\/\/www.bghaber.org\/bghaber\/wp-json\/wp\/v2\/media\/261"}],"wp:attachment":[{"href":"https:\/\/www.bghaber.org\/bghaber\/wp-json\/wp\/v2\/media?parent=10564"}],"wp:term":[{"taxonomy":"category","embeddable":true,"href":"https:\/\/www.bghaber.org\/bghaber\/wp-json\/wp\/v2\/categories?post=10564"},{"taxonomy":"post_tag","embeddable":true,"href":"https:\/\/www.bghaber.org\/bghaber\/wp-json\/wp\/v2\/tags?post=10564"}],"curies":[{"name":"wp","href":"https:\/\/api.w.org\/{rel}","templated":true}]}}