{"id":10558,"date":"2014-06-28T16:32:25","date_gmt":"2014-06-28T13:32:25","guid":{"rendered":"http:\/\/www.bghaber.org\/bghaber\/?p=10558"},"modified":"2014-07-03T11:53:16","modified_gmt":"2014-07-03T08:53:16","slug":"bulgaristanli-belediye-meclis-uyeleri-corluda","status":"publish","type":"post","link":"https:\/\/www.bghaber.org\/bghaber\/bulgaristanli-belediye-meclis-uyeleri-corluda\/","title":{"rendered":"Bulgaristanl\u0131 Belediye Meclis \u00dcyeleri \u00c7orlu&#8217;da"},"content":{"rendered":"<p><span style=\"color: #000000;\">Bulgaristan\u2019\u0131n Varna \u015fehrine ba\u011fl\u0131 V\u0131l\u00e7idol (Kurtdere) Belediye Meclisi haziran ay\u0131 ola\u011fan toplant\u0131s\u0131n\u0131 Tekirda\u011f \u00c7orlu\u2019da yapt\u0131.<\/span><!--more--><br style=\"color: #000000;\" \/><span style=\"color: #000000;\"><a href=\"https:\/\/i0.wp.com\/www.bghaber.org\/bghaber\/wp-content\/uploads\/2014\/06\/bulgaristanli-belediye-meclis-uyeleri-corlu-d-6201632_400.jpg\"><img data-recalc-dims=\"1\" loading=\"lazy\" decoding=\"async\" class=\"alignleft size-medium wp-image-10559\" src=\"https:\/\/i0.wp.com\/www.bghaber.org\/bghaber\/wp-content\/uploads\/2014\/06\/bulgaristanli-belediye-meclis-uyeleri-corlu-d-6201632_400-300x198.jpg?resize=300%2C198\" alt=\"bulgaristanli-belediye-meclis-uyeleri-corlu-d-6201632_400\" width=\"300\" height=\"198\" srcset=\"https:\/\/i0.wp.com\/www.bghaber.org\/bghaber\/wp-content\/uploads\/2014\/06\/bulgaristanli-belediye-meclis-uyeleri-corlu-d-6201632_400.jpg?resize=300%2C198&amp;ssl=1 300w, https:\/\/i0.wp.com\/www.bghaber.org\/bghaber\/wp-content\/uploads\/2014\/06\/bulgaristanli-belediye-meclis-uyeleri-corlu-d-6201632_400.jpg?w=400&amp;ssl=1 400w\" sizes=\"auto, (max-width: 300px) 100vw, 300px\" \/><\/a>Daha \u00f6nce planlanm\u0131\u015f meclis toplant\u0131s\u0131n\u0131 ger\u00e7ekle\u015ftirmek \u00fczere \u00c7orlu&#8217;ya gelen Varna Vali Yard\u0131mc\u0131s\u0131 Mertkan \u0130bremov, V\u0131l\u00e7idol Belediye Meclis Ba\u015fkan\u0131 Vasili Vasilev, V\u0131l\u00e7idol belediye meclis \u00fcyeleri ve daire m\u00fcd\u00fcrleri, ilk olarak \u00c7orlu Belediye Ba\u015fkan\u0131 \u00dcnal Baysan&#8217;\u0131 makam\u0131nda ziyaret etti.<\/span><br style=\"color: #000000;\" \/><br style=\"color: #000000;\" \/><span style=\"color: #000000;\">Ba\u015fkanl\u0131k makam\u0131nda yap\u0131lan g\u00f6r\u00fc\u015fmede \u00c7orlu ve Varna \u2013 V\u0131l\u00e7idol aras\u0131nda k\u00fclt\u00fcrel, sosyal ve ekonomik ili\u015fkileri geli\u015ftirmeye y\u00f6nelik yap\u0131labilecek \u00e7al\u0131\u015fmalar hakk\u0131nda fikir al\u0131\u015fveri\u015finde bulunuldu. Kurtdere Belediyesi\u2019nin stratejik plan hedefleri do\u011frultusunda y\u0131l i\u00e7erisinde ger\u00e7ekle\u015fecek bir meclis toplant\u0131s\u0131n\u0131 yurtd\u0131\u015f\u0131nda yapmay\u0131 planlayan Kurtdere Belediye Meclisi s\u00f6z konusu toplant\u0131y\u0131 \u00c7orlu\u2019da yapt\u0131. <\/span><\/p>\n<p><span style=\"color: #000000;\">\u00c7orlu Belediyesi Meclis Toplant\u0131 Salonu\u2019nda ger\u00e7ekle\u015ftirilen toplant\u0131n\u0131n ard\u0131ndan V\u0131l\u00e7idol Meclis Ba\u015fkan\u0131 Vasili Vasilev, yurtd\u0131\u015f\u0131nda ger\u00e7ekle\u015ftirilecek meclis toplant\u0131s\u0131n\u0131n yerini belirlerken 3 se\u00e7enek aras\u0131nda Bulgaristan g\u00f6\u00e7menlerinin yo\u011fun olarak ya\u015fad\u0131\u011f\u0131 \u00c7orlu&#8217;yu tercih ettiklerini belirtti. Bulgaristan&#8217;\u0131n Varna iline ba\u011fl\u0131 V\u0131l\u00e7idol, K\u0131rkp\u0131nar G\u00fcre\u015fleri&#8217;nin efsanevi pehlivanlar\u0131ndan Kurtdereli Mehmet Pehlivan&#8217;\u0131n (1869-1938) do\u011fum yeri olarak biliniyor<\/span><\/p>\n<div id=\"bghab-1282671856\" class=\"bghab-yazi-altinda bghab-entity-placement\"><script async src=\"https:\/\/pagead2.googlesyndication.com\/pagead\/js\/adsbygoogle.js\"><\/script>\r\n<!-- bghaber-yaz\u0131-sonu -->\r\n<ins class=\"adsbygoogle\"\r\n     style=\"display:block\"\r\n     data-ad-client=\"ca-pub-6203283170189293\"\r\n     data-ad-slot=\"4222328180\"\r\n     data-ad-format=\"auto\"\r\n     data-full-width-responsive=\"true\"><\/ins>\r\n<script>\r\n     (adsbygoogle = window.adsbygoogle || []).push({});\r\n<\/script><\/div><br style=\"clear: both; display: block; float: none;\"\/>","protected":false},"excerpt":{"rendered":"<p>Bulgaristan\u2019\u0131n Varna \u015fehrine ba\u011fl\u0131 V\u0131l\u00e7idol (Kurtdere) Belediye Meclisi haziran ay\u0131 ola\u011fan toplant\u0131s\u0131n\u0131 Tekirda\u011f \u00c7orlu\u2019da yapt\u0131.<\/p>\n","protected":false},"author":13,"featured_media":10559,"comment_status":"closed","ping_status":"closed","sticky":false,"template":"","format":"standard","meta":{"advanced_seo_description":"","jetpack_seo_html_title":"","jetpack_seo_noindex":false,"jetpack_seo_schema_type":"","_jetpack_newsletter_access":"","_jetpack_dont_email_post_to_subs":false,"_jetpack_newsletter_tier_id":0,"_jetpack_memberships_contains_paywalled_content":false,"_jetpack_feature_clip_id":0,"_jetpack_memberships_contains_paid_content":false,"footnotes":"","jetpack_post_was_ever_published":false},"categories":[10],"tags":[],"class_list":["post-10558","post","type-post","status-publish","format-standard","has-post-thumbnail","hentry","category-kultur-sanat"],"jetpack_sharing_enabled":true,"jetpack_likes_enabled":true,"jetpack-related-posts":[],"jetpack_shortlink":"https:\/\/wp.me\/pc2PfJ-2Ki","jetpack_featured_media_url":"https:\/\/i0.wp.com\/www.bghaber.org\/bghaber\/wp-content\/uploads\/2014\/06\/bulgaristanli-belediye-meclis-uyeleri-corlu-d-6201632_400.jpg?fit=400%2C264&ssl=1","_links":{"self":[{"href":"https:\/\/www.bghaber.org\/bghaber\/wp-json\/wp\/v2\/posts\/10558","targetHints":{"allow":["GET"]}}],"collection":[{"href":"https:\/\/www.bghaber.org\/bghaber\/wp-json\/wp\/v2\/posts"}],"about":[{"href":"https:\/\/www.bghaber.org\/bghaber\/wp-json\/wp\/v2\/types\/post"}],"author":[{"embeddable":true,"href":"https:\/\/www.bghaber.org\/bghaber\/wp-json\/wp\/v2\/users\/13"}],"replies":[{"embeddable":true,"href":"https:\/\/www.bghaber.org\/bghaber\/wp-json\/wp\/v2\/comments?post=10558"}],"version-history":[{"count":0,"href":"https:\/\/www.bghaber.org\/bghaber\/wp-json\/wp\/v2\/posts\/10558\/revisions"}],"wp:featuredmedia":[{"embeddable":true,"href":"https:\/\/www.bghaber.org\/bghaber\/wp-json\/wp\/v2\/media\/10559"}],"wp:attachment":[{"href":"https:\/\/www.bghaber.org\/bghaber\/wp-json\/wp\/v2\/media?parent=10558"}],"wp:term":[{"taxonomy":"category","embeddable":true,"href":"https:\/\/www.bghaber.org\/bghaber\/wp-json\/wp\/v2\/categories?post=10558"},{"taxonomy":"post_tag","embeddable":true,"href":"https:\/\/www.bghaber.org\/bghaber\/wp-json\/wp\/v2\/tags?post=10558"}],"curies":[{"name":"wp","href":"https:\/\/api.w.org\/{rel}","templated":true}]}}