{"id":10528,"date":"2014-06-28T02:12:45","date_gmt":"2014-06-27T23:12:45","guid":{"rendered":"http:\/\/www.bghaber.org\/bghaber\/?p=10528"},"modified":"2014-06-30T23:51:21","modified_gmt":"2014-06-30T20:51:21","slug":"1989-gocu-25-yili-sempozyumu-basin-bildirisi","status":"publish","type":"post","link":"https:\/\/www.bghaber.org\/bghaber\/1989-gocu-25-yili-sempozyumu-basin-bildirisi\/","title":{"rendered":"1989 G\u00f6\u00e7\u00fc 25.Y\u0131l\u0131 Sempozyumu Bas\u0131n Bildirisi"},"content":{"rendered":"<p>20\u201321 Haziran 2014 tarihlerinde \u0130stanbul\u2019da \u0130stanbul \u00dcniversitesi Avrasya Enstit\u00fcs\u00fc Salonu\u2019nda \u201c<strong>1989 g\u00f6\u00e7\u00fcn\u00fcn 25.y\u0131l\u0131 Uluslararas\u0131 Bulgaristan Sempozyumu\u201d <\/strong>d\u00fczenlendi.<\/p>\n<p><strong>Sempozyum \u0130<\/strong>stanbul \u00dcniversitesi, Bulgaristan Stratejik Ara\u015ft\u0131rma Merkezi (BG SAM), \u0130stanbul B\u00fcy\u00fck \u015eehir Belediye Ba\u015fkanl\u0131\u011f\u0131 ve Bulgaristan T\u00fcrkleri K\u00fclt\u00fcr ve Hizmet Derne\u011fi\u00a0BULT\u00dcRK\u2018\u00fcn ortak giri\u015fimleriyle ger\u00e7ekle\u015fti. Forum k\u00f6rs\u00fcs\u00fcnden Bulgaristan, Avusturya, Arnavutluk ve T\u00fcrkiye\u2019den akademisyen, uluslararas\u0131 ili\u015fkiler uzman\u0131, sivil toplum kurulu\u015fu temsilcileri, yazar ve sanat\u00e7\u0131lar olmak \u00fczere otuz yetkili de\u011ferli konu\u015fma yapt\u0131.<!--more--><\/p>\n<p><a href=\"https:\/\/i0.wp.com\/www.bghaber.org\/bghaber\/wp-content\/uploads\/2014\/06\/2014062622594017622.jpg\"><img data-recalc-dims=\"1\" loading=\"lazy\" decoding=\"async\" class=\"alignleft size-medium wp-image-10529\" src=\"https:\/\/i0.wp.com\/www.bghaber.org\/bghaber\/wp-content\/uploads\/2014\/06\/2014062622594017622-300x239.jpg?resize=300%2C239\" alt=\"2014062622594017622\" width=\"300\" height=\"239\" srcset=\"https:\/\/i0.wp.com\/www.bghaber.org\/bghaber\/wp-content\/uploads\/2014\/06\/2014062622594017622.jpg?resize=300%2C239&amp;ssl=1 300w, https:\/\/i0.wp.com\/www.bghaber.org\/bghaber\/wp-content\/uploads\/2014\/06\/2014062622594017622.jpg?w=450&amp;ssl=1 450w\" sizes=\"auto, (max-width: 300px) 100vw, 300px\" \/><\/a>Bilgi de\u011fil toku\u015funun ba\u015flamas\u0131ndan \u00f6nce B\u00fcy\u00fck G\u00f6\u00e7\u2019\u00fc konu eden Bulgaristanl\u0131 ressam <strong>Burhanettin ARDAG\u0130L<\/strong>\u2019in sanat sergisi g\u00f6r\u00fcld\u00fc. Sanat\u00e7\u0131 konuklar\u0131na eserleri \u00fcst\u00fcne ayr\u0131nt\u0131l\u0131 ve anlaml\u0131 bilgi sundu.<\/p>\n<p>Ana \u00f6rg\u00fctleyici \u00f6nceli\u011fiyle BULT\u00dcRK Genel Sekreteri <strong>Dr. M\u00fcjgan DEN\u0130Z<\/strong> uluslar aras\u0131 temsili forumu k\u0131sa ve anlam\u0131 bir kutlamayla a\u00e7t\u0131. Bulgaristan T\u00fcrklerinin totaliter bask\u0131 ve ter\u00f6r rejimine kar\u015f\u0131, demokrasi ve \u00f6zg\u00fcrl\u00fck u\u011fruna ba\u015flatt\u0131\u011f\u0131 tarihsel May\u0131s 1989 Ayaklanmas\u0131 ile B\u00fcy\u00fck G\u00f6\u00e7\u2019\u00fcn ald\u0131\u011f\u0131 kurbanlar an\u0131s\u0131na sayg\u0131 duru\u015funda bulunuldu. \u0130stiklal Mar\u015f\u0131 dinlendikten sonra, etkin toplumsal kitle \u00f6rg\u00fct\u00fc olarak geli\u015fen Bulgaristan T\u00fcrkleri K\u00fclt\u00fcr ve Hizmet Derne\u011fi <strong>BULT\u00dcRK\u2019 <\/strong>\u00fcn \u00d6z Vatanda kalan karde\u015flerimiz ve T\u00fcrkiye\u2019deki soyda\u015flar\u0131m\u0131z\u0131n ruhlar\u0131n\u0131 birle\u015ftiren yo\u011fun ve \u00e7ok y\u00f6nl\u00fc etkinlikleri \u00fcst\u00fcne bilgi verdi. Dr. M\u00fcjgan Deniz konu\u015fmas\u0131nda, son y\u0131llarda T\u00fcrkiye\u2019nin Bulgaristan\u2019a ve Bulgaristan T\u00fcrklerine sundu\u011fu \u00e7ok y\u00f6nl\u00fc ekonomik ve k\u00fclt\u00fcrel yard\u0131mlara da de\u011findi. Ard\u0131ndan gelen telgraflar okundu, gelen telgraflar; \u0130stanbul Valili\u011fi, Sultangazi Belediye Ba\u015fkanl\u0131\u011f\u0131, Ankara D\u0131\u015f i\u015fleri Bakanl\u0131\u011f\u0131, Moldova Milletvekili Oleg GAR\u0130ZAN, K\u0131br\u0131s\u0131n K\u0131rg\u0131zistan B\u00fcy\u00fckel\u00e7il\u011fi Prof.Dr.Erhan ARIKLI, Sofya T.C.B\u00fcy\u00fckel\u00e7imiz Sn.S\u00fcleyman G\u00d6K\u00c7E\u2019nin telgraflar\u0131 okundu.<\/p>\n<p>Sempozyuma ev sahipli\u011fi yapan \u0130stanbul, Fatih Belediyesini temsilen, Ba\u015fkan Yard\u0131mc\u0131s\u0131 <strong>Hasan SUVER<\/strong> konuklar\u0131 ve \u00f6nemi g\u00f6rkemli ve anlaml\u0131 olan uluslararas\u0131 etkinli\u011fi ba\u015far\u0131 dilekleriyle kutlad\u0131.<\/p><div id=\"bghab-950329088\" class=\"bghab-icerik-icine bghab-entity-placement\"><script async src=\"\/\/pagead2.googlesyndication.com\/pagead\/js\/adsbygoogle.js?client=ca-pub-6203283170189293\" crossorigin=\"anonymous\"><\/script><ins class=\"adsbygoogle\" style=\"display:block; text-align:center;\" data-ad-client=\"ca-pub-6203283170189293\" \ndata-ad-slot=\"7303146466\" \ndata-ad-layout=\"in-article\"\ndata-ad-format=\"fluid\" data-full-width-responsive=\"true\"><\/ins>\n<script> \n(adsbygoogle = window.adsbygoogle || []).push({}); \n<\/script>\n<\/div>\n<p>1989\u2019da b\u00fcy\u00fck say\u0131da g\u00f6\u00e7 alan Kocaeli B\u00fcy\u00fck\u015fehir Belediye Ba\u015fkan\u0131 ad\u0131na foruma ve Strateji Daire Ba\u015fkan\u0131 ve BAL-T\u00dcRK Genel Ba\u015fkan\u0131 s\u0131fat\u0131yla da kat\u0131lan Bayram \u00c7OLAKO\u011eLU da k\u0131sa bir selamlama konu\u015fmas\u0131yla bir ilk olan bu uluslararas\u0131 \u00e7al\u0131\u015fmaya ba\u015far\u0131lar diledi.<\/p>\n<p>Merkezi \u0130stanbul\u2019da bulunan Bulgaristan T\u00fcrkleri K\u00fclt\u00fcr ve Hizmet Derne\u011fi BULT\u00dcRK Genel Ba\u015fkan\u0131 Rafet Ulut\u00fcrk B\u00fcy\u00fck G\u00f6\u00e7\u00fcn y\u0131ld\u00f6n\u00fcm\u00fcn\u00fc ve tarihsel ibret derslerini konu eden <strong>ana raporu<\/strong> sundu.<\/p>\n<p><strong>B\u00fcy\u00fck g\u00f6\u00e7 sonras\u0131 da, Bulgaristan T\u00fcrklerinin Hak ve \u00d6zg\u00fcrl\u00fcklerinden yoksun oldu\u011funu sunumunun merkezine alan Genel Ba\u015fkan Ulut\u00fcrk,\u00a0 <\/strong><\/p>\n<p>T\u00fcrkler \u00fczerindeki bask\u0131lar\u0131n 25 y\u0131ld\u0131r artarak devam etti\u011fini vurgulad\u0131.<\/p>\n<p>XX. y\u00fczy\u0131lda mayalanan ve 1989 ayaklanmas\u0131 ve B\u00fcy\u00fck G\u00f6\u00e7\u00fcyle s\u00f6zde durdurulmas\u0131 beklenen Bulgaristan\u2019da ya\u015fayan T\u00fcrkleri eriterek asimile etme politikalar\u0131n de\u011fi\u015fik k\u0131l\u0131flar alt\u0131nda s\u00fcrd\u00fcr\u00fcld\u00fc\u011f\u00fcne i\u015faretle, \u015fu d\u00f6nemde \u00e7ocuklar\u0131 ana dilsiz b\u0131rakma ve elde edilen baz\u0131 Hak ve \u00d6zg\u00fcrl\u00fckleri de bask\u0131 ile geri alma y\u00f6n\u00fcnde yo\u011funla\u015ft\u0131\u011f\u0131na i\u015faret etti.<\/p><div id=\"bghab-4239962971\" class=\"bghab-icerik-icine-10-paragraf bghab-entity-placement\"><script async src=\"\/\/pagead2.googlesyndication.com\/pagead\/js\/adsbygoogle.js?client=ca-pub-6203283170189293\" crossorigin=\"anonymous\"><\/script><ins class=\"adsbygoogle\" style=\"display:block; text-align:center;\" data-ad-client=\"ca-pub-6203283170189293\" \ndata-ad-slot=\"7303146466\" \ndata-ad-layout=\"in-article\"\ndata-ad-format=\"fluid\" data-full-width-responsive=\"true\"><\/ins>\n<script> \n(adsbygoogle = window.adsbygoogle || []).push({}); \n<\/script>\n<\/div>\n<p>Ulut\u00fcrk, \u201cHer ge\u00e7en g\u00fcn, T\u00fcrklere kar\u015f\u0131 uygulanan dini, etnik, k\u00fclt\u00fcrel ve sosyal asimilasyon politikalar\u0131n\u0131n t\u0131rmand\u0131r\u0131larak s\u00fcrd\u00fcr\u00fcld\u00fc\u011f\u00fcn\u00fc \u00f6rneklerle ortaya koydu.\u00a0Emsali olmayan v devletin ara\u00e7lar\u0131yla uygulanan zalimli\u011fi d\u00fcn de bu g\u00fcn de b\u00fct\u00fcn Bulgar halk\u0131na mal etmenin anlams\u0131z ve yanl\u0131\u015f oldu\u011funu vurgularken, ezerek yok etme politikalar\u0131n\u0131n ba\u015f mimar\u0131 ve uygulay\u0131c\u0131s\u0131 totaliter kom\u00fcnist rejim ve bug\u00fcnk\u00fc uzant\u0131lar\u0131d\u0131r, dedi.<\/p>\n<p>Bu c\u00fcmleden olmakla, Bulgar halk\u0131na bir su\u00e7 ve kabahat y\u00fcklemek bizim adalet anlay\u0131\u015f\u0131m\u0131za ayk\u0131r\u0131d\u0131r ve Bulgar halk\u0131na kar\u015f\u0131 haks\u0131zl\u0131k yapm\u0131\u015f oluruz. Evet, bize kar\u015f\u0131 i\u015flenen su\u00e7larda 25 y\u0131ld\u0131r adalet yerini bulmad\u0131, bu da bir ger\u00e7ek. Daha da vahimi \u015fu ki, bu vah\u015fet sinsice ve ad\u0131 Ahmet, L\u00fctf\u00fc v.s. oldu\u011fundan, bizden g\u00f6r\u00fcnen, bizim aram\u0131zdan ama ruhu ve beyni bize yani T\u00fcrk etnik halk toplulu\u011funa kar\u015f\u0131 yeti\u015ftirilmi\u015f s\u00f6zde \u201cliderler\u201d taraf\u0131ndan ger\u00e7ekle\u015ftirildi\u011finden dolay\u0131, ajanlar\u0131n eliyle, Bulgaristan T\u00fcrklerine en b\u00fcy\u00fck k\u00f6t\u00fcl\u00fckler bug\u00fcn de yap\u0131lmaktad\u0131r\u2019 diye konu\u015ftu.<\/p>\n<p>&nbsp;<\/p>\n<p><strong>Bask\u0131lar ve asimilasyon bir fiil artarak s\u00fcr\u00fcyor.<\/strong><\/p>\n<p>&nbsp;<\/p>\n<p>Sn. Ulut\u00fcrk, Bulgaristan\u2019da ya\u015fanan b\u00fcy\u00fck g\u00f6\u00e7 trajedisinden sonra da farkl\u0131 ki\u015filer ve de\u011fi\u015fik y\u00f6ntemlerle sindirme ve asimile etme politikalar\u0131n\u0131n yo\u011funla\u015ft\u0131r\u0131larak s\u00fcrd\u00fcr\u00fcld\u00fc\u011f\u00fcn\u00fc vurgulayarak belirtikten sonra \u015f\u00f6yle dedi: \u2018\u2018\u00a0Ancak \u015funu da \u00fcz\u00fcnt\u00fc ve net olarak ifade etmeliyim ki; kom\u00fcnist ve totaliter rejimde okumu\u015f, e\u011fitim alm\u0131\u015f, ad\u0131n\u0131n T\u00fcrk\u00e7e bir kelime olmas\u0131 d\u0131\u015f\u0131nda, dini ve milli hi\u00e7bir \u00f6zelli\u011fi olmayan ve Bulgaristan T\u00fcrklerin Hak ve \u00d6zg\u00fcrl\u00fckleri\u2019ni s\u00f6zde koruma iddias\u0131 ile 25 y\u0131l \u00f6nce sahneye \u00e7\u0131kar\u0131lan ve ipleri \u00e7ekilen ki\u015fi-ler ve parti taraf\u0131ndan, T\u00fcrklerin kazand\u0131\u011f\u0131 hak ve \u00f6zg\u00fcrl\u00fckler zorla al\u0131nd\u0131. T\u00fcrkleri s\u0131k\u0131\u015ft\u0131rma, ekonomik olarak dar bo\u011faza itme, sosyal yetersizlik i\u00e7inde bo\u011fma, dini, milli ve k\u00fclt\u00fcrel yetersizlik ya\u015fatarak asimile etme politikalar\u0131 bi\u00e7im de\u011fi\u015ftirerek yo\u011funla\u015ft\u0131r\u0131l\u0131yor.<\/p>\n<p><strong>\u00a0<\/strong><\/p>\n<p><strong>\u00a0<\/strong><\/p>\n<p><strong>Bilgi \u015f\u00f6leninde 30 konu\u015fma yap\u0131ld\u0131.<\/strong><\/p><div id=\"bghab-1863088657\" class=\"bghab-icerik-icine-15-paragraf bghab-entity-placement\"><script async src=\"\/\/pagead2.googlesyndication.com\/pagead\/js\/adsbygoogle.js?client=ca-pub-6203283170189293\" crossorigin=\"anonymous\"><\/script><ins class=\"adsbygoogle\" style=\"display:block; text-align:center;\" data-ad-client=\"ca-pub-6203283170189293\" \ndata-ad-slot=\"7303146466\" \ndata-ad-layout=\"in-article\"\ndata-ad-format=\"fluid\" data-full-width-responsive=\"true\"><\/ins>\n<script> \n(adsbygoogle = window.adsbygoogle || []).push({}); \n<\/script>\n<\/div>\n<p><strong>\u00a0<\/strong><\/p>\n<p>1984-89 s\u00fcrg\u00fcn y\u0131llar\u0131nda Kuzey Bat\u0131 Bulgaristan k\u00f6ylerinde kurulan illegal m\u00fccadele \u00f6rg\u00fct\u00fc DEMOKRAT\u0130K L\u0130G insan haklar\u0131 i\u00e7in direni\u015f birli\u011finin \u00a0kurucusu ve Genel Sekreteri Sabri \u0130skender sempozyumu hararetli bir konu\u015fma ile kutlarken \u00f6nce \u015f\u00f6yle dedi:<\/p>\n<p><strong>\u00a0<\/strong><\/p>\n<p><strong>Bulgaristan\u2019da Kom\u00fcnist, fa\u015fist ve H\u00d6H kirli ittifak\u0131 25 y\u0131ld\u0131r s\u00fcr\u00fcyor<\/strong><\/p>\n<p><strong>\u00a0<\/strong><\/p>\n<p>Bulgaristan Tr\u00fckleri\u2019nin en a\u011f\u0131r d\u00f6nemi olan 1984-1990 y\u0131llar\u0131 aras\u0131nda illegal ko\u015fullarda bir \u0130nsan Haklar\u0131 Savunucu olarak \u00fcnlenen DEMOKRAT\u0130K L\u0130G GENEL SEKRETER\u0130 Sabri \u0130skender B\u00fcy\u00fck G\u00f6\u00e7ten sonraki 25 y\u0131l\u0131 \u00f6zetlerken, 1989 G\u00f6\u00e7\u00fc\u2019n\u00fcn ard\u0131ndan bu g\u00fcne kadar, Bulgaristan\u2019da M\u00fcsl\u00fcman T\u00fcrklerin yasal, do\u011fal ve genel insan haklar\u0131n\u0131n, ulusal az\u0131nl\u0131k ve \u00f6zg\u00fcn k\u00fclt\u00fcrel ve manevi taleplerinin asla dikkate al\u0131nmad\u0131\u011f\u0131n\u0131 ve t\u00fcm isteklerinin hi\u00e7e say\u0131ld\u0131\u011f\u0131n\u0131 s\u00f6yledi.<\/p>\n<p>&nbsp;<\/p>\n<p><strong>Hak ve \u00d6zg\u00fcrl\u00fckler Hareketi (H\u00d6H) y\u00f6neticilerinin isimleri ve soyadlar\u0131 Ahmet Mehmet olsa da, bu partinin politikas\u0131ndaki ama\u00e7 T\u00fcrkleri ve ana dilimiz olan T\u00fcrk\u00e7emizi ve \u00f6zg\u00fcn k\u00fclt\u00fcr\u00fcm\u00fcz\u00fc yok etmek, Bulgaristan T\u00fcrklerini ve t\u00fcm M\u00fcsl\u00fcman karde\u015flerimizi var ile yok aras\u0131nda k\u0131t kanat ya\u015famaya zorlamakt\u0131r, diye konu\u015ftu.<\/strong><\/p>\n<p>&nbsp;<\/p>\n<p>Bulgaristan\u2019da y\u0131llarca uygulanan T\u00fcrkleri yok sayma ve asimile ederek \u201cBulgarla\u015ft\u0131rma\u201d\u00a0 politikas\u0131n\u0131n koyula\u015ft\u0131\u011f\u0131 d\u00f6nemde Kom\u00fcnist dikta rejimine, Pazarc\u0131kl\u0131 PA\u015eOV ile birlikte isyan bayra\u011f\u0131 a\u00e7an ve birlikte kaleme ald\u0131klar\u0131 B\u0130LD\u0130R\u0130 ile Diktat\u00f6r T. Jivkov\u2019un \u015fim\u015feklerini \u00fczerlerine \u00e7eken, \u201cBelene\u201d \u00f6l\u00fcm adas\u0131nda arkada\u015flar\u0131 ile a\u011f\u0131r i\u015fkence g\u00f6ren, s\u00fcr\u00fclen s\u0131n\u0131r d\u0131\u015f\u0131 edilen ayaklanma \u00f6nderi Sabri \u0130skender konu\u015fmas\u0131nda, B\u00fcy\u00fck G\u00f6\u00e7te 10 bin Bulgaristan T\u00fcrk ayd\u0131n\u0131n\u0131n g\u00f6\u00e7e zorland\u0131\u011f\u0131n\u0131, orada kalan karde\u015flerimizin yeniden uyanarak bilin\u00e7lenme s\u00fcrecinin uzun s\u00fcrebilece\u011fini, bu nedenle T\u00fcrkiye demokratik sivil toplum \u00f6rg\u00fctleri ile Bulgaristan sivil toplum \u00f6rg\u00fctleri aras\u0131nda s\u0131k\u0131 ve semereli i\u015fbirli\u011fi geli\u015ftirme zaman\u0131 geldi\u011fine i\u015faret etti.<\/p><div id=\"bghab-1539227959\" class=\"bghab-icerik-icine-20-paragraf bghab-entity-placement\"><script async src=\"\/\/pagead2.googlesyndication.com\/pagead\/js\/adsbygoogle.js?client=ca-pub-6203283170189293\" crossorigin=\"anonymous\"><\/script><ins class=\"adsbygoogle\" style=\"display:block; text-align:center;\" data-ad-client=\"ca-pub-6203283170189293\" \ndata-ad-slot=\"7303146466\" \ndata-ad-layout=\"in-article\"\ndata-ad-format=\"fluid\" data-full-width-responsive=\"true\"><\/ins>\n<script> \n(adsbygoogle = window.adsbygoogle || []).push({}); \n<\/script>\n<\/div>\n<p>&nbsp;<\/p>\n<p>Bulgaristan\u2019da T\u00fcrklerin ve t\u00fcm M\u00fcsl\u00fcmanlar\u0131n Hak ve \u00d6zg\u00fcrl\u00fckleri\u2019nin elde edilip korunmas\u0131 ve geli\u015ftirilmesi hedef al\u0131narak kurulan, ancak zaman i\u00e7inde kurulu\u015f amac\u0131ndan yan \u00e7izen ve T\u00fcrklerin Hak ve \u00d6zg\u00fcrl\u00fckleri\u2019nin, kazan\u0131lmas\u0131 ve ya\u015fat\u0131lmas\u0131 bir yana, T. Jivkov d\u00f6neminde T\u00fcrkler \u00fczerinde zorla uygulanan asimilasyon ve giderek yok etme politikalar\u0131n\u0131n, son 25 y\u0131lda Hak ve \u00d6zg\u00fcrl\u00fckler Partisi arac\u0131l\u0131\u011f\u0131yla ve taraf\u0131ndan sistemli ve ard\u0131l bir bi\u00e7imde uyguland\u0131\u011f\u0131na ve T\u00fcrkler aleyhine faaliyetlerin s\u00fcrd\u00fc\u011f\u00fcne parmak bast\u0131.<\/p>\n<p>&nbsp;<\/p>\n<p>Son \u00e7eyrek y\u00fczy\u0131lda 4 kez iktidar orta\u011f\u0131 ve ana muhalefette olan H\u00d6H \/ DPS partisi y\u00f6netimi taraf\u0131ndan y\u00f6netilip y\u00f6nlendirildi\u011fi g\u00fcn gibi ortadayken, T\u00fcrkiye\u2019de de baz\u0131 siyasilerin, yerel y\u00f6neticilerin ve sivil toplum kurulu\u015flar\u0131n bu d\u00fc\u015fmanca politikaya destek verdi\u011fini a\u00e7\u0131klad\u0131. Konu\u015fmac\u0131lardan her biri \u00e7a\u011fda\u015f Bulgaristan\u2019da bir AB \u00fcyesi \u00fclkede, g\u00fcndemden inmeyen bask\u0131, sindirme ve asimilasyonun politikalar\u0131na dinleyenleri uyararak ve \u00f6nemle de\u011findiler.<\/p>\n<p><strong>\u00a0<\/strong><\/p>\n<p><strong>Ayn\u0131 konuya de\u011finen konu\u015fmac\u0131lar\u0131n da ortaya koydu\u011fu \u00fczere:<\/strong><\/p>\n<p>\u201c1989 sonras\u0131nda, Bulgaristan T\u00fcrklerine kar\u015f\u0131 \u00e7ok sinsi ve korkun\u00e7 oyunlar oynanmaya devam ediliyor. Ekonomik, sosyal ve politik bask\u0131 asla dinmemi\u015ftir.<\/p>\n<p>Bulgar Gizli Servisi ( DC) taraf\u0131ndan yeti\u015ftirilen adlar\u0131 T\u00fcrk ama y\u0131kanm\u0131\u015f beyinleri ve sat\u0131lm\u0131\u015f ruhlar\u0131 T\u00fcrk ve M\u00fcsl\u00fcman d\u00fc\u015fman\u0131 olup, bize ve \u00f6z\u00fcm\u00fcze d\u00fc\u015fman olan her \u015feye hizmet etme vazifesinde uzmanla\u015fm\u0131\u015f ve g\u00f6rev ba\u015f\u0131nda olan, H\u00d6H \/ DPS y\u00f6netimi T. Jivkof d\u00f6nemindeki bask\u0131lar\u0131 arat\u0131yor. Asimilasyon politikalar\u0131ndan daha sinsi ve tehlikeli bir eriterek yok etme siyaseti y\u00fcr\u00fct\u00fcl\u00fcyor.\u201d dediler.<\/p><div id=\"bghab-299176121\" class=\"bghab-icerik-icine-25-paragraf bghab-entity-placement\"><script async src=\"\/\/pagead2.googlesyndication.com\/pagead\/js\/adsbygoogle.js?client=ca-pub-6203283170189293\" crossorigin=\"anonymous\"><\/script><ins class=\"adsbygoogle\" style=\"display:block; text-align:center;\" data-ad-client=\"ca-pub-6203283170189293\" \ndata-ad-slot=\"7303146466\" \ndata-ad-layout=\"in-article\"\ndata-ad-format=\"fluid\" data-full-width-responsive=\"true\"><\/ins>\n<script> \n(adsbygoogle = window.adsbygoogle || []).push({}); \n<\/script>\n<\/div>\n<p>&nbsp;<\/p>\n<p><strong>S. \u0130skender\u2019in uzunca konu\u015fmas\u0131nda dikkati \u00e7eken g\u00fcncel hususlar ise \u015funlard\u0131:<\/strong><\/p>\n<p>\u0130skender, konu\u015fmas\u0131n\u0131n sonunda, ge\u00e7ti\u011fimiz Cuma, Bulgaristan Parlamentosu\u2019nda GERB Partisi taraf\u0131ndan g\u00f6r\u00fc\u015fmeye sunulan ve 1984 y\u0131l\u0131nda ve daha sonra su\u00e7 i\u015fleyenlerin cezaya \u00e7arpt\u0131r\u0131lmas\u0131na zaman a\u015f\u0131m\u0131 getiren yasada s\u00fcrenin uzat\u0131lmas\u0131n\u0131 \u00f6ng\u00f6ren tasar\u0131n\u0131n kabul edilmesinin BSP \u2013 H\u00d6H \/ DPS ve \u201cAtaka\u201d oylar\u0131yla g\u00fcya T\u00fcrklerin haklar\u0131n\u0131n korunmas\u0131 lehinde oldu\u011fu gerek\u00e7esiyle engellendi\u011fine i\u015faret etti.<\/p>\n<p>&nbsp;<\/p>\n<p>Hak ve \u00d6zg\u00fcrl\u00fck Hareketi (DPS), M\u00fcsl\u00fcman T\u00fcrk d\u00fc\u015fman\u0131 ve Jivkov d\u00f6nemi politikalar\u0131n\u0131n devamc\u0131s\u0131 olan Bulgar Sosyalist Partisi (BSP) ve yine T\u00fcrk d\u00fc\u015fman\u0131 olan Bulgar fa\u015fist, \u0131rk\u00e7\u0131 parti\u00a0 \u201cATAKA\u201d ile birlikte hareket ederek mecliste gizli polis ajan\u0131 olup olmad\u0131\u011f\u0131 konular\u0131nda ara\u015ft\u0131rma yap\u0131lmas\u0131yla ilgili olarak engel yaratm\u0131\u015flard\u0131r.<\/p>\n<p>&nbsp;<\/p>\n<p>Sempozyum\u2019un ikinci g\u00fcn\u00fcnde Bulgaristanl\u0131 sanat\u00e7\u0131 ve sporcular da k\u00fcrs\u00fcye \u00e7\u0131kt\u0131.<\/p>\n<p>&nbsp;<\/p>\n<p>TRT Sanat\u00e7\u0131s\u0131 R\u00fcstem Avc\u0131, Vatan sevgisini ve g\u00f6\u00e7 ac\u0131s\u0131n\u0131 an\u0131msatan ve T\u00fcrkiye\u2019de de sevilerek dinlenen Bulgaristan T\u00fcrklerine ait t\u00fcrk\u00fc ve \u015fark\u0131lardan \u00f6rnekler okudu. \u201c\u0130BB Spor A.\u015e\u201d y\u00f6neticilerinden Ahmet T\u00fcz\u00fcn ise, Bulgaristan T\u00fcrklerinin g\u00fcre\u015f ile halter ba\u015fta olmak \u00fczere sportif tarihi \u00fczerinde durdu ve T\u00fcrkiye\u2019ye geldikten sonra T\u00fcrk Milletinin guru olup \u015fampiyonluklar kazand\u0131\u011f\u0131n\u0131 ve ay y\u0131ld\u0131zl\u0131 bayra\u011f\u0131 g\u00f6ndere \u00e7ektirdi\u011fini heyecanla anlatt\u0131.<\/p><div id=\"bghab-3936421549\" class=\"bghab-icerik-icine-30-paragraf bghab-entity-placement\"><script async src=\"\/\/pagead2.googlesyndication.com\/pagead\/js\/adsbygoogle.js?client=ca-pub-6203283170189293\" crossorigin=\"anonymous\"><\/script><ins class=\"adsbygoogle\" style=\"display:block; text-align:center;\" data-ad-client=\"ca-pub-6203283170189293\" \ndata-ad-slot=\"7303146466\" \ndata-ad-layout=\"in-article\"\ndata-ad-format=\"fluid\" data-full-width-responsive=\"true\"><\/ins>\n<script> \n(adsbygoogle = window.adsbygoogle || []).push({}); \n<\/script>\n<\/div>\n<p>&nbsp;<\/p>\n<p><strong>Hak ve \u00d6zg\u00fcrl\u00fck Hareketi (H\u00d6H \/ DPS), Jivkov\u2019un eriterek Bulgarla\u015ft\u0131rma politikas\u0131n\u0131 s\u00fcrd\u00fcr\u00fcyor. Tehlikeli sald\u0131r\u0131lar\u0131 durdural\u0131m! Tespiti Sempozyomun slogan\u0131 oldu.<\/strong><\/p>\n<p>&nbsp;<\/p>\n<p>Sempozyumda ele al\u0131nan konular\u0131n i\u00e7inde en fazla dikkat toplayansa ise \u015fu oldu:<\/p>\n<p>&nbsp;<\/p>\n<p>Sofya parlamentosunda \u00e7evrilen oyunlarda, GERB talep ve \u00f6nerilerinin suya d\u00fc\u015f\u00fcr\u00fclmesinde, H\u00d6H partisi fahri ba\u015fkan\u0131 A. Do\u011fan ile Genel Ba\u015fkan L\u00fctf\u00fc Mestan \u00e7ok faal rol oynam\u0131\u015ft\u0131r.<\/p>\n<p>&nbsp;<\/p>\n<p>BSP-ATAKA-DPS \u00fc\u00e7l\u00fcs\u00fcn\u00fcn T\u00fcrk ve T\u00fcrkl\u00fck d\u00fc\u015fman\u0131 etkinliklerinin hemen durdurulmas\u0131 en g\u00fcncel sorun olmu\u015ftur.<\/p>\n<p>&nbsp;<\/p>\n<p>I.Oturum Ba\u015fkan\u0131 K\u0131rklareli \u00dcniversitesi \u0130lahiyat Fak\u00fcltesi Dekan\u0131 Prof. Dr. Mehet Dalk\u0131l\u0131\u00e7 da yapt\u0131\u011f\u0131 konu\u015fmada en \u00f6nemli hususun e\u011fitim oldu\u011funu ve sadece bizler de\u011fil t\u00fcm yeni neslinin e\u011fitmemiz gerekti\u011fini ifade etti ve \u015f\u00f6yle dedi:<\/p><div id=\"bghab-430591318\" class=\"bghab-icerik-icine-35-paragraf bghab-entity-placement\"><script async src=\"\/\/pagead2.googlesyndication.com\/pagead\/js\/adsbygoogle.js?client=ca-pub-6203283170189293\" crossorigin=\"anonymous\"><\/script><ins class=\"adsbygoogle\" style=\"display:block; text-align:center;\" data-ad-client=\"ca-pub-6203283170189293\" \ndata-ad-slot=\"7303146466\" \ndata-ad-layout=\"in-article\"\ndata-ad-format=\"fluid\" data-full-width-responsive=\"true\"><\/ins>\n<script> \n(adsbygoogle = window.adsbygoogle || []).push({}); \n<\/script>\n<\/div>\n<p>&nbsp;<\/p>\n<p><strong>\u201cAnadilimiz, \u00f6zg\u00fcn k\u00fclt\u00fcr\u00fcm\u00fcz, ibadet haklar\u0131m\u0131z ve tarihi miras\u0131m\u0131z tehdit ve tehlike alt\u0131ndad\u0131r.\u201d<\/strong><\/p>\n<p>&nbsp;<\/p>\n<p><strong>Bursa\u2019dan Sempozyuma kat\u0131lan Ay\u015fe Hac\u0131o\u011flu da yapt\u0131\u011f\u0131 konu\u015fmada,<\/strong> \u201cBulgaristan\u2019da ya\u015fayan T\u00fcrk \u00e7ocuklar\u0131n\u0131n ana dil T\u00fcrk\u00e7e e\u011fitim ve \u00f6\u011frenme problemlerini dile getirdi.\u00a0Bu g\u00fcn Bulgaristan\u2019da \u00f6zellikle k\u00f6ylerde ya\u015fayan \u00e7ocuklar\u0131n, \u00a0Bulgarca e\u011fitim almak noktas\u0131nda sorun ya\u015fad\u0131klar\u0131n\u0131\u201d belirtirken, \u201cBu g\u00fcn Bulgaristan\u2019da T\u00fcrk \u00e7ocuklar\u0131na do\u011fru d\u00fcr\u00fcst T\u00fcrk\u00e7e dil e\u011fitimi verilmedi\u011fi i\u00e7in, ayr\u0131ca bu konuda T\u00fcrk\u00e7eleri yeterli olmad\u0131\u011f\u0131ndan, k\u00fclt\u00fcrel yok olu\u015fumuz s\u00f6z konusudur. \u00a0Bu elbette tek sorun de\u011fildir; \u0130badet \u00f6zg\u00fcrl\u00fc\u011f\u00fc, ibadethaneler, tarihi k\u00fclt\u00fcrel miras\u0131m\u0131z ve pek \u00e7ok unsur Avrupa Birli\u011fi kriterlerini hi\u00e7e say\u0131ld\u0131\u011f\u0131ndan g\u00fcvence alt\u0131nda de\u011fil.\u201d dedi.\u00a0 \u0130nsanlar\u0131n ya\u015fad\u0131klar\u0131n\u0131 unutmas\u0131n\u0131n m\u00fcmk\u00fcn olmad\u0131\u011f\u0131n\u0131 ve y\u0131llarca ya\u015fan\u0131lan ac\u0131lar\u0131n haf\u0131zalarda kald\u0131\u011f\u0131n\u0131 ifade eden Hac\u0131o\u011flu s\u00f6zlerini \u015f\u00f6yle s\u00fcrd\u00fcrd\u00fc: \u201c Art\u0131k Bulgaristan\u2019\u0131n i\u00e7inde bulundu\u011fu durumu fark edip burada ya\u015fayan t\u00fcm insanlar\u0131n daha iyi \u015fartlarda ya\u015famaya hakk\u0131 oldu\u011funu fark edip ona g\u00f6re bir karar vermesi gerekiyor. Elbette Bulgaristan\u2019da ya\u015fayan T\u00fcrklerin, Pomaklar\u0131n, Bulgarlar\u0131n k\u0131sacas\u0131 t\u00fcm halk\u0131n haklar\u0131n\u0131n korunmas\u0131, e\u015fit, adil ve \u015feffaf bir \u00fclkede ya\u015famalar\u0131 \u00f6ncelikli olmal\u0131d\u0131r. \u0130nsan haklar\u0131na sayg\u0131l\u0131, r\u00fc\u015fvetin, haks\u0131zl\u0131klar\u0131n olmad\u0131\u011f\u0131 bir \u00fclke olmas\u0131n\u0131 istiyoruz Bulgaristan\u2019\u0131n. Biz T\u00fcrkler y\u00fczy\u0131llar boyu bu topraklarda ya\u015fad\u0131k ve ya\u015famaya devam ediyoruz, edece\u011fiz de. Bulgaristan kopamayaca\u011f\u0131m\u0131z bir yer, \u00f6yleyse art\u0131k silkinmeli ve bir karar vermeliyiz.\u201d<\/p>\n<p>Bulgaristan\u2019dan gelen kat\u0131l\u0131mc\u0131lar, sempozyumda sunulan ANA RAPORU yap\u0131c\u0131, ho\u015fg\u00f6r\u00fcl\u00fc ve yarat\u0131c\u0131 ruhlu buldular. T\u00fcrkiye ile Bulgaristan i\u015fbirli\u011fi yapmadan ne finans ne de ekonomik bunal\u0131mlar\u0131ndan \u00e7\u0131k\u0131\u015f yolu bulunamayaca\u011f\u0131na i\u015faret ettiler. 600 y\u0131l iyi kom\u015fuluk diyar\u0131 olan Balkanlar\u0131n gelece\u011fini belirleyecek olan da yine T\u00fcrk Bulgar dostlu\u011fu ve iyi kom\u015fulu\u011fu olaca\u011f\u0131n\u0131 vurgulad\u0131lar.<\/p>\n<p>Bulgaristan\u2019dan gelen misafirler;<\/p>\n<p>&nbsp;<\/p>\n<p><strong>Menderes KUNGUN, Ulusal T\u00fcrk Birli\u011fi ba\u015fkan\u0131;<\/strong><\/p><div id=\"bghab-784195275\" class=\"bghab-icerik-icine-40-paragraf bghab-entity-placement\"><script async src=\"\/\/pagead2.googlesyndication.com\/pagead\/js\/adsbygoogle.js?client=ca-pub-6203283170189293\" crossorigin=\"anonymous\"><\/script><ins class=\"adsbygoogle\" style=\"display:block; text-align:center;\" data-ad-client=\"ca-pub-6203283170189293\" \ndata-ad-slot=\"7303146466\" \ndata-ad-layout=\"in-article\"\ndata-ad-format=\"fluid\" data-full-width-responsive=\"true\"><\/ins>\n<script> \n(adsbygoogle = window.adsbygoogle || []).push({}); \n<\/script>\n<\/div>\n<p><em>&#8211; Bu sempozyumda olmamdan dolay\u0131 gurur duyuyorum. \u00d6zg\u00fcr bir ortamda ve tarihi \u0130stanbul \u00dcn\u00fcversitesi&#8217;nde bizleri ilgilendiren konular \u00fczerinde konu\u015fma ve\u00a0 tart\u0131\u015fma f\u0131rsatlar\u0131m\u0131z oldu. Bilindi\u011fi gibi, faaliyette bulunan H\u00d6H, Bulgaristan&#8217;daki T\u00fcrk az\u0131nl\u0131\u011f\u0131n\u0131n menfaatlerini korumuyor.\u00a0<\/em><\/p>\n<p><em>Bence yeni veya temizlenmi\u015f bir T\u00fcrk partisi gerekli, t\u00fcm M\u00fcsl\u00fcmanlar\u0131 kapsamal\u0131 ve milli az\u0131nl\u0131\u011f\u0131n birlikteli\u011fini garantilemeli.<\/em><\/p>\n<p><em>Ulusal T\u00fcrk Birli\u011fi (UTB) 2006 y\u0131l\u0131nda kurulmas\u0131na ramen bir t\u00fcrl\u00fc g\u00fcn\u00fcm\u00fcze kadar bir resmiyet kazanmad\u0131, halbuki Avrupa \u0130nsan Haklar\u0131\u00a0 Mahkemesi karar\u0131 ile kuruldu.<\/em><\/p>\n<p><em>Birli\u011fimizin genel hedefi T\u00fcrk az\u0131nl\u0131\u011f\u0131n\u0131n kabul edilmesi, oturtulmas\u0131 ve geli\u015fmesini sa\u011flamak. Bizler Avrupa standartlar\u0131na g\u00f6re b\u00fct\u00fcn insan haklar\u0131n\u0131, T\u00fcrk\u00e7\u00fcl\u00fc\u011f\u00fcn \u00f6z\u00fcn\u00fcn korunmas\u0131 i\u00e7in m\u00fccadele etmekteyiz.<\/em><\/p>\n<p>&nbsp;<\/p>\n<p><strong>Efrem MOLLOV, Pomak Parti Ba\u015fkan\u0131 ve Avrupa &#8220;Pomak&#8221; Enstitusu ba\u015fkan\u0131;<\/strong><\/p><div id=\"bghab-3954803215\" class=\"bghab-icerik-icine-45-paragraf bghab-entity-placement\"><script async src=\"\/\/pagead2.googlesyndication.com\/pagead\/js\/adsbygoogle.js?client=ca-pub-6203283170189293\" crossorigin=\"anonymous\"><\/script><ins class=\"adsbygoogle\" style=\"display:block; text-align:center;\" data-ad-client=\"ca-pub-6203283170189293\" \ndata-ad-slot=\"7303146466\" \ndata-ad-layout=\"in-article\"\ndata-ad-format=\"fluid\" data-full-width-responsive=\"true\"><\/ins>\n<script> \n(adsbygoogle = window.adsbygoogle || []).push({}); \n<\/script>\n<\/div>\n<p><em>&#8211; Bende burada bulunmaktan \u00e7ok sevin\u00e7liyim, \u00e7\u00fcnk\u00fc bir tek T\u00fcrkiye&#8217;deki g\u00f6\u00e7men Pomak karde\u015flerim bunca y\u0131ld\u0131r hi\u00e7 bir zaman herhangi bir asimilasyona u\u011framam\u0131\u015flard\u0131r, bask\u0131 ve z\u00fcll\u00fcm\u00fcn ne oldu\u011funu bilmezler. Benim burada temsil etti\u011fim Avrupa &#8220;Pomak&#8221; Enstitusu, Bulgaristan&#8217;daki Pomaklar\u0131n tek sivil toplum kurulu\u015fudur.<\/em><\/p>\n<p><em>\u0130lk \u00f6nce ben, bizim kurulu\u015fumuzu bu \u00f6nemli organizasyona davet ettikleri i\u00e7in BULT\u00dcRK y\u00f6netimine ve bizzat\u00a0 Say\u0131n Rafet Ulut\u00fcrk&#8217;e te\u015fekk\u00fcr ediyorum. Bilindi\u011fi gibi, biz Pomaklar son 136 y\u0131lda Bulgaristan devleti taraf\u0131ndan yedi kere zoraki asimilasyona u\u011frad\u0131k. Bu vah\u015fi zorbal\u0131\u011f\u0131n halk\u0131m\u0131z\u0131n \u00fczerinde yaratt\u0131\u011f\u0131 tahribatlar\u0131 bir biz biliriz, bir de y\u00fcce Rabbimiz.<\/em><\/p>\n<p><em>1989 y\u0131l\u0131n\u0131n sonunda Pomaklar Sofya&#8217;n\u0131n g\u00f6be\u011finde b\u00fcy\u00fck bir miting yapt\u0131k ve orada bu asimilasyonlar\u0131\u00a0 \u015fiddetle k\u0131nad\u0131k ve isimlerimizin iadesi i\u00e7in m\u00fccadele ettik. \u0130\u015fte bu miting esnas\u0131nda ba\u015f\u0131m\u0131za, yine devlet eliyle, yeni bir zorba getirildi. Sivil polisler e\u015fli\u011finde o beyaz arabadan inen \u015fah\u0131s Medi Doganov&#8217;tu. Son 25 y\u0131ld\u0131r bu \u015fahs\u0131n y\u00f6netti\u011fi DPS partisi Pomaklara kar\u015f\u0131 en b\u00fcy\u00fck asimilasyon politikalar\u0131n\u0131 y\u00fcr\u00fctmektedir. DPS bir devlet partisidir.<\/em><\/p>\n<p><em>Ben \u00fcmit ediyorum ki, Bulgaristan&#8217;daki Pomaklar yak\u0131n zamanda \u00f6zg\u00fcrl\u00fcklerine kavu\u015facakt\u0131r ve b\u00f6ylece halk\u0131m\u0131za y\u00f6nelik bu asimilasyon politikalar\u0131na son verilecektir.<\/em><\/p>\n<p>&nbsp;<\/p>\n<p><strong>Osman B\u00fclb\u00fcl, Ulus Derne\u011fi Ba\u015fkan\u0131;<\/strong><\/p><div id=\"bghab-2467119763\" class=\"bghab-icerik-icine-50-paragraf bghab-entity-placement\"><script async src=\"\/\/pagead2.googlesyndication.com\/pagead\/js\/adsbygoogle.js?client=ca-pub-6203283170189293\" crossorigin=\"anonymous\"><\/script><ins class=\"adsbygoogle\" style=\"display:block; text-align:center;\" data-ad-client=\"ca-pub-6203283170189293\" \ndata-ad-slot=\"7303146466\" \ndata-ad-layout=\"in-article\"\ndata-ad-format=\"fluid\" data-full-width-responsive=\"true\"><\/ins>\n<script> \n(adsbygoogle = window.adsbygoogle || []).push({}); \n<\/script>\n<\/div>\n<p><em>&#8211; Bulgaristan&#8217;da hukuki a\u00e7\u0131dan T\u00fcrk-M\u00fcsl\u00fcman az\u0131nl\u0131\u011f\u0131 yoktur, ne Anayasa&#8217;m\u0131zda, ne de di\u011fer kanunlarda b\u00f6yle bir az\u0131nl\u0131k tan\u0131nm\u0131\u015f de\u011fildir.<\/em><\/p>\n<p><em>Bir imza kampanyas\u0131 d\u00fczenleyerek, Bulgaristan devletine taleplerimizi sunduk. Bu belgede T\u00fcrk ulusal az\u0131nl\u0131\u011f\u0131n\u0131n tan\u0131nmas\u0131n\u0131 istedik. Ayr\u0131ca serbest ulusal tayin hakk\u0131n\u0131 istedik. Anayasa&#8217;da yer alan etnik a\u00e7\u0131dan parti kurma yasa\u011f\u0131n\u0131n kald\u0131r\u0131lmas\u0131, T\u00fcrk okullar\u0131, k\u00fclt\u00fcr evleri ve\u00a0 \u00fcniversiteler a\u00e7\u0131lmas\u0131 taleplerinde bulunduk. Serbest birle\u015fme ve ulusal T\u00fcrk az\u0131nl\u0131\u011f\u0131n\u0131n mensubiyet haklar\u0131m\u0131z\u0131n ihlali nedeniyle Strasburg Avrupa \u0130nsan Haklar\u0131 Mahkemesi&#8217;nde dava a\u00e7t\u0131k ve onun karar\u0131n\u0131 beklemekteyiz.<\/em><\/p>\n<p>Sempozyum kat\u0131l\u0131mc\u0131lar ve bas\u0131n mensuplar\u0131 taraf\u0131ndan y\u00fcksek de\u011ferlendirildi. Yarat\u0131c\u0131 ve ho\u015fg\u00f6r\u00fcl\u00fc ruhun Sofya\u2019ya ta\u015f\u0131nmas\u0131 istendi.<\/p>\n<p><strong>Sempozyumda tebli\u011f sunan konu\u015fmac\u0131lar:<\/strong><\/p>\n<p>Prof. Dr. Mehmet Dalk\u0131l\u0131\u00e7 (K\u0131rklareli \u00dcniversitesi \u0130lahiyat Fak\u00fcltesi Dekan\u0131),<\/p><div id=\"bghab-4188427124\" class=\"bghab-icerik-icine-55-paragraf bghab-entity-placement\"><script async src=\"\/\/pagead2.googlesyndication.com\/pagead\/js\/adsbygoogle.js?client=ca-pub-6203283170189293\" crossorigin=\"anonymous\"><\/script><ins class=\"adsbygoogle\" style=\"display:block; text-align:center;\" data-ad-client=\"ca-pub-6203283170189293\" \ndata-ad-slot=\"7303146466\" \ndata-ad-layout=\"in-article\"\ndata-ad-format=\"fluid\" data-full-width-responsive=\"true\"><\/ins>\n<script> \n(adsbygoogle = window.adsbygoogle || []).push({}); \n<\/script>\n<\/div>\n<p>Alptekin \u00a0Cecherli (Strateji Uzm. \u2013Yazar \u2013 Kocaeli)<\/p>\n<p>Do\u00e7. Dr. Hasine \u015een (\u0130stanbul \u00dcniversitesi),<\/p>\n<p>Prof. Dr. Cengiz Hakov (Bulgaristan \u2013 Sofya),<\/p>\n<p>Do\u00e7. Dr. Aleksey Kalyonski, \u00a0(Sofya Universitesi)<\/p>\n<p>Dr. Erjada Porogonati (Gazi \u00dcniversitesi \u2013 USGAM &#8211; Arnavutluk),<\/p><div id=\"bghab-1712199720\" class=\"bghab-icerik-icine-60-paragraf bghab-entity-placement\"><script async src=\"\/\/pagead2.googlesyndication.com\/pagead\/js\/adsbygoogle.js?client=ca-pub-6203283170189293\" crossorigin=\"anonymous\"><\/script><ins class=\"adsbygoogle\" style=\"display:block; text-align:center;\" data-ad-client=\"ca-pub-6203283170189293\" \ndata-ad-slot=\"7303146466\" \ndata-ad-layout=\"in-article\"\ndata-ad-format=\"fluid\" data-full-width-responsive=\"true\"><\/ins>\n<script> \n(adsbygoogle = window.adsbygoogle || []).push({}); \n<\/script>\n<\/div>\n<p>Ayse Hac\u0131o\u011flu, Aziz \u015eakir (Sabanc\u0131 \u00dcniversitesi \u2013 Sofya \u00dcniversitesi),<\/p>\n<p>R\u00fcstem Avc\u0131 (TRT Sanat\u00e7\u0131s\u0131),<\/p>\n<p>Ahmet T\u00fcz\u00fcn (\u0130stanbul B\u00fcy\u00fck \u015eehir Belediye Ba\u015fkanl\u0131\u011f\u0131 Spor A.\u015e.),<\/p>\n<p>Dr. M\u00fcjgan Deniz (\u0130stanbul \u00dcniversitesi),<\/p>\n<p>Dr. \u0130brahim Karahasan \u00c7\u0131nar, \u00a0(Bulgaristan \u2013 Sofya),<\/p><div id=\"bghab-1723163121\" class=\"bghab-icerik-icine-65-paragraf bghab-entity-placement\"><script async src=\"\/\/pagead2.googlesyndication.com\/pagead\/js\/adsbygoogle.js?client=ca-pub-6203283170189293\" crossorigin=\"anonymous\"><\/script><ins class=\"adsbygoogle\" style=\"display:block; text-align:center;\" data-ad-client=\"ca-pub-6203283170189293\" \ndata-ad-slot=\"7303146466\" \ndata-ad-layout=\"in-article\"\ndata-ad-format=\"fluid\" data-full-width-responsive=\"true\"><\/ins>\n<script> \n(adsbygoogle = window.adsbygoogle || []).push({}); \n<\/script>\n<\/div>\n<p>Abidin Karasu,\u00a0Dr.Metin YURTBA\u015eI-(\u0130stanbul \u00dcniv., \u0130ngiliz Dili ve Edeb.<\/p>\n<p>Efrem Mollov (Avrupa &#8220;Pomak&#8221; Enstitusu Ba\u015fkan\u0131 ve Pomak Partisi Genel Ba\u015fkan\u0131\u2013 Bulgaristan),<\/p>\n<p>Prof. Dr. Ramazan Bi\u00e7er, Sakarya Unv. \u0130lahiyat Fak. Temel \u0130slam Bilimleri Anabilim Dal\u0131 Ba\u015fkan\u0131<\/p>\n<p>Alpay Din\u00e7er,\u00a0 \u0130smail Cing\u00f6z,\u00a0Bojidar \u00c7\u0130POF<\/p>\n<p>Dr.Necdi \u00d6ZT\u00dcRK, Sabri \u0130skender (Bulgaristan T\u00fcrkleri \u0130nsan Haklar\u0131 Savunucular\u0131),<\/p>\n<p>Mehmet Alev, Emel Bal\u0131k\u00e7\u0131,<\/p>\n<p>Dr. Sakin \u00d6ner-\u0130stanbul Lisesi M\u00fcd\u00fcrl\u00fc\u011f\u00fcnden emekli,<\/p>\n<p>\u015eamil Kucur (Ara\u015ft\u0131rmac\u0131 Yazar \u2013 \u0130stanbul),<\/p>\n<p>Menderes Kung\u00fcn-Bulgaristan Ulusal T\u00fcrk Birli\u011fi (UTB) Ba\u015fkan\u0131,,<\/p>\n<p>Osman B\u00fclb\u00fcl \u2013Austriya &#8211; Viena; \u0130<span style=\"color: #3e454c;\">svecte &#8211; Seval \u015eakir<\/span><\/p>\n<p>Ali\u015f Sait \u2013 Bulgaristan Gazeteci yazar,<\/p>\n<p>Celal \u00d6cal &#8211; T\u00fcrk D\u00fcnyas\u0131 K\u00fclt\u00fcr ve \u0130nsan Haklar\u0131 Derne\u011fi.<\/p>\n<p>&nbsp;<\/p>\n<p>&nbsp;<\/p>\n<div id=\"bghab-2734443688\" class=\"bghab-yazi-altinda bghab-entity-placement\"><script async src=\"https:\/\/pagead2.googlesyndication.com\/pagead\/js\/adsbygoogle.js\"><\/script>\r\n<!-- bghaber-yaz\u0131-sonu -->\r\n<ins class=\"adsbygoogle\"\r\n     style=\"display:block\"\r\n     data-ad-client=\"ca-pub-6203283170189293\"\r\n     data-ad-slot=\"4222328180\"\r\n     data-ad-format=\"auto\"\r\n     data-full-width-responsive=\"true\"><\/ins>\r\n<script>\r\n     (adsbygoogle = window.adsbygoogle || []).push({});\r\n<\/script><\/div><br style=\"clear: both; display: block; float: none;\"\/>","protected":false},"excerpt":{"rendered":"<p>20\u201321 Haziran 2014 tarihlerinde \u0130stanbul\u2019da \u0130stanbul \u00dcniversitesi Avrasya Enstit\u00fcs\u00fc Salonu\u2019nda \u201c1989 g\u00f6\u00e7\u00fcn\u00fcn 25.y\u0131l\u0131 Uluslararas\u0131 Bulgaristan Sempozyumu\u201d d\u00fczenlendi. Sempozyum \u0130stanbul \u00dcniversitesi, Bulgaristan Stratejik Ara\u015ft\u0131rma Merkezi (BG<\/p>\n","protected":false},"author":13,"featured_media":10529,"comment_status":"closed","ping_status":"closed","sticky":false,"template":"","format":"standard","meta":{"advanced_seo_description":"","jetpack_seo_html_title":"","jetpack_seo_noindex":false,"jetpack_seo_schema_type":"","_jetpack_newsletter_access":"","_jetpack_dont_email_post_to_subs":false,"_jetpack_newsletter_tier_id":0,"_jetpack_memberships_contains_paywalled_content":false,"_jetpack_feature_clip_id":0,"_jetpack_memberships_contains_paid_content":false,"footnotes":"","jetpack_post_was_ever_published":false},"categories":[4],"tags":[592,30,37],"class_list":["post-10528","post","type-post","status-publish","format-standard","has-post-thumbnail","hentry","category-siyaset","tag-bgsam","tag-bulgaristan","tag-bulturk"],"jetpack_sharing_enabled":true,"jetpack_likes_enabled":true,"jetpack-related-posts":[],"jetpack_shortlink":"https:\/\/wp.me\/pc2PfJ-2JO","jetpack_featured_media_url":"https:\/\/i0.wp.com\/www.bghaber.org\/bghaber\/wp-content\/uploads\/2014\/06\/2014062622594017622.jpg?fit=450%2C359&ssl=1","_links":{"self":[{"href":"https:\/\/www.bghaber.org\/bghaber\/wp-json\/wp\/v2\/posts\/10528","targetHints":{"allow":["GET"]}}],"collection":[{"href":"https:\/\/www.bghaber.org\/bghaber\/wp-json\/wp\/v2\/posts"}],"about":[{"href":"https:\/\/www.bghaber.org\/bghaber\/wp-json\/wp\/v2\/types\/post"}],"author":[{"embeddable":true,"href":"https:\/\/www.bghaber.org\/bghaber\/wp-json\/wp\/v2\/users\/13"}],"replies":[{"embeddable":true,"href":"https:\/\/www.bghaber.org\/bghaber\/wp-json\/wp\/v2\/comments?post=10528"}],"version-history":[{"count":0,"href":"https:\/\/www.bghaber.org\/bghaber\/wp-json\/wp\/v2\/posts\/10528\/revisions"}],"wp:featuredmedia":[{"embeddable":true,"href":"https:\/\/www.bghaber.org\/bghaber\/wp-json\/wp\/v2\/media\/10529"}],"wp:attachment":[{"href":"https:\/\/www.bghaber.org\/bghaber\/wp-json\/wp\/v2\/media?parent=10528"}],"wp:term":[{"taxonomy":"category","embeddable":true,"href":"https:\/\/www.bghaber.org\/bghaber\/wp-json\/wp\/v2\/categories?post=10528"},{"taxonomy":"post_tag","embeddable":true,"href":"https:\/\/www.bghaber.org\/bghaber\/wp-json\/wp\/v2\/tags?post=10528"}],"curies":[{"name":"wp","href":"https:\/\/api.w.org\/{rel}","templated":true}]}}