{"id":10525,"date":"2014-06-27T00:28:40","date_gmt":"2014-06-26T21:28:40","guid":{"rendered":"http:\/\/www.bghaber.org\/bghaber\/?p=10525"},"modified":"2014-06-28T15:06:30","modified_gmt":"2014-06-28T12:06:30","slug":"uluslararasi-turkiye-hollanda-iliskileri-sempozyumu","status":"publish","type":"post","link":"https:\/\/www.bghaber.org\/bghaber\/uluslararasi-turkiye-hollanda-iliskileri-sempozyumu\/","title":{"rendered":"Uluslararas\u0131 T\u00fcrkiye-Hollanda \u0130li\u015fkileri Sempozyumu"},"content":{"rendered":"<p id=\"yui_3_16_0_1_1403800255929_151240\" style=\"color: #000000;\"><span id=\"yui_3_16_0_1_1403800255929_151239\"><span id=\"yui_3_16_0_1_1403800255929_151238\">Halk K\u00fclt\u00fcr\u00fc Ara\u015ft\u0131rmalar\u0131 Kurumu ve T\u00fcrkevi Ara\u015ft\u0131rmalar Merkezi, T\u00fcrkiye, Hollanda, Almanya, Azerbaycan ve Ukrayna\u2019dan altm\u0131\u015fa yak\u0131n akademisyen, gazeteci, sivil toplum, d\u00fc\u015f\u00fcnce ve kanaat \u00f6nderlerini, Amsterdam\u2019da ger\u00e7ekle\u015ftirece\u011fi b\u00fcy\u00fck organizasyonla bir araya getiriyor.<\/span><\/span><!--more--><\/p>\n<p id=\"yui_3_16_0_1_1403800255929_151269\" style=\"color: #000000;\"><span id=\"yui_3_16_0_1_1403800255929_151268\"><span id=\"yui_3_16_0_1_1403800255929_151267\"><a href=\"https:\/\/i0.wp.com\/www.bghaber.org\/bghaber\/wp-content\/uploads\/2014\/06\/50_-Yil-Logo.jpg\"><img data-recalc-dims=\"1\" loading=\"lazy\" decoding=\"async\" class=\"alignleft size-medium wp-image-10526\" src=\"https:\/\/i0.wp.com\/www.bghaber.org\/bghaber\/wp-content\/uploads\/2014\/06\/50_-Yil-Logo-300x187.jpg?resize=300%2C187\" alt=\"50_ Yil Logo\" width=\"300\" height=\"187\" \/><\/a>Hollanda\u2019ya T\u00fcrk i\u015f\u00e7i g\u00f6\u00e7\u00fcn\u00fcn 50. Y\u0131l\u0131 m\u00fcnasebetiyle 24 Haziran\u2019da Amsterdam Vrije \u00dcniversitesi\u2019nde \u201cHollanda\u2019ya T\u00fcrk \u0130\u015fg\u00fcc\u00fc G\u00f6\u00e7\u00fcn\u00fcn 50. Y\u0131l\u0131nda Uluslararas\u0131 T\u00fcrkiye &#8211; Hollanda \u0130li\u015fkileri Sempozyumu ve Karma T\u00fcrk Sanatlar\u0131 Sergisi\u201d organizasyonu ger\u00e7ekle\u015fecek.<\/span><\/span><\/p>\n<p id=\"yui_3_16_0_1_1403800255929_151243\" style=\"color: #000000;\"><span id=\"yui_3_16_0_1_1403800255929_151242\"><span id=\"yui_3_16_0_1_1403800255929_151241\">2014 y\u0131l\u0131, T\u00fcrkiye ile Hollanda aras\u0131nda imzalanan ilk misafir i\u015f\u00e7i anla\u015fmas\u0131n\u0131n 50. y\u0131ld\u00f6n\u00fcm\u00fc. Ancak T\u00fc\u0131rkiye \u2013 Hollanda diplomatik ili\u015fkilerinin de 402. y\u0131ld\u00f6n\u00fcm\u00fc. T\u0131pk\u0131 2012 y\u0131l\u0131nda 400 y\u0131ll\u0131k dostluk ili\u015fkilerinde oldu\u011fu gibi bu y\u0131l da iki \u00fclkenin ilgili devlet kurumlar\u0131, \u00fcniversiteleri ve sivil toplum \u00e7al\u0131\u015fanlar\u0131 \u00e7e\u015fitli faaliyetler ger\u00e7ekle\u015ftirecekler. Her faaliyet iki \u00fclke ve toplum ili\u015fkilerine kendi \u00e7ap\u0131nda katk\u0131da bulunacakt\u0131r. \u0130\u015fte bunlardan bir tanesi de 24 Haziran 2014 tarihinde Amsterdam\u2019da Hollanda T\u00fcrkevi Ara\u015ft\u0131rmalar Merkezi ile Halk K\u00fclt\u00fcr\u00fc Ara\u015ft\u0131rmalar\u0131 Kurumu\u2019nun ortakla\u015fa ger\u00e7ekle\u015ftirdi\u011fi; Hollanda\u2019ya T\u00fcrk \u0130\u015fg\u00fcc\u00fc G\u00f6\u00e7\u00fcn\u00fcn 50. Y\u0131l\u0131nda\/T\u00fcrkiye-Hollanda \u0130li\u015fkileri Sempozyumu ve Karma T\u00fcrk Sanatlar\u0131 Sergisi\u2019dir.<\/span><\/span><\/p>\n<p id=\"yui_3_16_0_1_1403800255929_151244\" style=\"color: #000000;\">Amsterdam Vrije Universitesi\u2019nde yap\u0131lacak Sempozyumda \u00f6ncelikle son 50 y\u0131lda ya\u015fanan g\u00f6\u00e7 ve Hollanda\u2019daki T\u00fcrkler ele al\u0131n\u0131rken, ayn\u0131 zamanda 402 y\u0131la tekab\u00fcl eden T\u00fcrkiye Hollanda ili\u015fkilerinin de \u00e7e\u015fitli y\u00f6nleri irdelenecek. Sempozyum\u2019da devamla say\u0131lar\u0131 450 bini bulan Hollandal\u0131 T\u00fcrklerin Hollanda toplumunda farkl\u0131 konumlar\u0131, bu kitlenin Hollanda ekonomisine ve toplumuna sundu\u011fu hizmetler, ayr\u0131ca T\u00fcrkiye ve T\u00fcrk D\u00fcnyas\u0131na \u00e7e\u015fitli yollarla sa\u011flad\u0131klar\u0131 katk\u0131lar \u00fczerinde de durulacakt\u0131r.<\/p>\n<p id=\"yui_3_16_0_1_1403800255929_151273\" style=\"color: #000000;\"><span id=\"yui_3_16_0_1_1403800255929_151272\"><span id=\"yui_3_16_0_1_1403800255929_151271\">Sempozyum\u2019da sunulacak olan bildirilerin baz\u0131lar\u0131 \u015f\u00f6yle: \u201cG\u00f6\u00e7\u00fcn 50. Y\u0131l\u0131nda Hollanda T\u00fcrkiye Tarihsel \u0130li\u015fkilerine Genel Bak\u0131\u015f\u201d; \u201cTarih Bir Anahtar Olabilir mi? Entegrasyon ve Exchange Teorileri Ba\u011flam\u0131nda T\u00fcrkiye -Hollanda\u00a0 \u0130li\u015fkilerinin Analizi; &#8220;G\u00f6\u00e7\u00fcn 50. Y\u0131l\u0131nda Hollanda&#8217;da Entegrasyon ve (Dini) \u00d6zg\u00fcrl\u00fck Tart\u0131\u015fmalar\u0131 Ba\u011flam\u0131nda T\u00fcrkler&#8221;; \u201cK\u00fcreselle\u015fme, \u00c7okk\u00fclt\u00fcrl\u00fcl\u00fck; G\u00f6\u00e7 ve \u00c7eli\u015fkiler\u201d; \u201cG\u00f6\u00e7 ve Kimlik Bilinci Ba\u011flam\u0131nda Hollanda&#8217;da Din Hizmetleri&#8221;; \u201cReform S\u00fcrecinde Avrupa\u2019da Din H\u00fcrriyeti M\u00fccadelesi\u201d; \u201c1960 Sonras\u0131 T\u00fcrk-M\u00fcsl\u00fcman \u0130\u015f\u00e7i G\u00f6\u00e7\u00fcn\u00fcn Entegrasyon ve \u00c7ok K\u00fclt\u00fcrl\u00fcl\u00fck Ba\u011flam\u0131nda Hollanda\u2019daki Entelekt\u00fcel Elitlerin Model Analizi\u201d; \u201cG\u00f6\u00e7 ve Hollanda\u2019da Din ve \u0130lahiyat E\u011fitimi\u201d; \u201cG\u00f6\u00e7 ve Hollanda\u2019da Din ve \u0130lahiyat E\u011fitimi\u201d.<\/span><\/span><\/p><div id=\"bghab-3563627972\" class=\"bghab-icerik-icine bghab-entity-placement\"><script async src=\"\/\/pagead2.googlesyndication.com\/pagead\/js\/adsbygoogle.js?client=ca-pub-6203283170189293\" crossorigin=\"anonymous\"><\/script><ins class=\"adsbygoogle\" style=\"display:block; text-align:center;\" data-ad-client=\"ca-pub-6203283170189293\" \ndata-ad-slot=\"7303146466\" \ndata-ad-layout=\"in-article\"\ndata-ad-format=\"fluid\" data-full-width-responsive=\"true\"><\/ins>\n<script> \n(adsbygoogle = window.adsbygoogle || []).push({}); \n<\/script>\n<\/div>\n<p id=\"yui_3_16_0_1_1403800255929_151276\" style=\"color: #000000;\"><span id=\"yui_3_16_0_1_1403800255929_151275\"><span id=\"yui_3_16_0_1_1403800255929_151274\">Programda ayr\u0131ca Cemile Didem \u00d6ZI\u015eIK KAHKIA, Elif \u00d6ZDO\u011eLAR, Valida PASHAYEVA, Melek \u015eAHAN, \u00d6zlem USLU, \u00c7a\u011fr\u0131 YAL\u00c7IN, Funda YE\u015e\u0130LYURT ve\u00a0 Hacer YILIKO\u011eLU\u2019nun eserlerinden olu\u015fan karma T\u00fcrk Sanatlar\u0131 Sergisi de yer almakta.<\/span><\/span><\/p>\n<p id=\"yui_3_16_0_1_1403800255929_151295\" style=\"color: #000000;\"><span style=\"font-weight: bold;\">Sempozyum saat 10.00\u2019da a\u015fa\u011f\u0131daki yer ve adreste ba\u015flayacakt\u0131r:<\/span><\/p>\n<p id=\"yui_3_16_0_1_1403800255929_151294\" style=\"color: #000000;\"><span id=\"yui_3_16_0_1_1403800255929_151293\"><span id=\"yui_3_16_0_1_1403800255929_151292\" style=\"font-weight: bold;\">Vrije Universiteit ; De Boelelaan 1105, Amsterdam\u00a0<span id=\"yui_3_16_0_1_1403800255929_151291\">1081 HV\u00a0<\/span><\/span><\/span><\/p>\n<p id=\"yui_3_16_0_1_1403800255929_151290\" style=\"color: #000000;\"><em id=\"yui_3_16_0_1_1403800255929_151289\"><span id=\"yui_3_16_0_1_1403800255929_151288\"><span id=\"yui_3_16_0_1_1403800255929_151287\"><span style=\"font-weight: bold;\">Not:\u00a0<\/span>Program\u0131n tamam\u0131\u00a0<a style=\"color: #196ad4;\" href=\"mailto:info@turkevi.nl\" target=\"_blank\" rel=\"nofollow\">info@turkevi.nl<\/a>\u00a0adresinden temin edilebilir.<\/span><\/span><\/em><\/p>\n<div id=\"bghab-51287411\" class=\"bghab-yazi-altinda bghab-entity-placement\"><script async src=\"https:\/\/pagead2.googlesyndication.com\/pagead\/js\/adsbygoogle.js\"><\/script>\r\n<!-- bghaber-yaz\u0131-sonu -->\r\n<ins class=\"adsbygoogle\"\r\n     style=\"display:block\"\r\n     data-ad-client=\"ca-pub-6203283170189293\"\r\n     data-ad-slot=\"4222328180\"\r\n     data-ad-format=\"auto\"\r\n     data-full-width-responsive=\"true\"><\/ins>\r\n<script>\r\n     (adsbygoogle = window.adsbygoogle || []).push({});\r\n<\/script><\/div><br style=\"clear: both; display: block; float: none;\"\/>","protected":false},"excerpt":{"rendered":"<p>Halk K\u00fclt\u00fcr\u00fc Ara\u015ft\u0131rmalar\u0131 Kurumu ve T\u00fcrkevi Ara\u015ft\u0131rmalar Merkezi, T\u00fcrkiye, Hollanda, Almanya, Azerbaycan ve Ukrayna\u2019dan altm\u0131\u015fa yak\u0131n akademisyen, gazeteci, sivil toplum, d\u00fc\u015f\u00fcnce ve kanaat \u00f6nderlerini, Amsterdam\u2019da<\/p>\n","protected":false},"author":13,"featured_media":10526,"comment_status":"closed","ping_status":"closed","sticky":false,"template":"","format":"standard","meta":{"advanced_seo_description":"","jetpack_seo_html_title":"","jetpack_seo_noindex":false,"jetpack_seo_schema_type":"","_jetpack_newsletter_access":"","_jetpack_dont_email_post_to_subs":false,"_jetpack_newsletter_tier_id":0,"_jetpack_memberships_contains_paywalled_content":false,"_jetpack_feature_clip_id":0,"_jetpack_memberships_contains_paid_content":false,"footnotes":"","jetpack_post_was_ever_published":false},"categories":[10],"tags":[],"class_list":["post-10525","post","type-post","status-publish","format-standard","has-post-thumbnail","hentry","category-kultur-sanat"],"jetpack_sharing_enabled":true,"jetpack_likes_enabled":true,"jetpack-related-posts":[],"jetpack_shortlink":"https:\/\/wp.me\/pc2PfJ-2JL","jetpack_featured_media_url":"https:\/\/i0.wp.com\/www.bghaber.org\/bghaber\/wp-content\/uploads\/2014\/06\/50_-Yil-Logo.jpg?fit=2560%2C1600&ssl=1","_links":{"self":[{"href":"https:\/\/www.bghaber.org\/bghaber\/wp-json\/wp\/v2\/posts\/10525","targetHints":{"allow":["GET"]}}],"collection":[{"href":"https:\/\/www.bghaber.org\/bghaber\/wp-json\/wp\/v2\/posts"}],"about":[{"href":"https:\/\/www.bghaber.org\/bghaber\/wp-json\/wp\/v2\/types\/post"}],"author":[{"embeddable":true,"href":"https:\/\/www.bghaber.org\/bghaber\/wp-json\/wp\/v2\/users\/13"}],"replies":[{"embeddable":true,"href":"https:\/\/www.bghaber.org\/bghaber\/wp-json\/wp\/v2\/comments?post=10525"}],"version-history":[{"count":0,"href":"https:\/\/www.bghaber.org\/bghaber\/wp-json\/wp\/v2\/posts\/10525\/revisions"}],"wp:featuredmedia":[{"embeddable":true,"href":"https:\/\/www.bghaber.org\/bghaber\/wp-json\/wp\/v2\/media\/10526"}],"wp:attachment":[{"href":"https:\/\/www.bghaber.org\/bghaber\/wp-json\/wp\/v2\/media?parent=10525"}],"wp:term":[{"taxonomy":"category","embeddable":true,"href":"https:\/\/www.bghaber.org\/bghaber\/wp-json\/wp\/v2\/categories?post=10525"},{"taxonomy":"post_tag","embeddable":true,"href":"https:\/\/www.bghaber.org\/bghaber\/wp-json\/wp\/v2\/tags?post=10525"}],"curies":[{"name":"wp","href":"https:\/\/api.w.org\/{rel}","templated":true}]}}