{"id":10517,"date":"2014-06-26T21:41:36","date_gmt":"2014-06-26T18:41:36","guid":{"rendered":"http:\/\/www.bghaber.org\/bghaber\/?p=10517"},"modified":"2014-06-28T15:15:53","modified_gmt":"2014-06-28T12:15:53","slug":"olu-ruhlar-arasinda-tek-turk","status":"publish","type":"post","link":"https:\/\/www.bghaber.org\/bghaber\/olu-ruhlar-arasinda-tek-turk\/","title":{"rendered":"\u00d6l\u00fc ruhlar aras\u0131nda tek T\u00fcrk"},"content":{"rendered":"<p>Mal\u00fcm 19 haziranda, Parlamento&#8217;da Bulgaristan&#8217;daki T\u00fcrklerin temsilcisi olmad\u0131\u011f\u0131n\u0131 bir kere daha g\u00f6rm\u00fc\u015f olduk.<\/p>\n<p><!--more--><\/p>\n<figure id=\"attachment_1585\" aria-describedby=\"caption-attachment-1585\" style=\"width: 150px\" class=\"wp-caption alignleft\"><a href=\"https:\/\/i0.wp.com\/www.bghaber.org\/bghaber\/wp-content\/uploads\/2013\/05\/images2.jpg\"><img data-recalc-dims=\"1\" loading=\"lazy\" decoding=\"async\" class=\"size-thumbnail wp-image-1585\" src=\"https:\/\/i0.wp.com\/www.bghaber.org\/bghaber\/wp-content\/uploads\/2013\/05\/images2-150x150.jpg?resize=150%2C150\" alt=\"M\u00fcmin Top\u00e7u\" width=\"150\" height=\"150\" srcset=\"https:\/\/i0.wp.com\/www.bghaber.org\/bghaber\/wp-content\/uploads\/2013\/05\/images2.jpg?resize=150%2C150&amp;ssl=1 150w, https:\/\/i0.wp.com\/www.bghaber.org\/bghaber\/wp-content\/uploads\/2013\/05\/images2.jpg?resize=65%2C65&amp;ssl=1 65w\" sizes=\"auto, (max-width: 150px) 100vw, 150px\" \/><\/a><figcaption id=\"caption-attachment-1585\" class=\"wp-caption-text\">M\u00fcmin Top\u00e7u<\/figcaption><\/figure>\n<p>Eski kom\u00fcnist rejimin 1944 &#8211; 1989 y\u0131llar\u0131 aras\u0131nda insanl\u0131\u011fa kar\u015f\u0131 i\u015fledi\u011fi su\u00e7lar\u0131n zaman a\u015f\u0131m\u0131na<\/p>\n<p>u\u011framamas\u0131 tasar\u0131s\u0131n\u0131n yasalla\u015fmas\u0131 i\u00e7in acilen T\u00fcrklerin ve Pomaklar\u0131n oylar\u0131na ihtiya\u00e7 vard\u0131.<\/p>\n<p>&nbsp;<\/p>\n<p>Ama salonda T\u00fcrkler ve Pomaklar ne gezsin?<\/p>\n<p>Me\u011fer deputat tek T\u00fcrk\u00fcm\u00fcz varm\u0131\u015f!<\/p><div id=\"bghab-1570888608\" class=\"bghab-icerik-icine bghab-entity-placement\"><script async src=\"\/\/pagead2.googlesyndication.com\/pagead\/js\/adsbygoogle.js?client=ca-pub-6203283170189293\" crossorigin=\"anonymous\"><\/script><ins class=\"adsbygoogle\" style=\"display:block; text-align:center;\" data-ad-client=\"ca-pub-6203283170189293\" \ndata-ad-slot=\"7303146466\" \ndata-ad-layout=\"in-article\"\ndata-ad-format=\"fluid\" data-full-width-responsive=\"true\"><\/ins>\n<script> \n(adsbygoogle = window.adsbygoogle || []).push({}); \n<\/script>\n<\/div>\n<p>&nbsp;<\/p>\n<p>T\u00fcrklere kar\u015f\u0131 i\u015flenen son isim soyk\u0131r\u0131m\u0131n\u0131n deh\u015fetini<\/p>\n<p>ve zoraki g\u00f6\u00e7\u00fc herhalde camiam\u0131zda unutan yoktur.<\/p>\n<p>&nbsp;<\/p>\n<p>Parlamento&#8217;daki demokrat Bulgarlar\u0131n bir k\u0131sm\u0131<\/p>\n<p>bu yasan\u0131n ge\u00e7mesi i\u00e7in canla ba\u015fla u\u011fra\u015f\u0131rken,<\/p>\n<p>di\u011fer fa\u015fizan deputat ba\u015f\u0131bozuklar\u0131<\/p><div id=\"bghab-3298372611\" class=\"bghab-icerik-icine-10-paragraf bghab-entity-placement\"><script async src=\"\/\/pagead2.googlesyndication.com\/pagead\/js\/adsbygoogle.js?client=ca-pub-6203283170189293\" crossorigin=\"anonymous\"><\/script><ins class=\"adsbygoogle\" style=\"display:block; text-align:center;\" data-ad-client=\"ca-pub-6203283170189293\" \ndata-ad-slot=\"7303146466\" \ndata-ad-layout=\"in-article\"\ndata-ad-format=\"fluid\" data-full-width-responsive=\"true\"><\/ins>\n<script> \n(adsbygoogle = window.adsbygoogle || []).push({}); \n<\/script>\n<\/div>\n<p>utanc\u0131ndan k\u00f6\u015fe bucak t\u0131rnaklar\u0131n\u0131 kemiriyordu<\/p>\n<p>ve gizlenecek s\u0131\u00e7an deli\u011fi ar\u0131yordu.<\/p>\n<p>&nbsp;<\/p>\n<p>\u0130nsanl\u0131\u011f\u0131n \u00f6ld\u00fc\u011f\u00fc an<\/p>\n<p>olarak tarihe ge\u00e7ecek bu onlar\u0131n eylemi.<\/p>\n<p>\u00d6l\u00fc ruhlar Parlamentosunun duvarlar\u0131nda<\/p><div id=\"bghab-2692736832\" class=\"bghab-icerik-icine-15-paragraf bghab-entity-placement\"><script async src=\"\/\/pagead2.googlesyndication.com\/pagead\/js\/adsbygoogle.js?client=ca-pub-6203283170189293\" crossorigin=\"anonymous\"><\/script><ins class=\"adsbygoogle\" style=\"display:block; text-align:center;\" data-ad-client=\"ca-pub-6203283170189293\" \ndata-ad-slot=\"7303146466\" \ndata-ad-layout=\"in-article\"\ndata-ad-format=\"fluid\" data-full-width-responsive=\"true\"><\/ins>\n<script> \n(adsbygoogle = window.adsbygoogle || []).push({}); \n<\/script>\n<\/div>\n<p>bunlar\u0131n isimleri birer hain<\/p>\n<p>ve sat\u0131lm\u0131\u015f olarak \u00e7izilecek.<\/p>\n<p>&nbsp;<\/p>\n<p>Halbuki y\u00fcz binlerce T\u00fcrk ve Pomak<\/p>\n<p>Parlamento&#8217;da ger\u00e7ek temsilcisinin olmas\u0131n\u0131 arzulam\u0131\u015ft\u0131.<\/p>\n<p>&nbsp;<\/p>\n<p>Asl\u0131nda tek bir erkek T\u00fcrk varm\u0131\u015f bu Parlamento&#8217;da.<\/p><div id=\"bghab-4119355781\" class=\"bghab-icerik-icine-20-paragraf bghab-entity-placement\"><script async src=\"\/\/pagead2.googlesyndication.com\/pagead\/js\/adsbygoogle.js?client=ca-pub-6203283170189293\" crossorigin=\"anonymous\"><\/script><ins class=\"adsbygoogle\" style=\"display:block; text-align:center;\" data-ad-client=\"ca-pub-6203283170189293\" \ndata-ad-slot=\"7303146466\" \ndata-ad-layout=\"in-article\"\ndata-ad-format=\"fluid\" data-full-width-responsive=\"true\"><\/ins>\n<script> \n(adsbygoogle = window.adsbygoogle || []).push({}); \n<\/script>\n<\/div>\n<p>Ad\u0131n\u0131 Feriha koymu\u015flar onun.<\/p>\n<p>Ellerini \u00f6perim bac\u0131m!<\/p>\n<p>Bir tek T\u00fcrkl\u00fc\u011f\u00fcn\u00fc inkar etmedi\u011fin i\u00e7in.<\/p>\n<p>&nbsp;<\/p>\n<p>Di\u011ferleri i\u00e7in Fatiha bile okumam!<\/p>\n<p>&nbsp;<\/p>\n<p>&nbsp;<\/p>\n<p>M\u00fcmin Top\u00e7u<\/p><div id=\"bghab-3645262179\" class=\"bghab-icerik-icine-25-paragraf bghab-entity-placement\"><script async src=\"\/\/pagead2.googlesyndication.com\/pagead\/js\/adsbygoogle.js?client=ca-pub-6203283170189293\" crossorigin=\"anonymous\"><\/script><ins class=\"adsbygoogle\" style=\"display:block; text-align:center;\" data-ad-client=\"ca-pub-6203283170189293\" \ndata-ad-slot=\"7303146466\" \ndata-ad-layout=\"in-article\"\ndata-ad-format=\"fluid\" data-full-width-responsive=\"true\"><\/ins>\n<script> \n(adsbygoogle = window.adsbygoogle || []).push({}); \n<\/script>\n<\/div>\n<p>&nbsp;<\/p>\n<p>&nbsp;<\/p>\n<div id=\"bghab-387946172\" class=\"bghab-yazi-altinda bghab-entity-placement\"><script async src=\"https:\/\/pagead2.googlesyndication.com\/pagead\/js\/adsbygoogle.js\"><\/script>\r\n<!-- bghaber-yaz\u0131-sonu -->\r\n<ins class=\"adsbygoogle\"\r\n     style=\"display:block\"\r\n     data-ad-client=\"ca-pub-6203283170189293\"\r\n     data-ad-slot=\"4222328180\"\r\n     data-ad-format=\"auto\"\r\n     data-full-width-responsive=\"true\"><\/ins>\r\n<script>\r\n     (adsbygoogle = window.adsbygoogle || []).push({});\r\n<\/script><\/div><br style=\"clear: both; display: block; float: none;\"\/>","protected":false},"excerpt":{"rendered":"<p>Mal\u00fcm 19 haziranda, Parlamento&#8217;da Bulgaristan&#8217;daki T\u00fcrklerin temsilcisi olmad\u0131\u011f\u0131n\u0131 bir kere daha g\u00f6rm\u00fc\u015f olduk.<\/p>\n","protected":false},"author":13,"featured_media":1585,"comment_status":"closed","ping_status":"closed","sticky":false,"template":"","format":"standard","meta":{"advanced_seo_description":"","jetpack_seo_html_title":"","jetpack_seo_noindex":false,"jetpack_seo_schema_type":"","_jetpack_newsletter_access":"","_jetpack_dont_email_post_to_subs":false,"_jetpack_newsletter_tier_id":0,"_jetpack_memberships_contains_paywalled_content":false,"_jetpack_feature_clip_id":0,"_jetpack_memberships_contains_paid_content":false,"footnotes":"","jetpack_post_was_ever_published":false},"categories":[6],"tags":[30,603],"class_list":["post-10517","post","type-post","status-publish","format-standard","has-post-thumbnail","hentry","category-yorum","tag-bulgaristan","tag-mumin-topcu"],"jetpack_sharing_enabled":true,"jetpack_likes_enabled":true,"jetpack-related-posts":[],"jetpack_shortlink":"https:\/\/wp.me\/pc2PfJ-2JD","jetpack_featured_media_url":"https:\/\/i0.wp.com\/www.bghaber.org\/bghaber\/wp-content\/uploads\/2013\/05\/images2.jpg?fit=256%2C153&ssl=1","_links":{"self":[{"href":"https:\/\/www.bghaber.org\/bghaber\/wp-json\/wp\/v2\/posts\/10517","targetHints":{"allow":["GET"]}}],"collection":[{"href":"https:\/\/www.bghaber.org\/bghaber\/wp-json\/wp\/v2\/posts"}],"about":[{"href":"https:\/\/www.bghaber.org\/bghaber\/wp-json\/wp\/v2\/types\/post"}],"author":[{"embeddable":true,"href":"https:\/\/www.bghaber.org\/bghaber\/wp-json\/wp\/v2\/users\/13"}],"replies":[{"embeddable":true,"href":"https:\/\/www.bghaber.org\/bghaber\/wp-json\/wp\/v2\/comments?post=10517"}],"version-history":[{"count":0,"href":"https:\/\/www.bghaber.org\/bghaber\/wp-json\/wp\/v2\/posts\/10517\/revisions"}],"wp:featuredmedia":[{"embeddable":true,"href":"https:\/\/www.bghaber.org\/bghaber\/wp-json\/wp\/v2\/media\/1585"}],"wp:attachment":[{"href":"https:\/\/www.bghaber.org\/bghaber\/wp-json\/wp\/v2\/media?parent=10517"}],"wp:term":[{"taxonomy":"category","embeddable":true,"href":"https:\/\/www.bghaber.org\/bghaber\/wp-json\/wp\/v2\/categories?post=10517"},{"taxonomy":"post_tag","embeddable":true,"href":"https:\/\/www.bghaber.org\/bghaber\/wp-json\/wp\/v2\/tags?post=10517"}],"curies":[{"name":"wp","href":"https:\/\/api.w.org\/{rel}","templated":true}]}}