{"id":10514,"date":"2014-06-26T20:15:47","date_gmt":"2014-06-26T17:15:47","guid":{"rendered":"http:\/\/www.bghaber.org\/bghaber\/?p=10514"},"modified":"2014-06-28T15:14:15","modified_gmt":"2014-06-28T12:14:15","slug":"300-yil-da-gecse-yine-unutulmayacak","status":"publish","type":"post","link":"https:\/\/www.bghaber.org\/bghaber\/300-yil-da-gecse-yine-unutulmayacak\/","title":{"rendered":"300 y\u0131l da ge\u00e7se yine unutulmayacak"},"content":{"rendered":"<p>Bulgaristan Pomaklar\u0131n\u0131n 1970-72; Bulgaristan T\u00fcrklerinin 1984-89 facias\u0131n\u0131n a\u00e7t\u0131\u011f\u0131 yaralar asla savmayacak, \u00e7ekiler hi\u00e7bir zaman unutulmayacak, \u00fczerimize \u00e7ullanan ve zul\u00fcmle beslenen devlet politikas\u0131na kar\u015f\u0131 her zaman b\u00fct\u00fcn varl\u0131\u011f\u0131m\u0131zla ve g\u00fcc\u00fcm\u00fczle durmaya devam edece\u011fiz. Biz ezilerek bilin\u00e7lendik. Bizim her \u015feyimizi ald\u0131klar\u0131 zaman da onurumuz ve ruhumuz y\u00fcre\u011fimizdeydi. Biz hi\u00e7bir zaman teslim olmad\u0131k. Bizi esir etmeye onlar\u0131 g\u00fc\u00e7leri etmedi ve asla ve hi\u00e7bir zaman yetmeyecektir. \u00d6l\u00fcms\u00fcz bir halk\u0131n onurlu evlatlar\u0131y\u0131z.<!--more--><\/p>\n<p><strong><a href=\"https:\/\/i0.wp.com\/www.bghaber.org\/bghaber\/wp-content\/uploads\/2013\/09\/1-logo-yk.jpg\"><img data-recalc-dims=\"1\" loading=\"lazy\" decoding=\"async\" class=\"alignleft size-thumbnail wp-image-6093\" src=\"https:\/\/i0.wp.com\/www.bghaber.org\/bghaber\/wp-content\/uploads\/2013\/09\/1-logo-yk-150x150.jpg?resize=150%2C150\" alt=\"bg-sam-logo\" width=\"150\" height=\"150\" srcset=\"https:\/\/i0.wp.com\/www.bghaber.org\/bghaber\/wp-content\/uploads\/2013\/09\/1-logo-yk.jpg?resize=150%2C150&amp;ssl=1 150w, https:\/\/i0.wp.com\/www.bghaber.org\/bghaber\/wp-content\/uploads\/2013\/09\/1-logo-yk.jpg?resize=65%2C65&amp;ssl=1 65w, https:\/\/i0.wp.com\/www.bghaber.org\/bghaber\/wp-content\/uploads\/2013\/09\/1-logo-yk.jpg?zoom=2&amp;resize=150%2C150&amp;ssl=1 300w, https:\/\/i0.wp.com\/www.bghaber.org\/bghaber\/wp-content\/uploads\/2013\/09\/1-logo-yk.jpg?zoom=3&amp;resize=150%2C150&amp;ssl=1 450w\" sizes=\"auto, (max-width: 150px) 100vw, 150px\" \/><\/a>Biz \u00f6z\u00fcm\u00fcz\u00fc ya\u015fatma davas\u0131nda hi\u00e7bir an yaln\u0131z de\u011fildik.<\/strong><\/p>\n<p>Kom\u015fu S\u0131rbistan \u015fairleri bizim i\u00e7in hep yazd\u0131.<\/p>\n<p><strong>YANAN Y\u00dcREKLER <\/strong><\/p>\n<p>(Dayanan Kahramanlara)<\/p><div id=\"bghab-2745208876\" class=\"bghab-icerik-icine bghab-entity-placement\"><script async src=\"\/\/pagead2.googlesyndication.com\/pagead\/js\/adsbygoogle.js?client=ca-pub-6203283170189293\" crossorigin=\"anonymous\"><\/script><ins class=\"adsbygoogle\" style=\"display:block; text-align:center;\" data-ad-client=\"ca-pub-6203283170189293\" \ndata-ad-slot=\"7303146466\" \ndata-ad-layout=\"in-article\"\ndata-ad-format=\"fluid\" data-full-width-responsive=\"true\"><\/ins>\n<script> \n(adsbygoogle = window.adsbygoogle || []).push({}); \n<\/script>\n<\/div>\n<p>Vefki Hasan<\/p>\n<p>Dayanamad\u0131 yand\u0131 ince y\u00fcre\u011fin<\/p>\n<p>Bulgar\u2019lar\u0131n gaddarl\u0131klar\u0131na zul\u00fcmlerine<\/p>\n<p>Sava\u015f\u0131m verdin didindin durmadan<\/p>\n<p>\u0130nsanl\u0131k d\u0131\u015f\u0131 buruk, nank\u00f6r duygusuzlu\u011fa<\/p><div id=\"bghab-79496074\" class=\"bghab-icerik-icine-10-paragraf bghab-entity-placement\"><script async src=\"\/\/pagead2.googlesyndication.com\/pagead\/js\/adsbygoogle.js?client=ca-pub-6203283170189293\" crossorigin=\"anonymous\"><\/script><ins class=\"adsbygoogle\" style=\"display:block; text-align:center;\" data-ad-client=\"ca-pub-6203283170189293\" \ndata-ad-slot=\"7303146466\" \ndata-ad-layout=\"in-article\"\ndata-ad-format=\"fluid\" data-full-width-responsive=\"true\"><\/ins>\n<script> \n(adsbygoogle = window.adsbygoogle || []).push({}); \n<\/script>\n<\/div>\n<p>\u00d6zg\u00fcrl\u00fck tad\u0131n\u0131 duyamayanlar\u0131n<\/p>\n<p>Ac\u0131lar\u0131n\u0131 duydun hep<\/p>\n<p>Girdin gecelerin alacakaranl\u0131\u011f\u0131na<\/p>\n<p>Tan a\u011fart\u0131s\u0131yla birlikte<\/p>\n<p>Ya\u015famak i\u00e7in \u00f6lmeyi bilenler kar\u015f\u0131s\u0131nda<\/p><div id=\"bghab-1027628119\" class=\"bghab-icerik-icine-15-paragraf bghab-entity-placement\"><script async src=\"\/\/pagead2.googlesyndication.com\/pagead\/js\/adsbygoogle.js?client=ca-pub-6203283170189293\" crossorigin=\"anonymous\"><\/script><ins class=\"adsbygoogle\" style=\"display:block; text-align:center;\" data-ad-client=\"ca-pub-6203283170189293\" \ndata-ad-slot=\"7303146466\" \ndata-ad-layout=\"in-article\"\ndata-ad-format=\"fluid\" data-full-width-responsive=\"true\"><\/ins>\n<script> \n(adsbygoogle = window.adsbygoogle || []).push({}); \n<\/script>\n<\/div>\n<p>Sen \u00f6lmedin!<\/p>\n<p>Hay\u0131r, hay\u0131r sen \u00f6lemezsin<\/p>\n<p>\u00d6ld\u00fcremez seni ba\u011fnaz dalgalan<\/p>\n<p>Burgaz k\u0131y\u0131lar\u0131nda Karadeniz&#8217;in<\/p>\n<p>Oysa b\u00fcy\u00fck kalbin dayanamad\u0131<\/p><div id=\"bghab-4019975724\" class=\"bghab-icerik-icine-20-paragraf bghab-entity-placement\"><script async src=\"\/\/pagead2.googlesyndication.com\/pagead\/js\/adsbygoogle.js?client=ca-pub-6203283170189293\" crossorigin=\"anonymous\"><\/script><ins class=\"adsbygoogle\" style=\"display:block; text-align:center;\" data-ad-client=\"ca-pub-6203283170189293\" \ndata-ad-slot=\"7303146466\" \ndata-ad-layout=\"in-article\"\ndata-ad-format=\"fluid\" data-full-width-responsive=\"true\"><\/ins>\n<script> \n(adsbygoogle = window.adsbygoogle || []).push({}); \n<\/script>\n<\/div>\n<p>Ac\u0131mas\u0131zca yap\u0131lan \u00e7ekilere<\/p>\n<p>\u00d6l\u00fcm haberini ilk duyuran<\/p>\n<p>Gazetemiz oldu kamuoyuna<\/p>\n<p>Yasaklan\u0131p kesilemeyen, kesilemeyecek anadilinde<\/p>\n<p>Anadilimizde!<\/p><div id=\"bghab-1512898731\" class=\"bghab-icerik-icine-25-paragraf bghab-entity-placement\"><script async src=\"\/\/pagead2.googlesyndication.com\/pagead\/js\/adsbygoogle.js?client=ca-pub-6203283170189293\" crossorigin=\"anonymous\"><\/script><ins class=\"adsbygoogle\" style=\"display:block; text-align:center;\" data-ad-client=\"ca-pub-6203283170189293\" \ndata-ad-slot=\"7303146466\" \ndata-ad-layout=\"in-article\"\ndata-ad-format=\"fluid\" data-full-width-responsive=\"true\"><\/ins>\n<script> \n(adsbygoogle = window.adsbygoogle || []).push({}); \n<\/script>\n<\/div>\n<p>Seni hi\u00e7 g\u00f6rmedim<\/p>\n<p>G\u00f6remedim resmin d\u0131\u015f\u0131nda<\/p>\n<p>G\u00f6renler oldu seni, anlatt\u0131lar hep<\/p>\n<p>Ku\u015flar gibi \u00f6zg\u00fcrl\u00fc\u011fe susan\u0131\u015fl\u0131\u011f\u0131m<\/p>\n<p>Bense yap\u0131tlar\u0131ndan tan\u0131d\u0131m y\u0131lmazl\u0131\u011f\u0131n\u0131<\/p><div id=\"bghab-1022791969\" class=\"bghab-icerik-icine-30-paragraf bghab-entity-placement\"><script async src=\"\/\/pagead2.googlesyndication.com\/pagead\/js\/adsbygoogle.js?client=ca-pub-6203283170189293\" crossorigin=\"anonymous\"><\/script><ins class=\"adsbygoogle\" style=\"display:block; text-align:center;\" data-ad-client=\"ca-pub-6203283170189293\" \ndata-ad-slot=\"7303146466\" \ndata-ad-layout=\"in-article\"\ndata-ad-format=\"fluid\" data-full-width-responsive=\"true\"><\/ins>\n<script> \n(adsbygoogle = window.adsbygoogle || []).push({}); \n<\/script>\n<\/div>\n<p>T\u00fcrkl\u00fck u\u011fruna didindi\u011finden i\u015fsiz, a\u00e7 b\u0131rak\u0131ld\u0131\u011f\u0131n\u0131<\/p>\n<p>T\u00fcm T\u00fcrklerin evinden bark\u0131ndan olup s\u00fcr\u00fcld\u00fc\u011f\u00fcn\u00fc<\/p>\n<p>\u201cBelene\u201d s\u00fcrg\u00fcn kamplar\u0131na kulak verdi\u011fini<\/p>\n<p>\u0130nlemeyen inletilemeyen T\u00fcrkl\u00fck sesini dinledi\u011fini<\/p>\n<p>G\u00f6zya\u015f\u0131 d\u00f6k\u00fcp a\u011f\u0131t yakt\u0131\u011f\u0131n\u0131 soldurulan \u00e7i\u00e7eklerimize<\/p><div id=\"bghab-4133403257\" class=\"bghab-icerik-icine-35-paragraf bghab-entity-placement\"><script async src=\"\/\/pagead2.googlesyndication.com\/pagead\/js\/adsbygoogle.js?client=ca-pub-6203283170189293\" crossorigin=\"anonymous\"><\/script><ins class=\"adsbygoogle\" style=\"display:block; text-align:center;\" data-ad-client=\"ca-pub-6203283170189293\" \ndata-ad-slot=\"7303146466\" \ndata-ad-layout=\"in-article\"\ndata-ad-format=\"fluid\" data-full-width-responsive=\"true\"><\/ins>\n<script> \n(adsbygoogle = window.adsbygoogle || []).push({}); \n<\/script>\n<\/div>\n<p>Rodoplar&#8217;da kas\u0131p kavuran kas\u0131rgayla yok olanlar\u0131m\u0131za<\/p>\n<p>Dayanamad\u0131 yand\u0131 b\u00fcy\u00fck y\u00fcre\u011fin<\/p>\n<p>S\u0131rtlanlar\u0131n sinsice s\u00fcr\u00fcngenli\u011fine<\/p>\n<p>Yi\u011fit\u00e7e direndin s\u00fcr\u00fcncemesiz<\/p>\n<p>Gedik alm\u0131\u015f kay\u0131\u011f\u0131n i\u00e7indeki<\/p><div id=\"bghab-402542906\" class=\"bghab-icerik-icine-40-paragraf bghab-entity-placement\"><script async src=\"\/\/pagead2.googlesyndication.com\/pagead\/js\/adsbygoogle.js?client=ca-pub-6203283170189293\" crossorigin=\"anonymous\"><\/script><ins class=\"adsbygoogle\" style=\"display:block; text-align:center;\" data-ad-client=\"ca-pub-6203283170189293\" \ndata-ad-slot=\"7303146466\" \ndata-ad-layout=\"in-article\"\ndata-ad-format=\"fluid\" data-full-width-responsive=\"true\"><\/ins>\n<script> \n(adsbygoogle = window.adsbygoogle || []).push({}); \n<\/script>\n<\/div>\n<p>Mestanl\u0131in\u0131n, Plevneli&#8217;nin, Deliormanl\u0131&#8217;n\u0131n, Varnal\u0131&#8217;mn&#8230;<\/p>\n<p>\u00d6zg\u00fcrl\u00fck hayk\u0131r\u0131\u015f\u0131na, \u00f6zg\u00fcrl\u00fck susam\u0131\u015fl\u0131\u011f\u0131na<\/p>\n<p>\u0130ki g\u00f6z\u00fc iki \u00e7e\u015fme analar\u0131n kan a\u011flay\u0131\u015flar\u0131na.<\/p>\n<p>\u00c7\u00f6kt\u00fc Balkanlara simsiyah bir bulut<\/p>\n<p>\u0130ki milyon T\u00fcrk&#8217;\u00fc i\u00e7in i\u00e7in a\u011flatt\u0131<\/p><div id=\"bghab-3852314699\" class=\"bghab-icerik-icine-45-paragraf bghab-entity-placement\"><script async src=\"\/\/pagead2.googlesyndication.com\/pagead\/js\/adsbygoogle.js?client=ca-pub-6203283170189293\" crossorigin=\"anonymous\"><\/script><ins class=\"adsbygoogle\" style=\"display:block; text-align:center;\" data-ad-client=\"ca-pub-6203283170189293\" \ndata-ad-slot=\"7303146466\" \ndata-ad-layout=\"in-article\"\ndata-ad-format=\"fluid\" data-full-width-responsive=\"true\"><\/ins>\n<script> \n(adsbygoogle = window.adsbygoogle || []).push({}); \n<\/script>\n<\/div>\n<p>Bo\u011fucu seller d\u00f6k\u00fcld\u00fc \u00e7\u0131rp\u0131nan Karadeniz&#8217; e<\/p>\n<p>Sevgi yelkenini a\u00e7t\u0131n hep<\/p>\n<p>A\u00e7\u0131ld\u0131n umut verici dalgalar\u0131na insanl\u0131\u011f\u0131n<\/p>\n<p>\u0130\u015fitmek istemedin \u00e7at\u0131rdayan topra\u011f\u0131n sesini<\/p>\n<p>Kulak verdin, s\u0131\u011f\u0131nd\u0131n gen\u00e7 k\u0131lar\u0131n ince kalbine<\/p><div id=\"bghab-2211070813\" class=\"bghab-icerik-icine-50-paragraf bghab-entity-placement\"><script async src=\"\/\/pagead2.googlesyndication.com\/pagead\/js\/adsbygoogle.js?client=ca-pub-6203283170189293\" crossorigin=\"anonymous\"><\/script><ins class=\"adsbygoogle\" style=\"display:block; text-align:center;\" data-ad-client=\"ca-pub-6203283170189293\" \ndata-ad-slot=\"7303146466\" \ndata-ad-layout=\"in-article\"\ndata-ad-format=\"fluid\" data-full-width-responsive=\"true\"><\/ins>\n<script> \n(adsbygoogle = window.adsbygoogle || []).push({}); \n<\/script>\n<\/div>\n<p>Kamplardaki gen\u00e7lerin duygular\u0131na<\/p>\n<p>Ta\u015f kesilmi\u015f so\u011fuk bak\u0131\u015flar\u0131na melek y\u00fczl\u00fclerin<\/p>\n<p>Deh\u015fet verici duyup i\u015fittiklerin<\/p>\n<p>Alt \u00fcst etti onursal duygular\u0131n\u0131<\/p>\n<p>Duygular\u0131n\u0131z\u0131!<\/p><div id=\"bghab-2519101757\" class=\"bghab-icerik-icine-55-paragraf bghab-entity-placement\"><script async src=\"\/\/pagead2.googlesyndication.com\/pagead\/js\/adsbygoogle.js?client=ca-pub-6203283170189293\" crossorigin=\"anonymous\"><\/script><ins class=\"adsbygoogle\" style=\"display:block; text-align:center;\" data-ad-client=\"ca-pub-6203283170189293\" \ndata-ad-slot=\"7303146466\" \ndata-ad-layout=\"in-article\"\ndata-ad-format=\"fluid\" data-full-width-responsive=\"true\"><\/ins>\n<script> \n(adsbygoogle = window.adsbygoogle || []).push({}); \n<\/script>\n<\/div>\n<p>\u00dcmitsizli\u011fe y\u00fcz vermedin<\/p>\n<p>Yak\u0131\u015ft\u0131ramad\u0131n \u00fcmitsizli\u011fi b\u00fcy\u00fckl\u00fc\u011f\u00fcne<\/p>\n<p>Dayanamad\u0131n sil\u00e2h\u015for canavarlar\u0131n<\/p>\n<p>Mazlum, eli bo\u015f insanlar\u0131n \u00fcst\u00fcne y\u00fcr\u00fcmesine<\/p>\n<p>Anadilini kesemediler yasayla yasaklarla<\/p><div id=\"bghab-497455975\" class=\"bghab-icerik-icine-60-paragraf bghab-entity-placement\"><script async src=\"\/\/pagead2.googlesyndication.com\/pagead\/js\/adsbygoogle.js?client=ca-pub-6203283170189293\" crossorigin=\"anonymous\"><\/script><ins class=\"adsbygoogle\" style=\"display:block; text-align:center;\" data-ad-client=\"ca-pub-6203283170189293\" \ndata-ad-slot=\"7303146466\" \ndata-ad-layout=\"in-article\"\ndata-ad-format=\"fluid\" data-full-width-responsive=\"true\"><\/ins>\n<script> \n(adsbygoogle = window.adsbygoogle || []).push({}); \n<\/script>\n<\/div>\n<p>Son \u00f6yk\u00fcn\u00fc de bu g\u00fczel dilde yazd\u0131n<\/p>\n<p>Bizse yazd\u0131\u011f\u0131n dilde evrensellik ad\u0131na yay\u0131nlad\u0131k<\/p>\n<p>Onurumuza toz toprak dokundurmadan<\/p>\n<p>Anadilimiz T\u00fcrk\u00e7ede duyurduk d\u00fcnyaya<\/p>\n<p>\u00d6yk\u00fcle\u015fen, \u015fiirle\u015fen y\u0131lmazl\u0131\u011f\u0131n\u0131 yi\u011fitlerin<\/p><div id=\"bghab-3654574442\" class=\"bghab-icerik-icine-65-paragraf bghab-entity-placement\"><script async src=\"\/\/pagead2.googlesyndication.com\/pagead\/js\/adsbygoogle.js?client=ca-pub-6203283170189293\" crossorigin=\"anonymous\"><\/script><ins class=\"adsbygoogle\" style=\"display:block; text-align:center;\" data-ad-client=\"ca-pub-6203283170189293\" \ndata-ad-slot=\"7303146466\" \ndata-ad-layout=\"in-article\"\ndata-ad-format=\"fluid\" data-full-width-responsive=\"true\"><\/ins>\n<script> \n(adsbygoogle = window.adsbygoogle || []).push({}); \n<\/script>\n<\/div>\n<p>Oysa \u00f6zledi\u011fin \u00f6zg\u00fcrl\u00fc\u011fe kavu\u015fmadan son \u00f6yk\u00fcn<\/p>\n<p>Yumdun g\u00f6zlerini!<\/p>\n<p>Ge\u00e7ersizle\u015fen duygular g\u00f6lgelenmesin diye<\/p>\n<p>Dikenle\u015fmesin t\u00fcm g\u00fcller, konmas\u0131n g\u00f6n\u00fcl ku\u015flar\u0131 hep<\/p>\n<p>Atmaca bak\u0131\u015fl\u0131 g\u00f6zlerin \u00f6n\u00fcne<\/p>\n<p>Sen \u00f6lmedin!<\/p>\n<p>Hay\u0131r, hay\u0131r sen \u00f6lemezsin<\/p>\n<p>\u00d6ld\u00fcr\u00fclemez Rumelili insanc\u0131l yi\u011fitler<\/p>\n<p>Y\u0131pranamaz insanc\u0131l sevgi duygular\u0131<\/p>\n<p>K\u00f6rle\u015ftirilemez keskin sevgi bak\u0131\u015flar\u0131 T\u00fcrk\u00fclerin<\/p>\n<p>Ac\u0131 \u00e7ekileri g\u00f6rme yetisi yetti art\u0131k<\/p>\n<p>Yaln\u0131z sana de\u011fil t\u00fcm\u00fcm\u00fcze, t\u00fcm insan severlere<\/p>\n<p>Tomurcukla\u015facak baharlar\u0131 beklemekle<\/p>\n<p>Sonsuzlu\u011fa dek.<\/p>\n<p>G\u00f6z\u00fcn\u00fcn ya\u015f\u0131na bakmad\u0131 yi\u011fit analar\u0131n<\/p>\n<p>\u0130nsanl\u0131k ad\u0131na utan\u00e7 duymad\u0131 akbabalar<\/p>\n<p>Bilginmi\u015f gibi \u00fc\u015f\u00fc\u015ft\u00fc<\/p>\n<p>Sayg\u0131n dedelerimizin mezarlar\u0131na<\/p>\n<p>Elinde kazma k\u00fcrek tahribe etti<\/p>\n<p>Cesetler \u00e7\u0131kard\u0131, etrafa yay\u0131p att\u0131<\/p>\n<p>Y\u00fczy\u0131l\u0131m\u0131z\u0131n y\u00fczkaras\u0131 serseri s\u00fcr\u00fcngenler<\/p>\n<p>Taze \u00e7i\u00e7ekler serpilecek yerde<\/p>\n<p>Kafataslar\u0131, kemikler sa\u00e7\u0131ld\u0131.<\/p>\n<p>K\u00f6kenini ink\u00e2r edenler<\/p>\n<p>Yeni k\u00f6ken arad\u0131 durdu<\/p>\n<p>Vaftiz yolunu ba\u015fkas\u0131na da, zorla zorbayla<\/p>\n<p>Benimsetmek i\u00e7in diretti<\/p>\n<p>Bulamad\u0131 kar\u0131\u015f\u0131msa \u00f6z\u00fcn\u00fc<\/p>\n<p>\u00d6zl\u00fclerin a\u00e7t\u0131rmad\u0131 g\u00f6z\u00fcn\u00fc.<\/p>\n<p>Ger\u00e7ek de\u011ferlerin do\u011frulu\u011fundan habersiz<\/p>\n<p>\u00dclk\u00fcsel i\u00e7 d\u00fcnyas\u0131ndan \u00fcrken insanlar<\/p>\n<p>Harcanan eme\u011fin, parlak sevgi anlam\u0131n\u0131n yitirilmesi<\/p>\n<p>G\u00f6zlerin \u00f6n\u00fcnde t\u00fctmesin diye<\/p>\n<p>Yumdun g\u00f6zlerini yanan y\u00fcreklerimiz ad\u0131na.<\/p>\n<p>&nbsp;<\/p>\n<p>BG-SAM<\/p>\n<div id=\"bghab-3499610474\" class=\"bghab-yazi-altinda bghab-entity-placement\"><script async src=\"https:\/\/pagead2.googlesyndication.com\/pagead\/js\/adsbygoogle.js\"><\/script>\r\n<!-- bghaber-yaz\u0131-sonu -->\r\n<ins class=\"adsbygoogle\"\r\n     style=\"display:block\"\r\n     data-ad-client=\"ca-pub-6203283170189293\"\r\n     data-ad-slot=\"4222328180\"\r\n     data-ad-format=\"auto\"\r\n     data-full-width-responsive=\"true\"><\/ins>\r\n<script>\r\n     (adsbygoogle = window.adsbygoogle || []).push({});\r\n<\/script><\/div><br style=\"clear: both; display: block; float: none;\"\/>","protected":false},"excerpt":{"rendered":"<p>Bulgaristan Pomaklar\u0131n\u0131n 1970-72; Bulgaristan T\u00fcrklerinin 1984-89 facias\u0131n\u0131n a\u00e7t\u0131\u011f\u0131 yaralar asla savmayacak, \u00e7ekiler hi\u00e7bir zaman unutulmayacak, \u00fczerimize \u00e7ullanan ve zul\u00fcmle beslenen devlet politikas\u0131na kar\u015f\u0131 her zaman<\/p>\n","protected":false},"author":13,"featured_media":6093,"comment_status":"closed","ping_status":"closed","sticky":false,"template":"","format":"standard","meta":{"advanced_seo_description":"","jetpack_seo_html_title":"","jetpack_seo_noindex":false,"jetpack_seo_schema_type":"","_jetpack_newsletter_access":"","_jetpack_dont_email_post_to_subs":false,"_jetpack_newsletter_tier_id":0,"_jetpack_memberships_contains_paywalled_content":false,"_jetpack_feature_clip_id":0,"_jetpack_memberships_contains_paid_content":false,"footnotes":"","jetpack_post_was_ever_published":false},"categories":[6],"tags":[30],"class_list":["post-10514","post","type-post","status-publish","format-standard","has-post-thumbnail","hentry","category-yorum","tag-bulgaristan"],"jetpack_sharing_enabled":true,"jetpack_likes_enabled":true,"jetpack-related-posts":[],"jetpack_shortlink":"https:\/\/wp.me\/pc2PfJ-2JA","jetpack_featured_media_url":"https:\/\/i0.wp.com\/www.bghaber.org\/bghaber\/wp-content\/uploads\/2013\/09\/1-logo-yk.jpg?fit=552%2C531&ssl=1","_links":{"self":[{"href":"https:\/\/www.bghaber.org\/bghaber\/wp-json\/wp\/v2\/posts\/10514","targetHints":{"allow":["GET"]}}],"collection":[{"href":"https:\/\/www.bghaber.org\/bghaber\/wp-json\/wp\/v2\/posts"}],"about":[{"href":"https:\/\/www.bghaber.org\/bghaber\/wp-json\/wp\/v2\/types\/post"}],"author":[{"embeddable":true,"href":"https:\/\/www.bghaber.org\/bghaber\/wp-json\/wp\/v2\/users\/13"}],"replies":[{"embeddable":true,"href":"https:\/\/www.bghaber.org\/bghaber\/wp-json\/wp\/v2\/comments?post=10514"}],"version-history":[{"count":0,"href":"https:\/\/www.bghaber.org\/bghaber\/wp-json\/wp\/v2\/posts\/10514\/revisions"}],"wp:featuredmedia":[{"embeddable":true,"href":"https:\/\/www.bghaber.org\/bghaber\/wp-json\/wp\/v2\/media\/6093"}],"wp:attachment":[{"href":"https:\/\/www.bghaber.org\/bghaber\/wp-json\/wp\/v2\/media?parent=10514"}],"wp:term":[{"taxonomy":"category","embeddable":true,"href":"https:\/\/www.bghaber.org\/bghaber\/wp-json\/wp\/v2\/categories?post=10514"},{"taxonomy":"post_tag","embeddable":true,"href":"https:\/\/www.bghaber.org\/bghaber\/wp-json\/wp\/v2\/tags?post=10514"}],"curies":[{"name":"wp","href":"https:\/\/api.w.org\/{rel}","templated":true}]}}