{"id":10510,"date":"2014-06-26T00:39:24","date_gmt":"2014-06-25T21:39:24","guid":{"rendered":"http:\/\/www.bghaber.org\/bghaber\/?p=10510"},"modified":"2014-06-28T15:15:01","modified_gmt":"2014-06-28T12:15:01","slug":"iflas-ettiler-ve-dagiliyorlar","status":"publish","type":"post","link":"https:\/\/www.bghaber.org\/bghaber\/iflas-ettiler-ve-dagiliyorlar\/","title":{"rendered":"\u0130flas ettiler ve da\u011f\u0131l\u0131yorlar"},"content":{"rendered":"<p>Bulgaristan Sosyalist Partisi (BSP) Ba\u015fkan\u0131 Sergey Stani\u015fev Sofya parlamentosunda milletvekili g\u00f6revlerinden ayr\u0131ld\u0131.\u00a0 25 May\u0131s g\u00fcn\u00fc Avrupa Birli\u011fi (AB) parlamentosu vekili se\u00e7ilmi\u015fti. Bir ki\u015fi iki parlamentoda birden mebus olamaz. Yeni g\u00f6revine gitmeyi se\u00e7en Stani\u015fev Sofya meclisinden ayr\u0131l\u0131p Br\u00fcksel\u2019e gidiyor.<!--more--><\/p>\n<p><a href=\"https:\/\/i0.wp.com\/www.bghaber.org\/bghaber\/wp-content\/uploads\/2013\/11\/nedim-birinci.jpg\"><img data-recalc-dims=\"1\" loading=\"lazy\" decoding=\"async\" class=\"alignleft size-thumbnail wp-image-8403\" src=\"https:\/\/i0.wp.com\/www.bghaber.org\/bghaber\/wp-content\/uploads\/2013\/11\/nedim-birinci-150x150.jpg?resize=150%2C150\" alt=\"nedim birinci\" width=\"150\" height=\"150\" srcset=\"https:\/\/i0.wp.com\/www.bghaber.org\/bghaber\/wp-content\/uploads\/2013\/11\/nedim-birinci.jpg?resize=150%2C150&amp;ssl=1 150w, https:\/\/i0.wp.com\/www.bghaber.org\/bghaber\/wp-content\/uploads\/2013\/11\/nedim-birinci.jpg?resize=65%2C65&amp;ssl=1 65w, https:\/\/i0.wp.com\/www.bghaber.org\/bghaber\/wp-content\/uploads\/2013\/11\/nedim-birinci.jpg?zoom=2&amp;resize=150%2C150&amp;ssl=1 300w\" sizes=\"auto, (max-width: 150px) 100vw, 150px\" \/><\/a>En b\u00fcy\u00fck politik parti olan GERB Ba\u015fkan\u0131 Boyko Borisov\u2019un beyan\u0131na g\u00f6re \u201cBulgar devleti \u00e7\u00f6kt\u00fc ve iflas etti. Yerine Uluslar aras\u0131 Para Fonu (\u0130MF) geliyor. Se\u00e7imler Eyl\u00fcl 2014 ortas\u0131nda olacakt\u0131r.<\/p>\n<p><strong>Stani\u015fev Bulgaristan\u2019dan ka\u00e7\u0131yor mu<\/strong>? Yarg\u0131lanmaktan korktu. Evet ka\u00e7\u0131yor. Anla\u015f\u0131lan GERB partisi Ba\u015fkan\u0131 Boyko Borisov\u2019un \u201c<strong>hesap vereceksiniz<\/strong>!\u201d s\u00f6zlerinden korktu. AB milletvekili olunca, AB Parlamentosu Genel Kurulu dokunulmazl\u0131\u011f\u0131n\u0131 kald\u0131rmad\u0131\u011f\u0131 s\u00fcrece yarg\u0131lanam\u0131yor. Bulgaristan\u2019da \u015fimdiye kadar b\u00f6yle bir uygulama olmad\u0131. AB milletvekillerinden hi\u00e7 biri hakk\u0131nda dava a\u00e7\u0131lmad\u0131.<\/p>\n<p>Ba\u015fkan S. Stani\u015fev al\u0131p ba\u015f\u0131n\u0131 ard\u0131na bakmadan giderse, Bulgaristan Sosyalist Partisi (BSP) kim taraf\u0131ndan y\u00f6netilecek? Sorunun cevab\u0131 Stani\u015fev taraf\u0131ndan \u015fahsen \u015f\u00f6yle verildi: \u201c<strong>BSP Ba\u015fkanl\u0131\u011f\u0131ndan istifa etmeyece\u011fim<\/strong>.\u201dO, ayn\u0131 zamanda Avrupa Sosyalistleri\u2019nin (PES) Ba\u015fkan\u0131 g\u00f6revinde de oldu\u011fundan, BSP\u2019den ayr\u0131l\u0131rsa, PES Ba\u015fkanl\u0131\u011f\u0131 g\u00f6revinden de ayr\u0131lmas\u0131 gerekiyor ki, bunu kabul etmedi\u011fini, kendisi bildirdi.<\/p>\n<p>BSP partisi Br\u00fcksel\u2019den y\u00f6netilebilir mi? Bu sorunun yan\u0131t\u0131n\u0131 vermek \u00e7ok zor. \u00c7\u00fcnk\u00fc son 3 y\u0131lda Avrupa Sosyalistlerinin (PES)\u00a0 i\u015flerine \u00e7ok vakit ay\u0131ran S. Stani\u015fev, 2 g\u00fcn Br\u00fcksel\u2019de 3 g\u00fcn Sofya\u2019da \u00e7al\u0131\u015ft\u0131. Kendi partisinin (BSP) problemlerine fazla vakit ay\u0131ramamas\u0131n\u0131n sonu\u00e7lar\u0131 2014\u2019te ortaya hemen \u00e7\u0131kt\u0131.<\/p><div id=\"bghab-1334681210\" class=\"bghab-icerik-icine bghab-entity-placement\"><script async src=\"\/\/pagead2.googlesyndication.com\/pagead\/js\/adsbygoogle.js?client=ca-pub-6203283170189293\" crossorigin=\"anonymous\"><\/script><ins class=\"adsbygoogle\" style=\"display:block; text-align:center;\" data-ad-client=\"ca-pub-6203283170189293\" \ndata-ad-slot=\"7303146466\" \ndata-ad-layout=\"in-article\"\ndata-ad-format=\"fluid\" data-full-width-responsive=\"true\"><\/ins>\n<script> \n(adsbygoogle = window.adsbygoogle || []).push({}); \n<\/script>\n<\/div>\n<ol>\n<li>BSP bu y\u0131l 2 defa par\u00e7aland\u0131. A) Tatyana Don\u00e7ev\u2019a \u00f6nderli\u011finde bir grup BSP\u2019den ayr\u0131ld\u0131. Yeni bir sosyalist ak\u0131m olarak bi\u00e7imlenirken, BSP\u2019nin \u0131slah\u0131 m\u00fcmk\u00fcn olmayan, Bulgaristan\u2019\u0131n sorunlar\u0131n\u0131 alg\u0131lamaktan ve \u00e7\u00f6zmekten \u00e7ok uzak olan, 25 y\u0131ldan beri hi\u00e7bir soruna alternatif bulamad\u0131\u011f\u0131n\u0131, Bat\u0131ya bak\u0131p, Moskova\u2019ya bakarak i\u015f yap\u0131lamayaca\u011f\u0131n\u0131, parti y\u00f6netiminin tamamen yenilenmesi gerekti\u011fini duyurdu. B) \u0130kinci olarak, ABV grubu ad\u0131 alt\u0131nda, eski sosyalist Cumhurba\u015fkan\u0131 Georgi Parvanov y\u00f6netiminde b\u00fcy\u00fck bir grup da BSP\u2019yi terk etti. Avrupa Birli\u011fi se\u00e7imlerine kendi ba\u015f\u0131na girdi, BSP se\u00e7men kitlesinden % 3.28 oy kopard\u0131 ve Stani\u015fev y\u00f6netimindeki sosyalistleri, sa\u011f politika izlemekle, hi\u00e7bir soruna \u00e7\u00f6z\u00fcm bulamamakla su\u00e7lad\u0131. BSP\u2019nin otoriter bir parti olmaya y\u00f6neldi\u011fini duyuran Parvanov, 10 Kas\u0131m 1989\u2019da yasaklanan Todor Jivkov y\u00f6netimindeki kom\u00fcnist partisi (BKP) nin devam\u0131 olan sosyalist parti (BSP) yenile\u015fme ve \u00fclkeyi demokratikle\u015ftirme yolunu a\u00e7acak durumda de\u011fildir ifadelerini kullanarak konu\u015ftu.<\/li>\n<li>S. Stani\u015fev\u2019i milletvekilli\u011finden istifaya zorlayan ana fakt\u00f6rler aras\u0131nda \u015funlar\u0131 da g\u00f6rmek zorunday\u0131z. 1) Moskova, Stani\u015fev\u2019in y\u00f6netti\u011fi BSP partisinin ve Ba\u015fbakan Plamen Oresharski h\u00fck\u00fcmetinin K\u0131r\u0131m ve Ukrayna olaylar\u0131ndaki pasif tutumunu, AB y\u00f6netiminin Rusya\u2019ya yapt\u0131r\u0131m uygulanma politikas\u0131na kar\u015f\u0131 \u00e7\u0131kmamas\u0131n\u0131,\u00a0 Karadeniz b\u00f6lgesi sorunlar\u0131nda Rusya yanl\u0131s\u0131 sert bir politika uygulamaya ba\u015flamay\u0131\u015f\u0131na ele\u015ftirel bakt\u0131. 2) Moskova, b\u00fcy\u00fck \u00e7abalar g\u00f6sterip 300 bin Rus vatanda\u015f\u0131 Varna iline yerle\u015ftirerek, ard\u0131nda milyarlarca Euro yat\u0131r\u0131m projeleri bulunan \u201c<strong>G\u00fcney Ak\u0131m<\/strong>\u201d gaz boru hatt\u0131 konusunda Bulgaristan\u2019\u0131n belirsiz davran\u0131\u015f\u0131ndan rahats\u0131zd\u0131r. 3) Y\u0131llardan beri ask\u0131da olan, hakk\u0131nda halk oylamas\u0131 bile yap\u0131lan \u201cBelene\u201d AES kuruculu\u011fu problemlerinin de uluslar aras\u0131 mahkemelere d\u00fc\u015fmesi Putin y\u00f6netimini huzursuz etmeye devam ediyor. Nihayet reakt\u00f6rleri imal edilmi\u015f olan bu Atom Elektrik Santrali 20 milyar Euro\u2019luk bir yat\u0131r\u0131m olup Rusya Federasyonu\u2019nun Balkan Yar\u0131madas\u0131nda enerji h\u00e2kimiyetini garantileyen bir i\u015ftir. Bu noktalarda Bulgaristan h\u00fck\u00fcmetinin iki kanad\u0131n\u0131 olu\u015fturan (BSP-H\u00d6H \/DPS) ortakl\u0131\u011f\u0131 son haftalarda \u015f\u00f6yle \u00e7atlad\u0131.<\/li>\n<\/ol>\n<p>&nbsp;<\/p>\n<p>a)\u00a0\u00a0\u00a0 H\u00d6H \/ DPS partisinden olup \u201csaraydan y\u00f6netilen\u201d ve mali oligar\u015fi grubuna hizmet eden milletvekili Daniyel Peevski\u2019nin kur\u015funlanarak \u00f6ld\u00fcr\u00fclmek istenmesi politik geli\u015fmeyi iyice kar\u0131\u015ft\u0131rd\u0131. Suikast haz\u0131rlan\u0131rken 3 ki\u015finin tutuklanmas\u0131, sorgulanmas\u0131, ard\u0131ndan cinayet te\u015febb\u00fcs\u00fcn\u00fcn ard\u0131ndan duran \u015fahs\u0131n (<strong>azmettiren<\/strong>), BSP mali oligar\u015fi, grubu lideri Kooperatif Ticaret Bankas\u0131 (BKB) sahibi; en b\u00fcy\u00fck yerli tekelci ortakl\u0131klardan T\u0130M- y\u00f6neticisi Tsvetan Vasilev\u2019in oldu\u011funun iddia edilmesi, h\u00fck\u00fcmetteki dengeleri de iyice bozdu. Bir Avusturya gazetesi \u00fczerinden yay\u0131lan haberde ise, H\u00d6H milletvekili D. Peevski\u2019nin Bulgar bankalar\u0131n\u0131n en b\u00fcy\u00fcn\u00fcn sahibi ve 4.5 milyar levay\u0131 idare eden Tsvetan Vasilev\u2019i \u00f6ld\u00fcrmek i\u00e7in kiral\u0131k katil tuttu\u011fu (<strong>onun da azmettirici durumuna d\u00fc\u015ft\u00fc\u011f\u00fc<\/strong>) haberleri, <strong>h\u00fck\u00fcmet ortaklar\u0131n\u0131 birbirine bakamaz duruma getirdi<\/strong>. B\u00f6ylece Pl.Ore\u015farski h\u00fck\u00fcmetinde ifade bulan BSP \u2013 H\u00d6H politik ortakl\u0131\u011f\u0131 iyice toslad\u0131, k\u0131r\u0131ld\u0131, yere d\u00fc\u015ft\u00fc ve bir daha canlanamamak \u00fczere bitti. K\u0131r\u0131lan testinin bir daha yap\u0131\u015ft\u0131r\u0131lmas\u0131 ve bundan b\u00f6yle bir i\u015fe yaramas\u0131 imk\u00e2ns\u0131zd\u0131r. Bu olaylar\u0131n i\u00e7inde sivrilen en k\u00f6t\u00fc olan \u00f6zellikse, D. Peevski gibi haydut s\u00fcpr\u00fcnt\u00fclerinin, oligar\u015fiye hizmette gayretke\u015fli\u011fi g\u00f6sterirken \u201c<strong>saraya ba\u011fl\u0131<\/strong>\u201d olmalar\u0131d\u0131r. Sonu sonunda sarayda uyuyan k\u00f6pek A. (D\u00f6nek) olsa bile H\u00d6H partisi fahri ba\u015fkan\u0131d\u0131r. Le\u015f kokusu saraydan geliyor. \u00d6yle ki, \u00a0i\u015fler hep H\u00d6H partisine, fahri ya da ger\u00e7ek \u201c<strong>liderine<\/strong>\u201d Bulgaristan T\u00fcrk ve M\u00fcsl\u00fcmanlar\u0131n\u0131n s\u00f6z\u00fcm ona politikay\u0131 kar\u0131\u015ft\u0131rd\u0131\u011f\u0131na ve \u00fclkeyi \u00e7\u00f6kertti\u011fine dayan\u0131yor. Bulgaristan maliyesinin \u00e7\u00f6k\u00fc\u015f\u00fcn\u00fc Rusya oligar\u015fisinin bir ba\u015far\u0131s\u0131 olarak da g\u00f6rmek m\u00fcmk\u00fcnd\u00fcr. \u015eimdiden sonra b\u00fcy\u00fck kavga Uluslar aras\u0131 para fonu ile Moskova aras\u0131nda da k\u0131z\u0131\u015facakt\u0131r. Oysa bir se\u00e7men olarak, toplay\u0131c\u0131 ismine <strong>HASAN AGA<\/strong> denen amcam\u0131z\u0131n \u015fu olup bitenlerin hi\u00e7 birinden haberi yoktur. D\u00f6nen dolaplar\u0131 bilmez ve ilgilenmez olan odur.<\/p>\n<p>b)\u00a0\u00a0\u00a0 BSP art\u0131k bir aya\u011f\u0131 mezarda bir partidir. H\u00d6H ile BSP ayn\u0131 y\u0131l ve ayn\u0131 politik kafalar taraf\u0131ndan kurulmu\u015ftu. BSP\u2019nin\u00a0 ard\u0131ndan H\u00d6H de gider\u00a0 ve yok olur, derken, s\u00f6ylenenler do\u011fru mudur? <strong>Birisi BKP\u2019nin uzant\u0131s\u0131 \u00f6teki ise \u201cDS\u201d nin \u00e7\u00f6mezi olan bu iki parti \u201csiyam ikizi midir?\u201d birisi \u00f6lse \u00f6teki ya\u015fayabilir mi?<\/strong> G\u00fcn\u00fcm\u00fcz\u00fcn politik sorusu tam da budur. Kafalar\u0131 kar\u0131\u015ft\u0131ran problem de budur.<\/p>\n<p><strong>c)\u00a0\u00a0\u00a0 <\/strong>Eyl\u00fcl 2014 sonunda Bulgaristan\u2019da erken parlamento se\u00e7imleri yap\u0131lacak. G\u00f6r\u00fcld\u00fc\u011f\u00fc \u00fczere 25 y\u0131ldan beri politik sahnede rol alan BSP ve H\u00d6H gibi partiler parlamentoya girseler bile bir daha iktidar olamayacakt\u0131r. <strong>Bu durumda yap\u0131lacak olan nedir? \u00d6ncelikle di\u011fer Bulgar partilerinin T\u00fcrklere, Pomaklara ve M\u00fcsl\u00fcman \u00c7ingene karde\u015flerimize ve t\u00fcm \u00f6teki etnik az\u0131nl\u0131klara istedi\u011fi partiye oy verme ve istedi\u011fi politik partiden temsilci ve milletvekili aday\u0131 g\u00f6sterme hakk\u0131 tan\u0131nmal\u0131 ve halka yeni ger\u00e7ekler duyurulmal\u0131d\u0131r. B\u00f6yle bir ad\u0131m\u0131 yasaklayan kanun asl\u0131nda yoktur. Olan bir \u015feyi istemek olmaz. Fakat Milliyet\u00e7ili\u011fi a\u015famayan Bulgar partiler M\u00fcsl\u00fcmanlarla T\u00fcrklerle birlikte olmak, ayn\u0131 adaylara oy verme konusunda s\u0131k\u0131nt\u0131 ya\u015f\u0131yor. T\u00fcrk ve M\u00fcsl\u00fcman adaylar\u0131 listelerine almak istemiyorlar. Eyl\u00fcl 2014 se\u00e7imlerinde i\u015fte bu engeller a\u015f\u0131lmal\u0131d\u0131r. <\/strong><\/p>\n<p><strong>\u00a0Vatan birdir. Meclis bizimdir. Gelecek hepimizindir. Da\u011f\u0131lsan\u0131z ve kendi kendinizi yok etseniz de, yine beraber olmak ve demokrasi ve mutluluk yolunda birlikte y\u00fcr\u00fcmek zorunday\u0131z.\u00a0<\/strong><\/p>\n<p>&nbsp;<\/p>\n<p><strong>Dr.Nedim B\u0130R\u0130NC\u0130<br \/>\n<\/strong><\/p><div id=\"bghab-1491429403\" class=\"bghab-icerik-icine-10-paragraf bghab-entity-placement\"><script async src=\"\/\/pagead2.googlesyndication.com\/pagead\/js\/adsbygoogle.js?client=ca-pub-6203283170189293\" crossorigin=\"anonymous\"><\/script><ins class=\"adsbygoogle\" style=\"display:block; text-align:center;\" data-ad-client=\"ca-pub-6203283170189293\" \ndata-ad-slot=\"7303146466\" \ndata-ad-layout=\"in-article\"\ndata-ad-format=\"fluid\" data-full-width-responsive=\"true\"><\/ins>\n<script> \n(adsbygoogle = window.adsbygoogle || []).push({}); \n<\/script>\n<\/div>\n<div id=\"bghab-1252379224\" class=\"bghab-yazi-altinda bghab-entity-placement\"><script async src=\"https:\/\/pagead2.googlesyndication.com\/pagead\/js\/adsbygoogle.js\"><\/script>\r\n<!-- bghaber-yaz\u0131-sonu -->\r\n<ins class=\"adsbygoogle\"\r\n     style=\"display:block\"\r\n     data-ad-client=\"ca-pub-6203283170189293\"\r\n     data-ad-slot=\"4222328180\"\r\n     data-ad-format=\"auto\"\r\n     data-full-width-responsive=\"true\"><\/ins>\r\n<script>\r\n     (adsbygoogle = window.adsbygoogle || []).push({});\r\n<\/script><\/div><br style=\"clear: both; display: block; float: none;\"\/>","protected":false},"excerpt":{"rendered":"<p>Bulgaristan Sosyalist Partisi (BSP) Ba\u015fkan\u0131 Sergey Stani\u015fev Sofya parlamentosunda milletvekili g\u00f6revlerinden ayr\u0131ld\u0131.\u00a0 25 May\u0131s g\u00fcn\u00fc Avrupa Birli\u011fi (AB) parlamentosu vekili se\u00e7ilmi\u015fti. Bir ki\u015fi iki parlamentoda<\/p>\n","protected":false},"author":13,"featured_media":8403,"comment_status":"closed","ping_status":"closed","sticky":false,"template":"","format":"standard","meta":{"advanced_seo_description":"","jetpack_seo_html_title":"","jetpack_seo_noindex":false,"jetpack_seo_schema_type":"","_jetpack_newsletter_access":"","_jetpack_dont_email_post_to_subs":false,"_jetpack_newsletter_tier_id":0,"_jetpack_memberships_contains_paywalled_content":false,"_jetpack_feature_clip_id":0,"_jetpack_memberships_contains_paid_content":false,"footnotes":"","jetpack_post_was_ever_published":false},"categories":[6],"tags":[],"class_list":["post-10510","post","type-post","status-publish","format-standard","has-post-thumbnail","hentry","category-yorum"],"jetpack_sharing_enabled":true,"jetpack_likes_enabled":true,"jetpack-related-posts":[],"jetpack_shortlink":"https:\/\/wp.me\/pc2PfJ-2Jw","jetpack_featured_media_url":"https:\/\/i0.wp.com\/www.bghaber.org\/bghaber\/wp-content\/uploads\/2013\/11\/nedim-birinci.jpg?fit=432%2C552&ssl=1","_links":{"self":[{"href":"https:\/\/www.bghaber.org\/bghaber\/wp-json\/wp\/v2\/posts\/10510","targetHints":{"allow":["GET"]}}],"collection":[{"href":"https:\/\/www.bghaber.org\/bghaber\/wp-json\/wp\/v2\/posts"}],"about":[{"href":"https:\/\/www.bghaber.org\/bghaber\/wp-json\/wp\/v2\/types\/post"}],"author":[{"embeddable":true,"href":"https:\/\/www.bghaber.org\/bghaber\/wp-json\/wp\/v2\/users\/13"}],"replies":[{"embeddable":true,"href":"https:\/\/www.bghaber.org\/bghaber\/wp-json\/wp\/v2\/comments?post=10510"}],"version-history":[{"count":0,"href":"https:\/\/www.bghaber.org\/bghaber\/wp-json\/wp\/v2\/posts\/10510\/revisions"}],"wp:featuredmedia":[{"embeddable":true,"href":"https:\/\/www.bghaber.org\/bghaber\/wp-json\/wp\/v2\/media\/8403"}],"wp:attachment":[{"href":"https:\/\/www.bghaber.org\/bghaber\/wp-json\/wp\/v2\/media?parent=10510"}],"wp:term":[{"taxonomy":"category","embeddable":true,"href":"https:\/\/www.bghaber.org\/bghaber\/wp-json\/wp\/v2\/categories?post=10510"},{"taxonomy":"post_tag","embeddable":true,"href":"https:\/\/www.bghaber.org\/bghaber\/wp-json\/wp\/v2\/tags?post=10510"}],"curies":[{"name":"wp","href":"https:\/\/api.w.org\/{rel}","templated":true}]}}