{"id":10382,"date":"2014-06-10T23:06:31","date_gmt":"2014-06-10T20:06:31","guid":{"rendered":"http:\/\/www.bghaber.org\/bghaber\/?p=10382"},"modified":"2019-07-10T18:07:23","modified_gmt":"2019-07-10T16:07:23","slug":"tek-rumali-tvnin-sahibine-silahli-saldiri","status":"publish","type":"post","link":"https:\/\/www.bghaber.org\/bghaber\/tek-rumali-tvnin-sahibine-silahli-saldiri\/","title":{"rendered":"Tek Rumali TV&#8217;nin sahibine silahl\u0131 sald\u0131r\u0131"},"content":{"rendered":"<p><span style=\"font-family: Verdana,sans-serif;\"><span style=\"font-size: small;\">Bulgaristan&#8217;da b\u00fcy\u00fck bir izleyici kitlesi bulunan Tek Rumeli TV&#8217;nin sahibi Atilla Baykal silahl\u0131 sald\u0131r\u0131ya u\u011frad\u0131.\u00a0<\/span><\/span><!--more--><a href=\"https:\/\/i0.wp.com\/www.bghaber.org\/bghaber\/wp-content\/uploads\/2014\/06\/tekrumelitv-atilla-baykal.jpg\"><img data-recalc-dims=\"1\" loading=\"lazy\" decoding=\"async\" class=\"alignleft size-medium wp-image-10383\" src=\"https:\/\/i0.wp.com\/www.bghaber.org\/bghaber\/wp-content\/uploads\/2014\/06\/tekrumelitv-atilla-baykal-300x180.jpg?resize=300%2C180\" alt=\"tekrumelitv-atilla-baykal\" width=\"300\" height=\"180\" srcset=\"https:\/\/i0.wp.com\/www.bghaber.org\/bghaber\/wp-content\/uploads\/2014\/06\/tekrumelitv-atilla-baykal.jpg?resize=300%2C180&amp;ssl=1 300w, https:\/\/i0.wp.com\/www.bghaber.org\/bghaber\/wp-content\/uploads\/2014\/06\/tekrumelitv-atilla-baykal.jpg?w=500&amp;ssl=1 500w\" sizes=\"auto, (max-width: 300px) 100vw, 300px\" \/><\/a><\/p>\n<p><span style=\"font-family: Verdana,sans-serif;\"><span style=\"font-size: small;\">Sald\u0131r\u0131, Gaziosmanpa\u015fa Sar\u0131g\u00f6l Mahallesi Ordu Caddesi \u00fczerinde meydana geldi.\u00a0<\/span><\/span><\/p>\n<p><span style=\"font-family: Verdana,sans-serif;\"><span style=\"font-size: small;\">Sald\u0131r\u0131 sonucu Atilla Baykal ile yan\u0131nda bulunan <\/span><\/span><span style=\"font-family: Verdana,sans-serif;\"><span style=\"font-size: small;\">televizyon \u00e7al\u0131\u015fan\u0131 Yavuz Verdi yaraland\u0131. <\/span><\/span><\/p>\n<p><span style=\"font-family: Verdana,sans-serif;\"><span style=\"font-size: small;\">Bacaklar\u0131ndan vurulan yaral\u0131lar\u0131n, durumlar\u0131n\u0131n iyi oldu\u011fu bildirildi.<br \/>\n<\/span><\/span><\/p>\n<p><span style=\"font-family: Verdana,sans-serif;\"><span style=\"font-size: small;\">Baykal ve Verdi, Okmeydan\u0131 E\u011fitim ve Ara\u015ft\u0131rma Hastanesi\u2019ne kald\u0131r\u0131larak tedavi alt\u0131na al\u0131nd\u0131, sald\u0131r\u0131y\u0131 ger\u00e7ekle\u015ftiren \u015fah\u0131slar ise otomobille ka\u00e7arak izlerini kaybettirdi.\u00a0<\/span><\/span><\/p><div id=\"bghab-3878471273\" class=\"bghab-icerik-icine bghab-entity-placement\"><script async src=\"\/\/pagead2.googlesyndication.com\/pagead\/js\/adsbygoogle.js?client=ca-pub-6203283170189293\" crossorigin=\"anonymous\"><\/script><ins class=\"adsbygoogle\" style=\"display:block; text-align:center;\" data-ad-client=\"ca-pub-6203283170189293\" \ndata-ad-slot=\"7303146466\" \ndata-ad-layout=\"in-article\"\ndata-ad-format=\"fluid\" data-full-width-responsive=\"true\"><\/ins>\n<script> \n(adsbygoogle = window.adsbygoogle || []).push({}); \n<\/script>\n<\/div>\n<p><span style=\"font-family: Verdana,sans-serif;\"><span style=\"font-size: small;\">Sald\u0131r\u0131n\u0131n, ticari ili\u015fkiler nedeniyle yap\u0131ld\u0131\u011f\u0131 san\u0131l\u0131yor.\u00a0<\/span><\/span><\/p>\n<p><span style=\"font-family: Verdana,sans-serif;\"><span style=\"font-size: small;\">Ajans Bg<\/span><\/span><\/p>\n<div id=\"bghab-4124458533\" class=\"bghab-yazi-altinda bghab-entity-placement\"><script async src=\"https:\/\/pagead2.googlesyndication.com\/pagead\/js\/adsbygoogle.js\"><\/script>\r\n<!-- bghaber-yaz\u0131-sonu -->\r\n<ins class=\"adsbygoogle\"\r\n     style=\"display:block\"\r\n     data-ad-client=\"ca-pub-6203283170189293\"\r\n     data-ad-slot=\"4222328180\"\r\n     data-ad-format=\"auto\"\r\n     data-full-width-responsive=\"true\"><\/ins>\r\n<script>\r\n     (adsbygoogle = window.adsbygoogle || []).push({});\r\n<\/script><\/div><br style=\"clear: both; display: block; float: none;\"\/>","protected":false},"excerpt":{"rendered":"<p>Bulgaristan&#8217;da b\u00fcy\u00fck bir izleyici kitlesi bulunan Tek Rumeli TV&#8217;nin sahibi Atilla Baykal silahl\u0131 sald\u0131r\u0131ya u\u011frad\u0131.\u00a0<\/p>\n","protected":false},"author":29,"featured_media":10383,"comment_status":"closed","ping_status":"closed","sticky":false,"template":"","format":"standard","meta":{"advanced_seo_description":"","jetpack_seo_html_title":"","jetpack_seo_noindex":false,"jetpack_seo_schema_type":"","_jetpack_newsletter_access":"","_jetpack_dont_email_post_to_subs":false,"_jetpack_newsletter_tier_id":0,"_jetpack_memberships_contains_paywalled_content":false,"_jetpack_feature_clip_id":0,"_jetpack_memberships_contains_paid_content":false,"footnotes":"","jetpack_post_was_ever_published":false},"categories":[5],"tags":[],"class_list":["post-10382","post","type-post","status-publish","format-standard","has-post-thumbnail","hentry","category-yasam"],"jetpack_sharing_enabled":true,"jetpack_likes_enabled":true,"jetpack-related-posts":[],"jetpack_shortlink":"https:\/\/wp.me\/pc2PfJ-2Hs","jetpack_featured_media_url":"https:\/\/i0.wp.com\/www.bghaber.org\/bghaber\/wp-content\/uploads\/2014\/06\/tekrumelitv-atilla-baykal.jpg?fit=500%2C300&ssl=1","_links":{"self":[{"href":"https:\/\/www.bghaber.org\/bghaber\/wp-json\/wp\/v2\/posts\/10382","targetHints":{"allow":["GET"]}}],"collection":[{"href":"https:\/\/www.bghaber.org\/bghaber\/wp-json\/wp\/v2\/posts"}],"about":[{"href":"https:\/\/www.bghaber.org\/bghaber\/wp-json\/wp\/v2\/types\/post"}],"author":[{"embeddable":true,"href":"https:\/\/www.bghaber.org\/bghaber\/wp-json\/wp\/v2\/users\/29"}],"replies":[{"embeddable":true,"href":"https:\/\/www.bghaber.org\/bghaber\/wp-json\/wp\/v2\/comments?post=10382"}],"version-history":[{"count":0,"href":"https:\/\/www.bghaber.org\/bghaber\/wp-json\/wp\/v2\/posts\/10382\/revisions"}],"wp:featuredmedia":[{"embeddable":true,"href":"https:\/\/www.bghaber.org\/bghaber\/wp-json\/wp\/v2\/media\/10383"}],"wp:attachment":[{"href":"https:\/\/www.bghaber.org\/bghaber\/wp-json\/wp\/v2\/media?parent=10382"}],"wp:term":[{"taxonomy":"category","embeddable":true,"href":"https:\/\/www.bghaber.org\/bghaber\/wp-json\/wp\/v2\/categories?post=10382"},{"taxonomy":"post_tag","embeddable":true,"href":"https:\/\/www.bghaber.org\/bghaber\/wp-json\/wp\/v2\/tags?post=10382"}],"curies":[{"name":"wp","href":"https:\/\/api.w.org\/{rel}","templated":true}]}}