{"id":10350,"date":"2014-06-11T21:31:32","date_gmt":"2014-06-11T18:31:32","guid":{"rendered":"http:\/\/www.bghaber.org\/bghaber\/?p=10350"},"modified":"2018-03-25T20:09:52","modified_gmt":"2018-03-25T17:09:52","slug":"bulgaristan-ukraynali-cocuklara-yaz-tatili","status":"publish","type":"post","link":"https:\/\/www.bghaber.org\/bghaber\/bulgaristan-ukraynali-cocuklara-yaz-tatili\/","title":{"rendered":"Bulgaristan Ukraynal\u0131 \u00e7ocuklara yaz tatili"},"content":{"rendered":"<p>H\u00fck\u00fcmet, D\u0131\u015fi\u015fleri Bakanl\u0131\u011f\u0131\u2019n\u0131n b\u00fct\u00e7esi \u00e7er\u00e7evesindeki Kiyev\u2019deki protestolar s\u0131ras\u0131nda hayat\u0131n\u0131 kaybeden Ukrayna vatanda\u015flar\u0131n\u0131n \u00e7ocuklar\u0131 i\u00e7in Bulgar Karadeniz k\u0131y\u0131s\u0131nda yaz tatili d\u00fczenleme i\u00e7in ek harcamalar\u0131 onaylad\u0131.<\/p>\n<p>Bu, h\u00fck\u00fcmetin bas\u0131n merkezince bildirildi. Bu karar, Ukrayna halk\u0131na dost\u00e7a davran\u0131\u015f ve \u00fclkedeki krizden olumsuz neticelerle ba\u015fa \u00e7\u0131kma i\u00e7in uluslararas\u0131 \u00e7abalarla dayan\u0131\u015fma ifadesidir.<\/p>\n<div id=\"bghab-2990073155\" class=\"bghab-yazi-altinda bghab-entity-placement\"><script async src=\"https:\/\/pagead2.googlesyndication.com\/pagead\/js\/adsbygoogle.js\"><\/script>\r\n<!-- bghaber-yaz\u0131-sonu -->\r\n<ins class=\"adsbygoogle\"\r\n     style=\"display:block\"\r\n     data-ad-client=\"ca-pub-6203283170189293\"\r\n     data-ad-slot=\"4222328180\"\r\n     data-ad-format=\"auto\"\r\n     data-full-width-responsive=\"true\"><\/ins>\r\n<script>\r\n     (adsbygoogle = window.adsbygoogle || []).push({});\r\n<\/script><\/div><br style=\"clear: both; display: block; float: none;\"\/>","protected":false},"excerpt":{"rendered":"<p>H\u00fck\u00fcmet, D\u0131\u015fi\u015fleri Bakanl\u0131\u011f\u0131\u2019n\u0131n b\u00fct\u00e7esi \u00e7er\u00e7evesindeki Kiyev\u2019deki protestolar s\u0131ras\u0131nda hayat\u0131n\u0131 kaybeden Ukrayna vatanda\u015flar\u0131n\u0131n \u00e7ocuklar\u0131 i\u00e7in Bulgar Karadeniz k\u0131y\u0131s\u0131nda yaz tatili d\u00fczenleme i\u00e7in ek harcamalar\u0131 onaylad\u0131. Bu,<\/p>\n","protected":false},"author":13,"featured_media":10268,"comment_status":"closed","ping_status":"closed","sticky":false,"template":"","format":"standard","meta":{"advanced_seo_description":"","jetpack_seo_html_title":"","jetpack_seo_noindex":false,"jetpack_seo_schema_type":"","_jetpack_newsletter_access":"","_jetpack_dont_email_post_to_subs":false,"_jetpack_newsletter_tier_id":0,"_jetpack_memberships_contains_paywalled_content":false,"_jetpack_feature_clip_id":0,"_jetpack_memberships_contains_paid_content":false,"footnotes":"","jetpack_post_was_ever_published":false},"categories":[5],"tags":[],"class_list":["post-10350","post","type-post","status-publish","format-standard","has-post-thumbnail","hentry","category-yasam"],"jetpack_sharing_enabled":true,"jetpack_likes_enabled":true,"jetpack-related-posts":[],"jetpack_shortlink":"https:\/\/wp.me\/pc2PfJ-2GW","jetpack_featured_media_url":"https:\/\/i0.wp.com\/www.bghaber.org\/bghaber\/wp-content\/uploads\/2014\/06\/bfdab20ef000ab36b0a7aef6a9fbee84.jpg?fit=850%2C478&ssl=1","_links":{"self":[{"href":"https:\/\/www.bghaber.org\/bghaber\/wp-json\/wp\/v2\/posts\/10350","targetHints":{"allow":["GET"]}}],"collection":[{"href":"https:\/\/www.bghaber.org\/bghaber\/wp-json\/wp\/v2\/posts"}],"about":[{"href":"https:\/\/www.bghaber.org\/bghaber\/wp-json\/wp\/v2\/types\/post"}],"author":[{"embeddable":true,"href":"https:\/\/www.bghaber.org\/bghaber\/wp-json\/wp\/v2\/users\/13"}],"replies":[{"embeddable":true,"href":"https:\/\/www.bghaber.org\/bghaber\/wp-json\/wp\/v2\/comments?post=10350"}],"version-history":[{"count":0,"href":"https:\/\/www.bghaber.org\/bghaber\/wp-json\/wp\/v2\/posts\/10350\/revisions"}],"wp:featuredmedia":[{"embeddable":true,"href":"https:\/\/www.bghaber.org\/bghaber\/wp-json\/wp\/v2\/media\/10268"}],"wp:attachment":[{"href":"https:\/\/www.bghaber.org\/bghaber\/wp-json\/wp\/v2\/media?parent=10350"}],"wp:term":[{"taxonomy":"category","embeddable":true,"href":"https:\/\/www.bghaber.org\/bghaber\/wp-json\/wp\/v2\/categories?post=10350"},{"taxonomy":"post_tag","embeddable":true,"href":"https:\/\/www.bghaber.org\/bghaber\/wp-json\/wp\/v2\/tags?post=10350"}],"curies":[{"name":"wp","href":"https:\/\/api.w.org\/{rel}","templated":true}]}}