{"id":10347,"date":"2014-06-11T21:28:37","date_gmt":"2014-06-11T18:28:37","guid":{"rendered":"http:\/\/www.bghaber.org\/bghaber\/?p=10347"},"modified":"2018-03-25T20:09:17","modified_gmt":"2018-03-25T17:09:17","slug":"basbakana-ortadogu-ve-balkan-uzmani-danismani-ahmet-yildiz-oldu","status":"publish","type":"post","link":"https:\/\/www.bghaber.org\/bghaber\/basbakana-ortadogu-ve-balkan-uzmani-danismani-ahmet-yildiz-oldu\/","title":{"rendered":"Ba\u015fbakan&#8217;\u0131n Ortado\u011fu ve Balkan uzman\u0131 dan\u0131\u015fman\u0131 Ahmet Y\u0131ld\u0131z oldu."},"content":{"rendered":"<p>Ortado\u011fu ve Balkanlar konusundaki uzmanl\u0131\u011f\u0131 ile tan\u0131nan ve Arap\u00e7a bilen B\u00fcy\u00fckel\u00e7i Ahmet Y\u0131ld\u0131z, Ba\u015fbakan Recep\u00a0Tayyip Erdo\u011fan&#8217;\u0131n D\u0131\u015f Politika Ba\u015fdan\u0131\u015fmanl\u0131\u011f\u0131 g\u00f6revine getirildi.<\/p>\n<p>Ba\u015fbakan D\u0131\u015f Politika Dan\u0131\u015fman\u0131 Necati Bigal\u0131, Nisan ay\u0131nda Resmi\u00a0gazete&#8217;de yay\u0131mlanan b\u00fcy\u00fckel\u00e7iler kararnamesi ile T\u00fcrkiye&#8217;nin Prag B\u00fcy\u00fckel\u00e7ili\u011fi g\u00f6revine atanm\u0131\u015ft\u0131. Bigal\u0131&#8217;dan bo\u015falan g\u00f6reve T\u00fcrkiye&#8217;nin\u00a0Saraybosna\u00a0B\u00fcy\u00fckel\u00e7isi olan Ahmet Y\u0131ld\u0131z getirildi. Y\u0131ld\u0131z,\u00a0Ortado\u011fu\u00a0ve Balkanlar konusunda uzmanl\u0131\u011f\u0131 ile tan\u0131n\u0131yor. Erdo\u011fan&#8217;\u0131n b\u00fcy\u00fckel\u00e7iler aras\u0131ndan ba\u015fdan\u0131\u015fman olarak Y\u0131ld\u0131z&#8217;\u0131 tercih etmesi dikkat \u00e7ekti.\u00a0Ankara\u00a0Siyasal Bilgiler Fak\u00fcltesi (M\u00fclkiye) mezunu olan Y\u0131ld\u0131z,\u00a0\u0130ngilizce&#8217;nin yan\u0131s\u0131ra Arap\u00e7a da biliyor.<\/p>\n<div id=\"bghab-2000389805\" class=\"bghab-yazi-altinda bghab-entity-placement\"><script async src=\"https:\/\/pagead2.googlesyndication.com\/pagead\/js\/adsbygoogle.js\"><\/script>\r\n<!-- bghaber-yaz\u0131-sonu -->\r\n<ins class=\"adsbygoogle\"\r\n     style=\"display:block\"\r\n     data-ad-client=\"ca-pub-6203283170189293\"\r\n     data-ad-slot=\"4222328180\"\r\n     data-ad-format=\"auto\"\r\n     data-full-width-responsive=\"true\"><\/ins>\r\n<script>\r\n     (adsbygoogle = window.adsbygoogle || []).push({});\r\n<\/script><\/div><br style=\"clear: both; display: block; float: none;\"\/>","protected":false},"excerpt":{"rendered":"<p>Ortado\u011fu ve Balkanlar konusundaki uzmanl\u0131\u011f\u0131 ile tan\u0131nan ve Arap\u00e7a bilen B\u00fcy\u00fckel\u00e7i Ahmet Y\u0131ld\u0131z, Ba\u015fbakan Recep\u00a0Tayyip Erdo\u011fan&#8217;\u0131n D\u0131\u015f Politika Ba\u015fdan\u0131\u015fmanl\u0131\u011f\u0131 g\u00f6revine getirildi. Ba\u015fbakan D\u0131\u015f Politika Dan\u0131\u015fman\u0131<\/p>\n","protected":false},"author":13,"featured_media":10348,"comment_status":"closed","ping_status":"closed","sticky":false,"template":"","format":"standard","meta":{"advanced_seo_description":"","jetpack_seo_html_title":"","jetpack_seo_noindex":false,"jetpack_seo_schema_type":"","_jetpack_newsletter_access":"","_jetpack_dont_email_post_to_subs":false,"_jetpack_newsletter_tier_id":0,"_jetpack_memberships_contains_paywalled_content":false,"_jetpack_feature_clip_id":0,"_jetpack_memberships_contains_paid_content":false,"footnotes":"","jetpack_post_was_ever_published":false},"categories":[4],"tags":[],"class_list":["post-10347","post","type-post","status-publish","format-standard","has-post-thumbnail","hentry","category-siyaset"],"jetpack_sharing_enabled":true,"jetpack_likes_enabled":true,"jetpack-related-posts":[],"jetpack_shortlink":"https:\/\/wp.me\/pc2PfJ-2GT","jetpack_featured_media_url":"https:\/\/i0.wp.com\/www.bghaber.org\/bghaber\/wp-content\/uploads\/2014\/06\/070620141643411708137_2.jpg?fit=600%2C300&ssl=1","_links":{"self":[{"href":"https:\/\/www.bghaber.org\/bghaber\/wp-json\/wp\/v2\/posts\/10347","targetHints":{"allow":["GET"]}}],"collection":[{"href":"https:\/\/www.bghaber.org\/bghaber\/wp-json\/wp\/v2\/posts"}],"about":[{"href":"https:\/\/www.bghaber.org\/bghaber\/wp-json\/wp\/v2\/types\/post"}],"author":[{"embeddable":true,"href":"https:\/\/www.bghaber.org\/bghaber\/wp-json\/wp\/v2\/users\/13"}],"replies":[{"embeddable":true,"href":"https:\/\/www.bghaber.org\/bghaber\/wp-json\/wp\/v2\/comments?post=10347"}],"version-history":[{"count":0,"href":"https:\/\/www.bghaber.org\/bghaber\/wp-json\/wp\/v2\/posts\/10347\/revisions"}],"wp:featuredmedia":[{"embeddable":true,"href":"https:\/\/www.bghaber.org\/bghaber\/wp-json\/wp\/v2\/media\/10348"}],"wp:attachment":[{"href":"https:\/\/www.bghaber.org\/bghaber\/wp-json\/wp\/v2\/media?parent=10347"}],"wp:term":[{"taxonomy":"category","embeddable":true,"href":"https:\/\/www.bghaber.org\/bghaber\/wp-json\/wp\/v2\/categories?post=10347"},{"taxonomy":"post_tag","embeddable":true,"href":"https:\/\/www.bghaber.org\/bghaber\/wp-json\/wp\/v2\/tags?post=10347"}],"curies":[{"name":"wp","href":"https:\/\/api.w.org\/{rel}","templated":true}]}}