{"id":10345,"date":"2014-06-11T20:55:03","date_gmt":"2014-06-11T17:55:03","guid":{"rendered":"http:\/\/www.bghaber.org\/bghaber\/?p=10345"},"modified":"2014-06-12T22:47:00","modified_gmt":"2014-06-12T19:47:00","slug":"2014-yili-bulgar-turizmi-icin-zor-olacak","status":"publish","type":"post","link":"https:\/\/www.bghaber.org\/bghaber\/2014-yili-bulgar-turizmi-icin-zor-olacak\/","title":{"rendered":"2014 y\u0131l\u0131 Bulgar turizmi i\u00e7in zor olacak"},"content":{"rendered":"<p>Analiz ve De\u011ferlendirme Enstit\u00fcs\u00fc M\u00fcd\u00fcr\u00fc Rumen Draganov, yaz turizm sezonu hakk\u0131ndaki beklentilerle ilgili olarak \u201c2014 y\u0131l\u0131 Bulgar turizmi i\u00e7in zor bir y\u0131l olacak\u201d dedi.<\/p>\n<p>Kendisine g\u00f6re zorluklar, Rusya ve Ukrayna\u2019daki kriz \u00e7er\u00e7evesindeki s\u00fcre\u00e7lerle ilgili netsizlikten, Bulgaristan\u2019daki i\u00e7 ekonomik ve siyasi krizden ve d\u00fcnya \u00e7ap\u0131ndaki ortak mali krizden kaynaklan\u0131yor.<\/p>\n<p>Uzmana g\u00f6re \u015fu an Rusya\u2019dan turist say\u0131s\u0131n\u0131n olas\u0131 azalmas\u0131yla ilgili kayg\u0131lar do\u011fru \u00e7\u0131kmam\u0131\u015ft\u0131r.<\/p>\n<p>S\u00f6zlerine g\u00f6re ama Bat\u0131 Avrupa\u2019dan, \u00f6zellikle de \u0130skandinavya, Hollanda ve Danimarka\u2019dan turist say\u0131s\u0131 ciddi \u00f6l\u00e7\u00fcde azalm\u0131\u015ft\u0131r.<\/p>\n<div id=\"bghab-2980370071\" class=\"bghab-yazi-altinda bghab-entity-placement\"><script async src=\"https:\/\/pagead2.googlesyndication.com\/pagead\/js\/adsbygoogle.js\"><\/script>\r\n<!-- bghaber-yaz\u0131-sonu -->\r\n<ins class=\"adsbygoogle\"\r\n     style=\"display:block\"\r\n     data-ad-client=\"ca-pub-6203283170189293\"\r\n     data-ad-slot=\"4222328180\"\r\n     data-ad-format=\"auto\"\r\n     data-full-width-responsive=\"true\"><\/ins>\r\n<script>\r\n     (adsbygoogle = window.adsbygoogle || []).push({});\r\n<\/script><\/div><br style=\"clear: both; display: block; float: none;\"\/>","protected":false},"excerpt":{"rendered":"<p>Analiz ve De\u011ferlendirme Enstit\u00fcs\u00fc M\u00fcd\u00fcr\u00fc Rumen Draganov, yaz turizm sezonu hakk\u0131ndaki beklentilerle ilgili olarak \u201c2014 y\u0131l\u0131 Bulgar turizmi i\u00e7in zor bir y\u0131l olacak\u201d dedi. Kendisine<\/p>\n","protected":false},"author":13,"featured_media":9453,"comment_status":"closed","ping_status":"closed","sticky":false,"template":"","format":"standard","meta":{"advanced_seo_description":"","jetpack_seo_html_title":"","jetpack_seo_noindex":false,"jetpack_seo_schema_type":"","_jetpack_newsletter_access":"","_jetpack_dont_email_post_to_subs":false,"_jetpack_newsletter_tier_id":0,"_jetpack_memberships_contains_paywalled_content":false,"_jetpack_feature_clip_id":0,"_jetpack_memberships_contains_paid_content":false,"footnotes":"","jetpack_post_was_ever_published":false},"categories":[10],"tags":[],"class_list":["post-10345","post","type-post","status-publish","format-standard","has-post-thumbnail","hentry","category-kultur-sanat"],"jetpack_sharing_enabled":true,"jetpack_likes_enabled":true,"jetpack-related-posts":[],"jetpack_shortlink":"https:\/\/wp.me\/pc2PfJ-2GR","jetpack_featured_media_url":"https:\/\/i0.wp.com\/www.bghaber.org\/bghaber\/wp-content\/uploads\/2014\/04\/kayak-300x224.gif?fit=300%2C224&ssl=1","_links":{"self":[{"href":"https:\/\/www.bghaber.org\/bghaber\/wp-json\/wp\/v2\/posts\/10345","targetHints":{"allow":["GET"]}}],"collection":[{"href":"https:\/\/www.bghaber.org\/bghaber\/wp-json\/wp\/v2\/posts"}],"about":[{"href":"https:\/\/www.bghaber.org\/bghaber\/wp-json\/wp\/v2\/types\/post"}],"author":[{"embeddable":true,"href":"https:\/\/www.bghaber.org\/bghaber\/wp-json\/wp\/v2\/users\/13"}],"replies":[{"embeddable":true,"href":"https:\/\/www.bghaber.org\/bghaber\/wp-json\/wp\/v2\/comments?post=10345"}],"version-history":[{"count":0,"href":"https:\/\/www.bghaber.org\/bghaber\/wp-json\/wp\/v2\/posts\/10345\/revisions"}],"wp:featuredmedia":[{"embeddable":true,"href":"https:\/\/www.bghaber.org\/bghaber\/wp-json\/wp\/v2\/media\/9453"}],"wp:attachment":[{"href":"https:\/\/www.bghaber.org\/bghaber\/wp-json\/wp\/v2\/media?parent=10345"}],"wp:term":[{"taxonomy":"category","embeddable":true,"href":"https:\/\/www.bghaber.org\/bghaber\/wp-json\/wp\/v2\/categories?post=10345"},{"taxonomy":"post_tag","embeddable":true,"href":"https:\/\/www.bghaber.org\/bghaber\/wp-json\/wp\/v2\/tags?post=10345"}],"curies":[{"name":"wp","href":"https:\/\/api.w.org\/{rel}","templated":true}]}}