{"id":10343,"date":"2014-06-11T20:52:04","date_gmt":"2014-06-11T17:52:04","guid":{"rendered":"http:\/\/www.bghaber.org\/bghaber\/?p=10343"},"modified":"2018-03-25T20:08:15","modified_gmt":"2018-03-25T17:08:15","slug":"bulgaristanin-daha-cok-kariyer-diplomati-olacak","status":"publish","type":"post","link":"https:\/\/www.bghaber.org\/bghaber\/bulgaristanin-daha-cok-kariyer-diplomati-olacak\/","title":{"rendered":"Bulgaristan&#8217;\u0131n daha \u00e7ok kariyer diplomat\u0131 olacak"},"content":{"rendered":"<p>H\u00fck\u00fcmet taraf\u0131ndan \u00f6nerilen Diplomatik G\u00f6rev Yasas\u0131\u2019ndaki de\u011fi\u015fiklik Bulgaristan\u2019\u0131n yurtd\u0131\u015f\u0131 temsilciliklerinin kariyer diplomat\u0131 olmayan y\u00f6neticilerinin say\u0131s\u0131n\u0131n y\u00fczde 20\u2019den y\u00fczde 10\u2019a d\u00fc\u015f\u00fcr\u00fclmesini \u00f6ng\u00f6r\u00fcyor.<\/p>\n<p>S\u0131n\u0131rland\u0131rma, yasan\u0131n y\u00fcr\u00fcrl\u00fc\u011fe girmesinden sonra \u00fc\u00e7 y\u0131ll\u0131k bir s\u00fcre i\u00e7erisinde ger\u00e7ek olmal\u0131d\u0131r.<\/p>\n<p>Projeyle D\u0131\u015fi\u015fleri Bakanl\u0131\u011f\u0131 b\u00fct\u00e7esi \u00e7er\u00e7evesinde her y\u0131l yurtd\u0131\u015f\u0131nda bulunan Bulgar vatanda\u015flar\u0131na katk\u0131 i\u00e7in kaynak sa\u011flanmas\u0131 \u00f6neriliyor.<\/p>\n<div id=\"bghab-2819304297\" class=\"bghab-yazi-altinda bghab-entity-placement\"><script async src=\"https:\/\/pagead2.googlesyndication.com\/pagead\/js\/adsbygoogle.js\"><\/script>\r\n<!-- bghaber-yaz\u0131-sonu -->\r\n<ins class=\"adsbygoogle\"\r\n     style=\"display:block\"\r\n     data-ad-client=\"ca-pub-6203283170189293\"\r\n     data-ad-slot=\"4222328180\"\r\n     data-ad-format=\"auto\"\r\n     data-full-width-responsive=\"true\"><\/ins>\r\n<script>\r\n     (adsbygoogle = window.adsbygoogle || []).push({});\r\n<\/script><\/div><br style=\"clear: both; display: block; float: none;\"\/>","protected":false},"excerpt":{"rendered":"<p>H\u00fck\u00fcmet taraf\u0131ndan \u00f6nerilen Diplomatik G\u00f6rev Yasas\u0131\u2019ndaki de\u011fi\u015fiklik Bulgaristan\u2019\u0131n yurtd\u0131\u015f\u0131 temsilciliklerinin kariyer diplomat\u0131 olmayan y\u00f6neticilerinin say\u0131s\u0131n\u0131n y\u00fczde 20\u2019den y\u00fczde 10\u2019a d\u00fc\u015f\u00fcr\u00fclmesini \u00f6ng\u00f6r\u00fcyor. S\u0131n\u0131rland\u0131rma, yasan\u0131n y\u00fcr\u00fcrl\u00fc\u011fe girmesinden<\/p>\n","protected":false},"author":13,"featured_media":26182,"comment_status":"closed","ping_status":"closed","sticky":false,"template":"","format":"standard","meta":{"advanced_seo_description":"","jetpack_seo_html_title":"","jetpack_seo_noindex":false,"jetpack_seo_schema_type":"","_jetpack_newsletter_access":"","_jetpack_dont_email_post_to_subs":false,"_jetpack_newsletter_tier_id":0,"_jetpack_memberships_contains_paywalled_content":false,"_jetpack_feature_clip_id":0,"_jetpack_memberships_contains_paid_content":false,"footnotes":"","jetpack_post_was_ever_published":false},"categories":[4],"tags":[],"class_list":["post-10343","post","type-post","status-publish","format-standard","has-post-thumbnail","hentry","category-siyaset"],"jetpack_sharing_enabled":true,"jetpack_likes_enabled":true,"jetpack-related-posts":[],"jetpack_shortlink":"https:\/\/wp.me\/pc2PfJ-2GP","jetpack_featured_media_url":"https:\/\/i0.wp.com\/www.bghaber.org\/bghaber\/wp-content\/uploads\/2018\/01\/istihdam-seferberlig.jpg?fit=750%2C420&ssl=1","_links":{"self":[{"href":"https:\/\/www.bghaber.org\/bghaber\/wp-json\/wp\/v2\/posts\/10343","targetHints":{"allow":["GET"]}}],"collection":[{"href":"https:\/\/www.bghaber.org\/bghaber\/wp-json\/wp\/v2\/posts"}],"about":[{"href":"https:\/\/www.bghaber.org\/bghaber\/wp-json\/wp\/v2\/types\/post"}],"author":[{"embeddable":true,"href":"https:\/\/www.bghaber.org\/bghaber\/wp-json\/wp\/v2\/users\/13"}],"replies":[{"embeddable":true,"href":"https:\/\/www.bghaber.org\/bghaber\/wp-json\/wp\/v2\/comments?post=10343"}],"version-history":[{"count":0,"href":"https:\/\/www.bghaber.org\/bghaber\/wp-json\/wp\/v2\/posts\/10343\/revisions"}],"wp:featuredmedia":[{"embeddable":true,"href":"https:\/\/www.bghaber.org\/bghaber\/wp-json\/wp\/v2\/media\/26182"}],"wp:attachment":[{"href":"https:\/\/www.bghaber.org\/bghaber\/wp-json\/wp\/v2\/media?parent=10343"}],"wp:term":[{"taxonomy":"category","embeddable":true,"href":"https:\/\/www.bghaber.org\/bghaber\/wp-json\/wp\/v2\/categories?post=10343"},{"taxonomy":"post_tag","embeddable":true,"href":"https:\/\/www.bghaber.org\/bghaber\/wp-json\/wp\/v2\/tags?post=10343"}],"curies":[{"name":"wp","href":"https:\/\/api.w.org\/{rel}","templated":true}]}}